{"id":4457,"date":"2016-09-26T11:03:32","date_gmt":"2016-09-26T15:03:32","guid":{"rendered":"http:\/\/blogdalucianaoliveira.com.br\/blog\/?p=4457"},"modified":"2016-09-26T11:03:32","modified_gmt":"2016-09-26T15:03:32","slug":"tanta-pressa-que-o-ministro-da-justica-antecipa-fases-da-operacao-se-alguem-fugir-e-culpa-dele","status":"publish","type":"post","link":"http:\/\/blogdalucianaoliveira.com.br\/blog\/2016\/09\/26\/tanta-pressa-que-o-ministro-da-justica-antecipa-fases-da-operacao-se-alguem-fugir-e-culpa-dele\/","title":{"rendered":"Tanta pressa que o ministro da justi\u00e7a antecipa fases da opera\u00e7\u00e3o. Se algu\u00e9m fugir, \u00e9 culpa dele"},"content":{"rendered":"<p><img data-recalc-dims=\"1\" loading=\"lazy\" decoding=\"async\" data-attachment-id=\"4463\" data-permalink=\"http:\/\/blogdalucianaoliveira.com.br\/blog\/2016\/09\/26\/tanta-pressa-que-o-ministro-da-justica-antecipa-fases-da-operacao-se-alguem-fugir-e-culpa-dele\/moraes-5\/\" data-orig-file=\"https:\/\/i0.wp.com\/blogdalucianaoliveira.com.br\/blog\/wp-content\/uploads\/2016\/09\/moraes-4.jpg?fit=1000%2C357\" data-orig-size=\"1000,357\" data-comments-opened=\"0\" data-image-meta=\"{&quot;aperture&quot;:&quot;0&quot;,&quot;credit&quot;:&quot;&quot;,&quot;camera&quot;:&quot;&quot;,&quot;caption&quot;:&quot;&quot;,&quot;created_timestamp&quot;:&quot;0&quot;,&quot;copyright&quot;:&quot;&quot;,&quot;focal_length&quot;:&quot;0&quot;,&quot;iso&quot;:&quot;0&quot;,&quot;shutter_speed&quot;:&quot;0&quot;,&quot;title&quot;:&quot;&quot;,&quot;orientation&quot;:&quot;0&quot;}\" data-image-title=\"moraes\" data-image-description=\"\" data-image-caption=\"\" data-medium-file=\"https:\/\/i0.wp.com\/blogdalucianaoliveira.com.br\/blog\/wp-content\/uploads\/2016\/09\/moraes-4.jpg?fit=300%2C107\" data-large-file=\"https:\/\/i0.wp.com\/blogdalucianaoliveira.com.br\/blog\/wp-content\/uploads\/2016\/09\/moraes-4.jpg?fit=600%2C214\" src=\"https:\/\/i0.wp.com\/blogdalucianaoliveira.com.br\/blog\/wp-content\/uploads\/2016\/09\/moraes-4.jpg?resize=600%2C214\" alt=\"moraes\" width=\"600\" height=\"214\" class=\"alignnone size-full wp-image-4463\" \/><\/p>\n<p>MORAES: LAVA JATO N\u00c3O PODE PARAR POR CONTA DE ELEI\u00c7\u00c3O<!--more--><\/p>\n<p>Daniel Mello \u2013 Rep\u00f3rter da Ag\u00eancia Brasil<\/p>\n<p>O ministro da Justi\u00e7a, Alexandre de Moraes, disse hoje (26) que as opera\u00e7\u00f5es da Pol\u00edcia Federal acontecem independentemente do calend\u00e1rio eleitoral. &#8220;N\u00e3o \u00e9 poss\u00edvel que voc\u00ea pare investiga\u00e7\u00f5es que j\u00e1 est\u00e3o em curso em virtude de eventos que ocorrem normalmente no Brasil. As elei\u00e7\u00f5es, de dois em dois anos, s\u00e3o eventos normais, democr\u00e1ticos, j\u00e1 institucionalizados. Se n\u00f3s formos parar sempre, de dois em dois anos, as investiga\u00e7\u00f5es, nunca se vai chegar a lugar nenhum&#8221;, disse ap\u00f3s participar de um semin\u00e1rio sobre corrup\u00e7\u00e3o e lavagem de dinheiro, promovido pela Federa\u00e7\u00e3o Brasileira de Bancos (Febraban), em S\u00e3o Paulo.<\/p>\n<p>Na manh\u00e3 de hoje foi deflagrada a 35\u00aa fase da Opera\u00e7\u00e3o Lava Jato. Chamada de Opera\u00e7\u00e3o Omert\u00e1, um dos alvos \u00e9 o ex-ministro da Fazenda Ant\u00f4nio Palocci, que foi preso temporariamente esta manh\u00e3 em S\u00e3o Paulo. Os policiais cumprem ainda mais dois mandados de pris\u00e3o tempor\u00e1ria, 27 de busca e apreens\u00e3o e 15 de condu\u00e7\u00e3o coercitiva, quando a pessoa \u00e9 levada sob cust\u00f3dia para prestar esclarecimentos e depois \u00e9 liberada.<\/p>\n<p>Palocci<\/p>\n<p>Moraes disse que, como de costume, foi informado da a\u00e7\u00e3o policial por volta das 6h. Ontem (25), ao participar de um evento de campanha em Ribeir\u00e3o Preto (interior paulista), com o deputado federal e candidato a prefeito Duarte Nogueira (PSDB-SP), o ministro disse que haveria uma nova fase da Lava-Jato nesta semana. A cidade \u00e9 terra natal e ber\u00e7o pol\u00edtico de Palocci.<\/p>\n<p>&#8220;Foi uma afirma\u00e7\u00e3o gen\u00e9rica&#8221;, disse Moraes ao negar que tivesse conhecimento antecipado de que o ex-ministro seria um dos alvos da 35\u00aa fase da opera\u00e7\u00e3o. &#8220;Desde que eu assumi, h\u00e1 quase cinco meses, n\u00f3s n\u00e3o tivemos uma semana sem grandes opera\u00e7\u00f5es, porque s\u00e3o necess\u00e1rias&#8221;, acrescentou.<\/p>\n<p>&#8220;N\u00f3s temos uma praxe j\u00e1 montada no minist\u00e9rio de que a partir das 6h da manh\u00e3, as informa\u00e7\u00f5es, n\u00e3o s\u00f3 dessa opera\u00e7\u00e3o, mas de todas que s\u00e3o realizadas no dia s\u00e3o passadas&#8221;, explicou sobre o fluxo de informa\u00e7\u00f5es entre a Pol\u00edcia Federal e o ministro da Justi\u00e7a.<\/p>\n<p>Sigilo el\u00e1stico<\/p>\n<p>Em sua palestra no semin\u00e1rio da Febraban, Moraes defendeu que empresas que contratem com o Poder P\u00fablico, assim como seus s\u00f3cios e diretores, tenham um sigilo banc\u00e1rio mais &#8220;el\u00e1stico&#8221;. Isso facilitaria, de acordo com o ministro, a fiscaliza\u00e7\u00e3o e coibiria a corrup\u00e7\u00e3o. &#8220;O nosso gerente do banco tem acesso ao nosso sigilo banc\u00e1rio, porque ele acessa nossa conta. O que ele n\u00e3o pode \u00e9 divulgar isso. Por que o Minist\u00e9rio P\u00fablico, o Tribunal de Contas e a Justi\u00e7a Eleitoral n\u00e3o podem ter acesso \u00e0s movimenta\u00e7\u00f5es banc\u00e1rias de quem recebe dinheiro p\u00fablico? Quem recebe dinheiro p\u00fablico deve tamb\u00e9m ter o \u00f4nus de prestar contas de forma mais forte&#8221;, ressaltou ao explicar a ideia \u00e0 imprensa.<\/p>\n<p>Segundo Moraes, est\u00e1 sendo elaborada pelo minist\u00e9rio uma proposta de altera\u00e7\u00e3o da legisla\u00e7\u00e3o nesse sentido. Para o ministro, aumentar o n\u00famero de pessoas com acesso ao sigilo n\u00e3o significa, necessariamente, ampliar os riscos de vazamento de dados e informa\u00e7\u00f5es protegidas. &#8220;Voc\u00ea deve fazer um c\u00f3digo de governan\u00e7a. Hoje isso \u00e9 poss\u00edvel tecnologicamente, que cada pessoa que acesse \u00e0 informa\u00e7\u00e3o fique marcada. A partir disso voc\u00ea tem exatamente as pessoas respons\u00e1veis pela informa\u00e7\u00e3o. Porque a quest\u00e3o do sigilo n\u00e3o \u00e9 de conhecimento da informa\u00e7\u00e3o, \u00e9 quest\u00e3o de divulga\u00e7\u00e3o&#8221;.<\/p>\n","protected":false},"excerpt":{"rendered":"<p>MORAES: LAVA JATO N\u00c3O PODE PARAR POR CONTA DE ELEI\u00c7\u00c3O<\/p>\n","protected":false},"author":1,"featured_media":0,"comment_status":"closed","ping_status":"open","sticky":false,"template":"","format":"standard","meta":{"_exactmetrics_skip_tracking":false,"_exactmetrics_sitenote_active":false,"_exactmetrics_sitenote_note":"","_exactmetrics_sitenote_category":0,"jetpack_post_was_ever_published":false,"_jetpack_newsletter_access":"","_jetpack_dont_email_post_to_subs":false,"_jetpack_newsletter_tier_id":0,"_jetpack_memberships_contains_paywalled_content":false,"_jetpack_memberships_contains_paid_content":false,"footnotes":"","jetpack_publicize_message":"","jetpack_publicize_feature_enabled":true,"jetpack_social_post_already_shared":true,"jetpack_social_options":{"image_generator_settings":{"template":"highway","enabled":false},"version":2}},"categories":[1],"tags":[],"class_list":["post-4457","post","type-post","status-publish","format-standard","hentry","category-notas"],"jetpack_publicize_connections":[],"jetpack_sharing_enabled":true,"jetpack_featured_media_url":"","jetpack_shortlink":"https:\/\/wp.me\/p7wKYW-19T","jetpack-related-posts":[],"_links":{"self":[{"href":"http:\/\/blogdalucianaoliveira.com.br\/blog\/wp-json\/wp\/v2\/posts\/4457","targetHints":{"allow":["GET"]}}],"collection":[{"href":"http:\/\/blogdalucianaoliveira.com.br\/blog\/wp-json\/wp\/v2\/posts"}],"about":[{"href":"http:\/\/blogdalucianaoliveira.com.br\/blog\/wp-json\/wp\/v2\/types\/post"}],"author":[{"embeddable":true,"href":"http:\/\/blogdalucianaoliveira.com.br\/blog\/wp-json\/wp\/v2\/users\/1"}],"replies":[{"embeddable":true,"href":"http:\/\/blogdalucianaoliveira.com.br\/blog\/wp-json\/wp\/v2\/comments?post=4457"}],"version-history":[{"count":1,"href":"http:\/\/blogdalucianaoliveira.com.br\/blog\/wp-json\/wp\/v2\/posts\/4457\/revisions"}],"predecessor-version":[{"id":4464,"href":"http:\/\/blogdalucianaoliveira.com.br\/blog\/wp-json\/wp\/v2\/posts\/4457\/revisions\/4464"}],"wp:attachment":[{"href":"http:\/\/blogdalucianaoliveira.com.br\/blog\/wp-json\/wp\/v2\/media?parent=4457"}],"wp:term":[{"taxonomy":"category","embeddable":true,"href":"http:\/\/blogdalucianaoliveira.com.br\/blog\/wp-json\/wp\/v2\/categories?post=4457"},{"taxonomy":"post_tag","embeddable":true,"href":"http:\/\/blogdalucianaoliveira.com.br\/blog\/wp-json\/wp\/v2\/tags?post=4457"}],"curies":[{"name":"wp","href":"https:\/\/api.w.org\/{rel}","templated":true}]}}