{"id":4465,"date":"2016-09-26T11:30:56","date_gmt":"2016-09-26T15:30:56","guid":{"rendered":"http:\/\/blogdalucianaoliveira.com.br\/blog\/?p=4465"},"modified":"2016-09-26T11:31:42","modified_gmt":"2016-09-26T15:31:42","slug":"valdir-raupp-foi-desmentido-em-quebra-de-sigilo-aponta-denuncia","status":"publish","type":"post","link":"http:\/\/blogdalucianaoliveira.com.br\/blog\/2016\/09\/26\/valdir-raupp-foi-desmentido-em-quebra-de-sigilo-aponta-denuncia\/","title":{"rendered":"Valdir Raupp foi desmentido em quebra de sigilo, aponta den\u00fancia"},"content":{"rendered":"<p><img data-recalc-dims=\"1\" decoding=\"async\" data-attachment-id=\"4504\" data-permalink=\"http:\/\/blogdalucianaoliveira.com.br\/blog\/2016\/09\/26\/valdir-raupp-foi-desmentido-em-quebra-de-sigilo-aponta-denuncia\/raupe-9\/\" data-orig-file=\"https:\/\/i0.wp.com\/blogdalucianaoliveira.com.br\/blog\/wp-content\/uploads\/2016\/09\/raupe-8.jpg?fit=%2C\" data-orig-size=\"\" data-comments-opened=\"0\" data-image-meta=\"[]\" data-image-title=\"raupe\" data-image-description=\"\" data-image-caption=\"\" data-medium-file=\"https:\/\/i0.wp.com\/blogdalucianaoliveira.com.br\/blog\/wp-content\/uploads\/2016\/09\/raupe-8.jpg?fit=300%2C300\" data-large-file=\"https:\/\/i0.wp.com\/blogdalucianaoliveira.com.br\/blog\/wp-content\/uploads\/2016\/09\/raupe-8.jpg?fit=1024%2C1024\" src=\"https:\/\/i0.wp.com\/blogdalucianaoliveira.com.br\/blog\/wp-content\/uploads\/2016\/09\/raupe-8.jpg?w=600\" alt=\"raupe\" class=\"alignnone size-full wp-image-4504\" \/><\/p>\n<p>O Estad\u00e3o <\/p>\n<p>A den\u00fancia criminal do procurador-geral da Rep\u00fablica, Rodrigo Janot, contra Valdir Raupp (PMDB-RO) aponta que o senador foi desmentido por quebra de sigilo. O peemedebista foi acusado de corrup\u00e7\u00e3o e lavagem de dinheiro em den\u00fancia formal de Janot protocolada no Supremo Tribunal Federal na sexta-feira, 16.<!--more--><\/p>\n<p>Raupp \u00e9 pr\u00f3ximo do presidente Michel Temer e j\u00e1 ocupou a presid\u00eancia do PMDB. Hoje, \u00e9 tesoureiro adjunto do partido.<\/p>\n<p>O Minist\u00e9rio P\u00fablico Federal acusa Raupp de ter recebido propina de R$ 500 mil supostamente desviados de contratos da Petrobr\u00e1s.<br \/>\nJanot anota na den\u00fancia que Raupp, durante a fase de investiga\u00e7\u00f5es, \u2018negou peremptoriamente\u2019 \u00e0 Pol\u00edcia Federal qualquer relacionamento \u2018ou mesmo a exist\u00eancia de contatos\u2019 com o operador de propinas ligado ao PMDB Fernando Falc\u00e3o Soares, o Fernando Baiano, um dos delatores da Lava Jato. O senador peemedebista alegou que foi apresentado ao lobista uma vez, \u2018nos corredores do Senado\u2019, \u2018tendo apenas tido esse \u00fanico contato com ele\u2019.<br \/>\n\u201cA vers\u00e3o veiculada por Valdir Raupp de Matos, na tentativa de se desvincular de Fernando Ant\u00f4nio Falc\u00e3o Soares, restou desmentida pelos dados obtidos com medidas de afastamento de sigilo decretadas pelo Supremo Tribunal Federal, que confirmaram o quanto narrado pelo colaborador (Baiano) e demonstraram a veracidade de suas declara\u00e7\u00f5es, em especial o relacionamento com o parlamentar e seus assessores mais pr\u00f3ximos, comprovando, al\u00e9m de frequentes contatos telef\u00f4nicos, um encontro entre Valdir Raupp de Matos e Fernando Ant\u00f4nio Falc\u00e3o Soares, no Rio de Janeiro, realizado para tratar da contrata\u00e7\u00e3o de uma empresa pela Petrobr\u00e1s, exatamente como detalhado pelo colaborador\u201d, registra a den\u00fancia.<\/p>\n<p>De acordo com a acusa\u00e7\u00e3o, os registros telef\u00f4nicos de Raupp e Baiano revelam a exist\u00eancia de \u2018numerosos\u2019 contatos telef\u00f4nicos de terminais vinculados ao operador de propinas com os telefones do gabinete do peemedebista e os celulares de seus assessores parlamentares. A den\u00fancia aponta ainda um encontro entre os dois no Hotel Pestana, no Rio.<\/p>\n<p>\u201cTamb\u00e9m revelam que, no dia 13 de setembro de 2012, assim que chegou para hospedar-se no Hotel Pestana no Rio de Janeiro (o registro ocorreu por volta das 21:27), Valdir Raupp de Matos ligou, de seu celular, para Fernando Ant\u00f4nio Falc\u00e3o Soares (liga\u00e7\u00e3o realizada \u00e0s 21:26). As ERBs dos celulares de Fernando Ant\u00f4nio Falc\u00e3o Soares revelam ainda que, minutos depois dessa liga\u00e7\u00e3o, o lobista encontrava-se na \u00e1rea de cobertura daquele estabelecimento (a qual n\u00e3o costumava frequentar), onde permaneceu pelo menos entre 21:37 e 22:18\u201d, relata a acusa\u00e7\u00e3o.<br \/>\nSegundo informa\u00e7\u00f5es enviadas pelo Hotel Pestana \u00e0 Lava Jato, Valdir Raupp fez pagamentos no lobby bar onde Baiano alegou ter encontrado o parlamentar \u2013 \u00e0s 22:36 daquele dia.<\/p>\n<p>Tamb\u00e9m foram denunciados o cunhado de Raupp, Paulo Roberto Rocha, e uma ex-funcion\u00e1ria do senador, Maria Cleia de Oliveira. Segundo informa\u00e7\u00f5es das dela\u00e7\u00f5es premiadas do ex-diretor da estatal Paulo Roberto Costa e do doleiro Alberto Youssef, o dinheiro chegou aos cofres da campanha do peemedebista por meio de uma doa\u00e7\u00e3o legal feita pela construtora Queiroz Galv\u00e3o e pela Vital Engenharia.<\/p>\n<p>O Minist\u00e9rio P\u00fablico Federal aponta tamb\u00e9m que, em depoimento \u00e0 PF, Raupp \u2018procurou desqualificar as declara\u00e7\u00f5es de Alberto Youssef\u2019 \u2013 doleiro da lava jato que tamb\u00e9m fez dela\u00e7ao.<br \/>\nSegundo a Procuradoria-Geral da Rep\u00fablica, o peemedebista disse \u00e0 Federal que \u2018com certeza, que duvida que Maria Cl\u00e9ia tenha estado no escrit\u00f3rio dele (Youssef)\u2019.<\/p>\n<p>\u201cNovamente, a vers\u00e3o do parlamentar restou desmentida pelos registros de liga\u00e7\u00f5es telef\u00f4nicas dos envolvidos, obtidos mediante autoriza\u00e7\u00e3o do Supremo Tribunal Federal, que<br \/>\nconfirmaram as declara\u00e7\u00f5es do colaborador.<\/p>\n<p>\u201cO afastamento do sigilo de dados telef\u00f4nicos de Maria Cl\u00e9ia Santos de Oliveira revelou que a denunciada se deslocou de Bras\u00edlia para S\u00e3o Paulo em 13 de agosto de 2010, retornando para a capital federal no mesmo dia. Logo ap\u00f3s chegar a S\u00e3o Paulo, Maria Cl\u00e9ia Santos de Oliveira, por meio de seu celular, fez duas chamadas, \u00e0s 13:46:20 e \u00e0s 14:41 :42, para um terminal de S\u00e3o Paulo, habilitado em nome de C\u00edcera Rosangela da Silva. Conforme apurado, inclusive com o afastamento do sigilo subjacente, tal terminal era, na verdade, utilizado por Alberto Youssef.\u201d<br \/>\nA Procuradoria-Geral destaca ainda que, no dia do encontro entre o doleiro e a assessora de Raupp, \u2018a denunciada manteve diversos contatos com Valdir Raupp de Mattos, o que demonstra que o parlamentar comandava e controlava pari passu as a\u00e7\u00f5es de sua assessora\u2019.<\/p>\n<p>Em audi\u00eancia na PF, Maria Cl\u00e9ia e Pedro Roberto Rocha ficaram em sil\u00eancio.<\/p>\n<p>COM A PALAVRA, VALDIR RAUPP<br \/>\nA reportagem mandou fez contato com o advogado do senador por meio de mensagem na tarde deste domingo, 25. O espa\u00e7o est\u00e1 aberto.<\/p>\n<p>Quando foi denunciado pelo Minist\u00e9rio P\u00fablico Federal, em 16 de setembro, Valdir Raupp se manifestou desta forma.<br \/>\nEm nota, Raupp disse que a \u201cden\u00fancia oferecida pelo Minist\u00e9rio P\u00fablico, lamentavelmente, tem equivocada interpreta\u00e7\u00e3o dos fatos\u201d.<\/p>\n<p>Ele tamb\u00e9m afirmou que \u201cjamais compactuou com qualquer il\u00edcito\u201d e que a doa\u00e7\u00e3o recebida durante a campanha foi feita de maneira legal, via o diret\u00f3rio estadual do PMDB de Rond\u00f4nia.<br \/>\nO senador disse ainda confiar na Justi\u00e7a e diz que aguarda \u201cserenamente a instru\u00e7\u00e3o do processo, certo de que a fragilidade das provas e dos argumentos apresentados conduzir\u00e3o \u00e0 sua absolvi\u00e7\u00e3o\u201d.<\/p>\n","protected":false},"excerpt":{"rendered":"<p>O Estad\u00e3o A den\u00fancia criminal do procurador-geral da Rep\u00fablica, Rodrigo Janot, contra Valdir Raupp (PMDB-RO) aponta que o senador foi desmentido por quebra de sigilo. O peemedebista foi acusado de corrup\u00e7\u00e3o e lavagem de dinheiro em den\u00fancia formal de Janot protocolada no Supremo Tribunal Federal na sexta-feira, 16.<\/p>\n","protected":false},"author":1,"featured_media":0,"comment_status":"closed","ping_status":"open","sticky":false,"template":"","format":"standard","meta":{"_exactmetrics_skip_tracking":false,"_exactmetrics_sitenote_active":false,"_exactmetrics_sitenote_note":"","_exactmetrics_sitenote_category":0,"jetpack_post_was_ever_published":false,"_jetpack_newsletter_access":"","_jetpack_dont_email_post_to_subs":false,"_jetpack_newsletter_tier_id":0,"_jetpack_memberships_contains_paywalled_content":false,"_jetpack_memberships_contains_paid_content":false,"footnotes":"","jetpack_publicize_message":"","jetpack_publicize_feature_enabled":true,"jetpack_social_post_already_shared":true,"jetpack_social_options":{"image_generator_settings":{"template":"highway","enabled":false},"version":2}},"categories":[1],"tags":[],"class_list":["post-4465","post","type-post","status-publish","format-standard","hentry","category-notas"],"jetpack_publicize_connections":[],"jetpack_sharing_enabled":true,"jetpack_featured_media_url":"","jetpack_shortlink":"https:\/\/wp.me\/p7wKYW-1a1","jetpack-related-posts":[],"_links":{"self":[{"href":"http:\/\/blogdalucianaoliveira.com.br\/blog\/wp-json\/wp\/v2\/posts\/4465","targetHints":{"allow":["GET"]}}],"collection":[{"href":"http:\/\/blogdalucianaoliveira.com.br\/blog\/wp-json\/wp\/v2\/posts"}],"about":[{"href":"http:\/\/blogdalucianaoliveira.com.br\/blog\/wp-json\/wp\/v2\/types\/post"}],"author":[{"embeddable":true,"href":"http:\/\/blogdalucianaoliveira.com.br\/blog\/wp-json\/wp\/v2\/users\/1"}],"replies":[{"embeddable":true,"href":"http:\/\/blogdalucianaoliveira.com.br\/blog\/wp-json\/wp\/v2\/comments?post=4465"}],"version-history":[{"count":2,"href":"http:\/\/blogdalucianaoliveira.com.br\/blog\/wp-json\/wp\/v2\/posts\/4465\/revisions"}],"predecessor-version":[{"id":4507,"href":"http:\/\/blogdalucianaoliveira.com.br\/blog\/wp-json\/wp\/v2\/posts\/4465\/revisions\/4507"}],"wp:attachment":[{"href":"http:\/\/blogdalucianaoliveira.com.br\/blog\/wp-json\/wp\/v2\/media?parent=4465"}],"wp:term":[{"taxonomy":"category","embeddable":true,"href":"http:\/\/blogdalucianaoliveira.com.br\/blog\/wp-json\/wp\/v2\/categories?post=4465"},{"taxonomy":"post_tag","embeddable":true,"href":"http:\/\/blogdalucianaoliveira.com.br\/blog\/wp-json\/wp\/v2\/tags?post=4465"}],"curies":[{"name":"wp","href":"https:\/\/api.w.org\/{rel}","templated":true}]}}