{"id":4514,"date":"2016-09-26T12:54:14","date_gmt":"2016-09-26T16:54:14","guid":{"rendered":"http:\/\/blogdalucianaoliveira.com.br\/blog\/?p=4514"},"modified":"2016-09-26T13:09:41","modified_gmt":"2016-09-26T17:09:41","slug":"sim-lamentavelmente-e-verdade-e-a-culpa-e-do-tre","status":"publish","type":"post","link":"http:\/\/blogdalucianaoliveira.com.br\/blog\/2016\/09\/26\/sim-lamentavelmente-e-verdade-e-a-culpa-e-do-tre\/","title":{"rendered":"Sim, lamentavelmente \u00e9 verdade. E a culpa \u00e9 da Justi\u00e7a Eleitoral"},"content":{"rendered":"<p><img data-recalc-dims=\"1\" loading=\"lazy\" decoding=\"async\" data-attachment-id=\"4600\" data-permalink=\"http:\/\/blogdalucianaoliveira.com.br\/blog\/2016\/09\/26\/sim-lamentavelmente-e-verdade-e-a-culpa-e-do-tre\/cu-15\/\" data-orig-file=\"https:\/\/i0.wp.com\/blogdalucianaoliveira.com.br\/blog\/wp-content\/uploads\/2016\/09\/cu-14.jpg?fit=737%2C984\" data-orig-size=\"737,984\" data-comments-opened=\"0\" data-image-meta=\"{&quot;aperture&quot;:&quot;0&quot;,&quot;credit&quot;:&quot;&quot;,&quot;camera&quot;:&quot;&quot;,&quot;caption&quot;:&quot;&quot;,&quot;created_timestamp&quot;:&quot;0&quot;,&quot;copyright&quot;:&quot;&quot;,&quot;focal_length&quot;:&quot;0&quot;,&quot;iso&quot;:&quot;0&quot;,&quot;shutter_speed&quot;:&quot;0&quot;,&quot;title&quot;:&quot;&quot;,&quot;orientation&quot;:&quot;0&quot;}\" data-image-title=\"cu\" data-image-description=\"\" data-image-caption=\"\" data-medium-file=\"https:\/\/i0.wp.com\/blogdalucianaoliveira.com.br\/blog\/wp-content\/uploads\/2016\/09\/cu-14.jpg?fit=225%2C300\" data-large-file=\"https:\/\/i0.wp.com\/blogdalucianaoliveira.com.br\/blog\/wp-content\/uploads\/2016\/09\/cu-14.jpg?fit=600%2C801\" src=\"https:\/\/i0.wp.com\/blogdalucianaoliveira.com.br\/blog\/wp-content\/uploads\/2016\/09\/cu-14.jpg?resize=600%2C801\" alt=\"cu\" width=\"600\" height=\"801\" class=\"alignnone size-full wp-image-4600\" srcset=\"https:\/\/i0.wp.com\/blogdalucianaoliveira.com.br\/blog\/wp-content\/uploads\/2016\/09\/cu-14.jpg?w=737 737w, https:\/\/i0.wp.com\/blogdalucianaoliveira.com.br\/blog\/wp-content\/uploads\/2016\/09\/cu-14.jpg?resize=225%2C300 225w\" sizes=\"auto, (max-width: 600px) 100vw, 600px\" \/><\/p>\n<p>Respondo \u00e0 pergunta do blog Almanaqueiras, um de meus preferidos, com outra pergunta: Por que a Justi\u00e7a Eleitoral permite inscri\u00e7\u00e3o com apelidos bizarros?<!--more--><\/p>\n<p>Est\u00e1 na p\u00e1gina do Tribunal Superior Eleitoral a veda\u00e7\u00e3o:<\/p>\n<p>&#8220;Segundo o artigo 31 da Resolu\u00e7\u00e3o n\u00ba 23.455, de 15 de dezembro de 2015, o nome de urna do candidato deve ter no m\u00e1ximo 30 caracteres, incluindo os espa\u00e7os entre os nomes, e pode ser utilizado os primeiros nomes, o sobrenome, o nome abreviado, um apelido ou nome pelo qual o candidato \u00e9 mais conhecido.<\/p>\n<p>\u00c9 importante lembrar que o nome escolhido n\u00e3o pode deixar d\u00favidas sobre a identidade do candidato, e \u00e9 o juiz eleitoral quem aceita ou n\u00e3o o nome de urna, assim como todo o pedido de registro de candidatura.<\/p>\n<p>O que n\u00e3o pode usar?<\/p>\n<p>N\u00e3o \u00e9 permitido nomes que atentem ao pudor, sejam rid\u00edculos ou irreverentes. Tamb\u00e9m \u00e9 proibido utilizar express\u00f5es ou siglas de qualquer \u00f3rg\u00e3o da administra\u00e7\u00e3o p\u00fablica direta, indireta federal, estadual, distrital e municipal.&#8221;<\/p>\n<p>Norma in\u00f3cua, n\u00e3o havendo provoca\u00e7\u00e3o. Se ningu\u00e9m reclamar do apelido, passa.<\/p>\n<p>Fora o SOBRE CU, temos tamb\u00e9m o Cagado, l\u00e1 de Mirante da Serra.<\/p>\n<p><img data-recalc-dims=\"1\" loading=\"lazy\" decoding=\"async\" data-attachment-id=\"4602\" data-permalink=\"http:\/\/blogdalucianaoliveira.com.br\/blog\/2016\/09\/26\/sim-lamentavelmente-e-verdade-e-a-culpa-e-do-tre\/cagado-2\/\" data-orig-file=\"https:\/\/i0.wp.com\/blogdalucianaoliveira.com.br\/blog\/wp-content\/uploads\/2016\/09\/cagado-1.jpg?fit=543%2C275\" data-orig-size=\"543,275\" data-comments-opened=\"0\" data-image-meta=\"{&quot;aperture&quot;:&quot;0&quot;,&quot;credit&quot;:&quot;&quot;,&quot;camera&quot;:&quot;&quot;,&quot;caption&quot;:&quot;&quot;,&quot;created_timestamp&quot;:&quot;0&quot;,&quot;copyright&quot;:&quot;&quot;,&quot;focal_length&quot;:&quot;0&quot;,&quot;iso&quot;:&quot;0&quot;,&quot;shutter_speed&quot;:&quot;0&quot;,&quot;title&quot;:&quot;&quot;,&quot;orientation&quot;:&quot;0&quot;}\" data-image-title=\"cagado\" data-image-description=\"\" data-image-caption=\"\" data-medium-file=\"https:\/\/i0.wp.com\/blogdalucianaoliveira.com.br\/blog\/wp-content\/uploads\/2016\/09\/cagado-1.jpg?fit=300%2C152\" data-large-file=\"https:\/\/i0.wp.com\/blogdalucianaoliveira.com.br\/blog\/wp-content\/uploads\/2016\/09\/cagado-1.jpg?fit=543%2C275\" src=\"https:\/\/i0.wp.com\/blogdalucianaoliveira.com.br\/blog\/wp-content\/uploads\/2016\/09\/cagado-1.jpg?resize=543%2C275\" alt=\"cagado\" width=\"543\" height=\"275\" class=\"alignnone size-full wp-image-4602\" srcset=\"https:\/\/i0.wp.com\/blogdalucianaoliveira.com.br\/blog\/wp-content\/uploads\/2016\/09\/cagado-1.jpg?w=543 543w, https:\/\/i0.wp.com\/blogdalucianaoliveira.com.br\/blog\/wp-content\/uploads\/2016\/09\/cagado-1.jpg?resize=300%2C152 300w\" sizes=\"auto, (max-width: 543px) 100vw, 543px\" \/><\/p>\n<div style=\"width: 600px;\" class=\"wp-video\"><video class=\"wp-video-shortcode\" id=\"video-4514-1\" width=\"600\" height=\"330\" preload=\"metadata\" controls=\"controls\"><source type=\"video\/mp4\" src=\"http:\/\/blogdalucianaoliveira.com.br\/blog\/wp-content\/uploads\/2016\/09\/IMG_4037.mp4?_=1\" \/><a href=\"http:\/\/blogdalucianaoliveira.com.br\/blog\/wp-content\/uploads\/2016\/09\/IMG_4037.mp4\">http:\/\/blogdalucianaoliveira.com.br\/blog\/wp-content\/uploads\/2016\/09\/IMG_4037.mp4<\/a><\/video><\/div>\n","protected":false},"excerpt":{"rendered":"<p>Respondo \u00e0 pergunta do blog Almanaqueiras, um de meus preferidos, com outra pergunta: Por que a Justi\u00e7a Eleitoral permite inscri\u00e7\u00e3o com apelidos bizarros?<\/p>\n","protected":false},"author":1,"featured_media":0,"comment_status":"closed","ping_status":"open","sticky":false,"template":"","format":"standard","meta":{"_exactmetrics_skip_tracking":false,"_exactmetrics_sitenote_active":false,"_exactmetrics_sitenote_note":"","_exactmetrics_sitenote_category":0,"jetpack_post_was_ever_published":false,"_jetpack_newsletter_access":"","_jetpack_dont_email_post_to_subs":false,"_jetpack_newsletter_tier_id":0,"_jetpack_memberships_contains_paywalled_content":false,"_jetpack_memberships_contains_paid_content":false,"footnotes":"","jetpack_publicize_message":"","jetpack_publicize_feature_enabled":true,"jetpack_social_post_already_shared":true,"jetpack_social_options":{"image_generator_settings":{"template":"highway","enabled":false},"version":2}},"categories":[1],"tags":[],"class_list":["post-4514","post","type-post","status-publish","format-standard","hentry","category-notas"],"jetpack_publicize_connections":[],"jetpack_sharing_enabled":true,"jetpack_featured_media_url":"","jetpack_shortlink":"https:\/\/wp.me\/p7wKYW-1aO","jetpack-related-posts":[],"_links":{"self":[{"href":"http:\/\/blogdalucianaoliveira.com.br\/blog\/wp-json\/wp\/v2\/posts\/4514","targetHints":{"allow":["GET"]}}],"collection":[{"href":"http:\/\/blogdalucianaoliveira.com.br\/blog\/wp-json\/wp\/v2\/posts"}],"about":[{"href":"http:\/\/blogdalucianaoliveira.com.br\/blog\/wp-json\/wp\/v2\/types\/post"}],"author":[{"embeddable":true,"href":"http:\/\/blogdalucianaoliveira.com.br\/blog\/wp-json\/wp\/v2\/users\/1"}],"replies":[{"embeddable":true,"href":"http:\/\/blogdalucianaoliveira.com.br\/blog\/wp-json\/wp\/v2\/comments?post=4514"}],"version-history":[{"count":5,"href":"http:\/\/blogdalucianaoliveira.com.br\/blog\/wp-json\/wp\/v2\/posts\/4514\/revisions"}],"predecessor-version":[{"id":4607,"href":"http:\/\/blogdalucianaoliveira.com.br\/blog\/wp-json\/wp\/v2\/posts\/4514\/revisions\/4607"}],"wp:attachment":[{"href":"http:\/\/blogdalucianaoliveira.com.br\/blog\/wp-json\/wp\/v2\/media?parent=4514"}],"wp:term":[{"taxonomy":"category","embeddable":true,"href":"http:\/\/blogdalucianaoliveira.com.br\/blog\/wp-json\/wp\/v2\/categories?post=4514"},{"taxonomy":"post_tag","embeddable":true,"href":"http:\/\/blogdalucianaoliveira.com.br\/blog\/wp-json\/wp\/v2\/tags?post=4514"}],"curies":[{"name":"wp","href":"https:\/\/api.w.org\/{rel}","templated":true}]}}