{"id":4608,"date":"2016-09-26T14:03:31","date_gmt":"2016-09-26T18:03:31","guid":{"rendered":"http:\/\/blogdalucianaoliveira.com.br\/blog\/?p=4608"},"modified":"2016-09-26T14:03:31","modified_gmt":"2016-09-26T18:03:31","slug":"donadonos-de-vilhena-se-esta-foragido-como-doou-ou-autorizou-doacao","status":"publish","type":"post","link":"http:\/\/blogdalucianaoliveira.com.br\/blog\/2016\/09\/26\/donadonos-de-vilhena-se-esta-foragido-como-doou-ou-autorizou-doacao\/","title":{"rendered":"&#8216;Donadonos&#8217; de Vilhena: Se est\u00e1 foragido, como doou ou autorizou doa\u00e7\u00e3o?"},"content":{"rendered":"<p><img data-recalc-dims=\"1\" loading=\"lazy\" decoding=\"async\" data-attachment-id=\"4609\" data-permalink=\"http:\/\/blogdalucianaoliveira.com.br\/blog\/2016\/09\/26\/donadonos-de-vilhena-se-esta-foragido-como-doou-ou-autorizou-doacao\/image-1113\/\" data-orig-file=\"https:\/\/i0.wp.com\/blogdalucianaoliveira.com.br\/blog\/wp-content\/uploads\/2016\/09\/image-313.jpeg?fit=400%2C350\" data-orig-size=\"400,350\" data-comments-opened=\"0\" data-image-meta=\"{&quot;aperture&quot;:&quot;0&quot;,&quot;credit&quot;:&quot;&quot;,&quot;camera&quot;:&quot;&quot;,&quot;caption&quot;:&quot;&quot;,&quot;created_timestamp&quot;:&quot;0&quot;,&quot;copyright&quot;:&quot;&quot;,&quot;focal_length&quot;:&quot;0&quot;,&quot;iso&quot;:&quot;0&quot;,&quot;shutter_speed&quot;:&quot;0&quot;,&quot;title&quot;:&quot;&quot;,&quot;orientation&quot;:&quot;0&quot;}\" data-image-title=\"image\" data-image-description=\"\" data-image-caption=\"\" data-medium-file=\"https:\/\/i0.wp.com\/blogdalucianaoliveira.com.br\/blog\/wp-content\/uploads\/2016\/09\/image-313.jpeg?fit=300%2C263\" data-large-file=\"https:\/\/i0.wp.com\/blogdalucianaoliveira.com.br\/blog\/wp-content\/uploads\/2016\/09\/image-313.jpeg?fit=400%2C350\" src=\"https:\/\/i0.wp.com\/blogdalucianaoliveira.com.br\/blog\/wp-content\/uploads\/2016\/09\/image-313.jpeg?resize=400%2C350\" alt=\"image\" width=\"400\" height=\"350\" class=\"alignnone size-full wp-image-4609\" srcset=\"https:\/\/i0.wp.com\/blogdalucianaoliveira.com.br\/blog\/wp-content\/uploads\/2016\/09\/image-313.jpeg?w=400 400w, https:\/\/i0.wp.com\/blogdalucianaoliveira.com.br\/blog\/wp-content\/uploads\/2016\/09\/image-313.jpeg?resize=300%2C263 300w, https:\/\/i0.wp.com\/blogdalucianaoliveira.com.br\/blog\/wp-content\/uploads\/2016\/09\/image-313.jpeg?resize=343%2C300 343w\" sizes=\"auto, (max-width: 400px) 100vw, 400px\" \/><\/p>\n<p>Do Folha do Sul<\/p>\n<p>Doa\u00e7\u00e3o de Marcos Donadon \u00e0 campanha de Rosani deve ser investigada pelo MP Eleitoral <!--more--><\/p>\n<p>Doa\u00e7\u00e3o foi em equipamentos, n\u00e3o em dinheiro<\/p>\n<p>O Minist\u00e9rio P\u00fablico de Vilhena dever\u00e1 abrir investiga\u00e7\u00e3o de \u201cnot\u00edcia-crime\u201d envolvendo a ex primeira-dama Rosani Donadon, que concorre a prefeita pelo PMDB este ano. Esta \u00e9 a avalia\u00e7\u00e3o de advogados que atuam no segmento penal local.<\/p>\n<p>Uma doa\u00e7\u00e3o de R$ 12 mil \u00e0 campanha da peemedebista, feita pelo cunhado, o ex-deputado Marcos Donadon, atualmente foragido, pode detonar a a\u00e7\u00e3o do MP.<\/p>\n<p>Embora a doa\u00e7\u00e3o feita envolva os equipamentos de sonoriza\u00e7\u00e3o mantidos por Donadon h\u00e1 muitos anos, o que est\u00e1 sendo questionado pelos advers\u00e1rios de Rosani \u00e9 a forma da opera\u00e7\u00e3o. <\/p>\n<p>Para doar, o ex-deputado precisaria, obrigatoriamente, assinar um documento. Neste caso, a pr\u00f3pria benefici\u00e1ria (Rosani) teria que saber seu paradeiro.<\/p>\n<p>Diz um advogado que acompanha o caso: \u201cSe ele realmente assinou, Rosani poder\u00e1 ser denunciada com base no artigo 348 do C\u00f3digo Penal, que estabelece puni\u00e7\u00e3o a quem oculta um foragido da justi\u00e7a. Se n\u00e3o assinou, fica caracterizado crime de falsidade documental\u201d. <\/p>\n","protected":false},"excerpt":{"rendered":"<p>Do Folha do Sul Doa\u00e7\u00e3o de Marcos Donadon \u00e0 campanha de Rosani deve ser investigada pelo MP Eleitoral<\/p>\n","protected":false},"author":1,"featured_media":0,"comment_status":"closed","ping_status":"open","sticky":false,"template":"","format":"standard","meta":{"_exactmetrics_skip_tracking":false,"_exactmetrics_sitenote_active":false,"_exactmetrics_sitenote_note":"","_exactmetrics_sitenote_category":0,"jetpack_post_was_ever_published":false,"_jetpack_newsletter_access":"","_jetpack_dont_email_post_to_subs":false,"_jetpack_newsletter_tier_id":0,"_jetpack_memberships_contains_paywalled_content":false,"_jetpack_memberships_contains_paid_content":false,"footnotes":"","jetpack_publicize_message":"","jetpack_publicize_feature_enabled":true,"jetpack_social_post_already_shared":true,"jetpack_social_options":{"image_generator_settings":{"template":"highway","enabled":false},"version":2}},"categories":[1],"tags":[],"class_list":["post-4608","post","type-post","status-publish","format-standard","hentry","category-notas"],"jetpack_publicize_connections":[],"jetpack_sharing_enabled":true,"jetpack_featured_media_url":"","jetpack_shortlink":"https:\/\/wp.me\/p7wKYW-1ck","jetpack-related-posts":[],"_links":{"self":[{"href":"http:\/\/blogdalucianaoliveira.com.br\/blog\/wp-json\/wp\/v2\/posts\/4608","targetHints":{"allow":["GET"]}}],"collection":[{"href":"http:\/\/blogdalucianaoliveira.com.br\/blog\/wp-json\/wp\/v2\/posts"}],"about":[{"href":"http:\/\/blogdalucianaoliveira.com.br\/blog\/wp-json\/wp\/v2\/types\/post"}],"author":[{"embeddable":true,"href":"http:\/\/blogdalucianaoliveira.com.br\/blog\/wp-json\/wp\/v2\/users\/1"}],"replies":[{"embeddable":true,"href":"http:\/\/blogdalucianaoliveira.com.br\/blog\/wp-json\/wp\/v2\/comments?post=4608"}],"version-history":[{"count":1,"href":"http:\/\/blogdalucianaoliveira.com.br\/blog\/wp-json\/wp\/v2\/posts\/4608\/revisions"}],"predecessor-version":[{"id":4610,"href":"http:\/\/blogdalucianaoliveira.com.br\/blog\/wp-json\/wp\/v2\/posts\/4608\/revisions\/4610"}],"wp:attachment":[{"href":"http:\/\/blogdalucianaoliveira.com.br\/blog\/wp-json\/wp\/v2\/media?parent=4608"}],"wp:term":[{"taxonomy":"category","embeddable":true,"href":"http:\/\/blogdalucianaoliveira.com.br\/blog\/wp-json\/wp\/v2\/categories?post=4608"},{"taxonomy":"post_tag","embeddable":true,"href":"http:\/\/blogdalucianaoliveira.com.br\/blog\/wp-json\/wp\/v2\/tags?post=4608"}],"curies":[{"name":"wp","href":"https:\/\/api.w.org\/{rel}","templated":true}]}}