{"id":4624,"date":"2016-09-27T10:26:54","date_gmt":"2016-09-27T14:26:54","guid":{"rendered":"http:\/\/blogdalucianaoliveira.com.br\/blog\/?p=4624"},"modified":"2016-09-27T10:26:54","modified_gmt":"2016-09-27T14:26:54","slug":"justica-selvagem-da-nisso","status":"publish","type":"post","link":"http:\/\/blogdalucianaoliveira.com.br\/blog\/2016\/09\/27\/justica-selvagem-da-nisso\/","title":{"rendered":"Justi\u00e7a selvagem d\u00e1 nisso"},"content":{"rendered":"<p><img data-recalc-dims=\"1\" loading=\"lazy\" decoding=\"async\" data-attachment-id=\"4625\" data-permalink=\"http:\/\/blogdalucianaoliveira.com.br\/blog\/2016\/09\/27\/justica-selvagem-da-nisso\/image-1117\/\" data-orig-file=\"https:\/\/i0.wp.com\/blogdalucianaoliveira.com.br\/blog\/wp-content\/uploads\/2016\/09\/image-317.jpeg?fit=443%2C332\" data-orig-size=\"443,332\" data-comments-opened=\"0\" data-image-meta=\"{&quot;aperture&quot;:&quot;0&quot;,&quot;credit&quot;:&quot;&quot;,&quot;camera&quot;:&quot;&quot;,&quot;caption&quot;:&quot;&quot;,&quot;created_timestamp&quot;:&quot;0&quot;,&quot;copyright&quot;:&quot;&quot;,&quot;focal_length&quot;:&quot;0&quot;,&quot;iso&quot;:&quot;0&quot;,&quot;shutter_speed&quot;:&quot;0&quot;,&quot;title&quot;:&quot;&quot;,&quot;orientation&quot;:&quot;0&quot;}\" data-image-title=\"image\" data-image-description=\"\" data-image-caption=\"\" data-medium-file=\"https:\/\/i0.wp.com\/blogdalucianaoliveira.com.br\/blog\/wp-content\/uploads\/2016\/09\/image-317.jpeg?fit=300%2C225\" data-large-file=\"https:\/\/i0.wp.com\/blogdalucianaoliveira.com.br\/blog\/wp-content\/uploads\/2016\/09\/image-317.jpeg?fit=443%2C332\" src=\"https:\/\/i0.wp.com\/blogdalucianaoliveira.com.br\/blog\/wp-content\/uploads\/2016\/09\/image-317.jpeg?resize=443%2C332\" alt=\"image\" width=\"443\" height=\"332\" class=\"alignnone size-full wp-image-4625\" srcset=\"https:\/\/i0.wp.com\/blogdalucianaoliveira.com.br\/blog\/wp-content\/uploads\/2016\/09\/image-317.jpeg?w=443 443w, https:\/\/i0.wp.com\/blogdalucianaoliveira.com.br\/blog\/wp-content\/uploads\/2016\/09\/image-317.jpeg?resize=300%2C225 300w, https:\/\/i0.wp.com\/blogdalucianaoliveira.com.br\/blog\/wp-content\/uploads\/2016\/09\/image-317.jpeg?resize=400%2C300 400w\" sizes=\"auto, (max-width: 443px) 100vw, 443px\" \/><\/p>\n<p>LAVA JATO ERROU COM DIRCEU. E A PENA, SER\u00c1 REDUZIDA?<!--more--><\/p>\n<p>Por Tereza Cruvinel<br \/>\nNo 247<\/p>\n<p>Movida por convic\u00e7\u00f5es, a Lava Jato deduziu que a sigla \u2018JD\u2019,  na planilha de pagamentos da Odebrecht, era uma refer\u00eancia a Jos\u00e9 Dirceu ou \u00e0 sua empresa, a JD Consultoria. Agora, ao prender Antonio Palocci, convencida de que ele \u00e9 o \u201citaliano\u201d, a Lava Jato admite que errou e que a sigla \u2018JD\u2019 \u00e9 uma refer\u00eancia a Jucelino Dourado, ex-chefe de Gabinete de Palocci.<\/p>\n<p>Em fase anterior da opera\u00e7\u00e3o, Dirceu foi acusado de ter recebido repasses de R$ 48 milh\u00f5es da construtora entre 2009 e 2010, com destaque para o fato de que nesta \u00e9poca ele j\u00e1 era r\u00e9u no processo do mensal\u00e3o, que levou \u00e0 A\u00e7\u00e3o Penal 470. A defesa de Dirceu sempre protestou, alegando que todos os recursos auferidos pela JD Consultoria foram contabilizados, que uma soma de tal grandeza n\u00e3o passaria pela empresa sem deixar registros.<\/p>\n<p>Dirceu est\u00e1 peso h\u00e1 mais de um ano em Curitiba e foi condenado pelo juiz Sergio Moro a 20 anos e dez meses de pris\u00e3o por corrup\u00e7\u00e3o passiva, lavagem de dinheiro e organiza\u00e7\u00e3o criminosa. A pergunta que fica \u00e9 se, reconhecido o engano de R$ 48 milh\u00f5es, Moro vai rever a \u201cdosimetria\u201d da pena de Dirceu.<\/p>\n<p>Durante coletiva sobre a 35\u00aa fase da Opera\u00e7\u00e3o Lava Jato, o delegado Filipe Pace disse, e talvez tenha se arrependido, estar \u201cdocumentalmente provado\u201d que Marcelo Odebrecht coordenou pagamento de propinas relacionadas a v\u00e1rias obras federais e estaduais, citando, entre elas, o metr\u00f4 e trens de S\u00e3o Paulo e a coleta e tratamento de lixo no Estado, al\u00e9m da reforma do aeroporto Santos Dumont e outras obras do Rio; &#8220;Estas ilicitudes, entretanto, est\u00e3o vinculadas a governos do PSDB, no caso de S\u00e3o Paulo, e do PMDB, no caso do Rio&#8221;, destaca Tereza Cruvinel, lembrando que o delegado &#8220;tergiversou&#8221; quando questionado &#8220;sobre os agentes identificados como recebedores destas propinas&#8221;; &#8220;Estes casos n\u00e3o interessaram \u00e0 Lava Jato. Afinal, n\u00e3o envolvem &#8216;agentes pol\u00edticos&#8217; do PT&#8221;, afirma Tereza.<\/p>\n","protected":false},"excerpt":{"rendered":"<p>LAVA JATO ERROU COM DIRCEU. E A PENA, SER\u00c1 REDUZIDA?<\/p>\n","protected":false},"author":1,"featured_media":0,"comment_status":"closed","ping_status":"open","sticky":false,"template":"","format":"standard","meta":{"_exactmetrics_skip_tracking":false,"_exactmetrics_sitenote_active":false,"_exactmetrics_sitenote_note":"","_exactmetrics_sitenote_category":0,"jetpack_post_was_ever_published":false,"_jetpack_newsletter_access":"","_jetpack_dont_email_post_to_subs":false,"_jetpack_newsletter_tier_id":0,"_jetpack_memberships_contains_paywalled_content":false,"_jetpack_memberships_contains_paid_content":false,"footnotes":"","jetpack_publicize_message":"","jetpack_publicize_feature_enabled":true,"jetpack_social_post_already_shared":true,"jetpack_social_options":{"image_generator_settings":{"template":"highway","enabled":false},"version":2}},"categories":[1],"tags":[],"class_list":["post-4624","post","type-post","status-publish","format-standard","hentry","category-notas"],"jetpack_publicize_connections":[],"jetpack_sharing_enabled":true,"jetpack_featured_media_url":"","jetpack_shortlink":"https:\/\/wp.me\/p7wKYW-1cA","jetpack-related-posts":[],"_links":{"self":[{"href":"http:\/\/blogdalucianaoliveira.com.br\/blog\/wp-json\/wp\/v2\/posts\/4624","targetHints":{"allow":["GET"]}}],"collection":[{"href":"http:\/\/blogdalucianaoliveira.com.br\/blog\/wp-json\/wp\/v2\/posts"}],"about":[{"href":"http:\/\/blogdalucianaoliveira.com.br\/blog\/wp-json\/wp\/v2\/types\/post"}],"author":[{"embeddable":true,"href":"http:\/\/blogdalucianaoliveira.com.br\/blog\/wp-json\/wp\/v2\/users\/1"}],"replies":[{"embeddable":true,"href":"http:\/\/blogdalucianaoliveira.com.br\/blog\/wp-json\/wp\/v2\/comments?post=4624"}],"version-history":[{"count":1,"href":"http:\/\/blogdalucianaoliveira.com.br\/blog\/wp-json\/wp\/v2\/posts\/4624\/revisions"}],"predecessor-version":[{"id":4626,"href":"http:\/\/blogdalucianaoliveira.com.br\/blog\/wp-json\/wp\/v2\/posts\/4624\/revisions\/4626"}],"wp:attachment":[{"href":"http:\/\/blogdalucianaoliveira.com.br\/blog\/wp-json\/wp\/v2\/media?parent=4624"}],"wp:term":[{"taxonomy":"category","embeddable":true,"href":"http:\/\/blogdalucianaoliveira.com.br\/blog\/wp-json\/wp\/v2\/categories?post=4624"},{"taxonomy":"post_tag","embeddable":true,"href":"http:\/\/blogdalucianaoliveira.com.br\/blog\/wp-json\/wp\/v2\/tags?post=4624"}],"curies":[{"name":"wp","href":"https:\/\/api.w.org\/{rel}","templated":true}]}}