{"id":4648,"date":"2016-09-28T09:39:06","date_gmt":"2016-09-28T13:39:06","guid":{"rendered":"http:\/\/blogdalucianaoliveira.com.br\/blog\/?p=4648"},"modified":"2016-09-28T09:39:06","modified_gmt":"2016-09-28T13:39:06","slug":"batochio-a-sociedade-dara-um-basta-nos-abusos-da-lava-jato","status":"publish","type":"post","link":"http:\/\/blogdalucianaoliveira.com.br\/blog\/2016\/09\/28\/batochio-a-sociedade-dara-um-basta-nos-abusos-da-lava-jato\/","title":{"rendered":"BATOCHIO: \u201cA SOCIEDADE DAR\u00c1 UM BASTA NOS ABUSOS DA LAVA JATO\u201d"},"content":{"rendered":"<p><img data-recalc-dims=\"1\" loading=\"lazy\" decoding=\"async\" data-attachment-id=\"4650\" data-permalink=\"http:\/\/blogdalucianaoliveira.com.br\/blog\/2016\/09\/28\/batochio-a-sociedade-dara-um-basta-nos-abusos-da-lava-jato\/image-1121\/\" data-orig-file=\"https:\/\/i0.wp.com\/blogdalucianaoliveira.com.br\/blog\/wp-content\/uploads\/2016\/09\/image-321.jpeg?fit=350%2C244\" data-orig-size=\"350,244\" data-comments-opened=\"0\" data-image-meta=\"{&quot;aperture&quot;:&quot;0&quot;,&quot;credit&quot;:&quot;&quot;,&quot;camera&quot;:&quot;&quot;,&quot;caption&quot;:&quot;&quot;,&quot;created_timestamp&quot;:&quot;0&quot;,&quot;copyright&quot;:&quot;&quot;,&quot;focal_length&quot;:&quot;0&quot;,&quot;iso&quot;:&quot;0&quot;,&quot;shutter_speed&quot;:&quot;0&quot;,&quot;title&quot;:&quot;&quot;,&quot;orientation&quot;:&quot;0&quot;}\" data-image-title=\"image\" data-image-description=\"\" data-image-caption=\"\" data-medium-file=\"https:\/\/i0.wp.com\/blogdalucianaoliveira.com.br\/blog\/wp-content\/uploads\/2016\/09\/image-321.jpeg?fit=300%2C209\" data-large-file=\"https:\/\/i0.wp.com\/blogdalucianaoliveira.com.br\/blog\/wp-content\/uploads\/2016\/09\/image-321.jpeg?fit=350%2C244\" src=\"https:\/\/i0.wp.com\/blogdalucianaoliveira.com.br\/blog\/wp-content\/uploads\/2016\/09\/image-321.jpeg?resize=350%2C244\" alt=\"image\" width=\"350\" height=\"244\" class=\"alignnone size-full wp-image-4650\" srcset=\"https:\/\/i0.wp.com\/blogdalucianaoliveira.com.br\/blog\/wp-content\/uploads\/2016\/09\/image-321.jpeg?w=350 350w, https:\/\/i0.wp.com\/blogdalucianaoliveira.com.br\/blog\/wp-content\/uploads\/2016\/09\/image-321.jpeg?resize=300%2C209 300w\" sizes=\"auto, (max-width: 350px) 100vw, 350px\" \/><\/p>\n<p>247 \u2013 Advogado de Guido Mantega e Antonio Palocci, ex-ministros dos governos Lula e Dilma que foram alvos de pris\u00f5es pol\u00eamicas na Lava Jato nos \u00faltimos dias, Jos\u00e9 Roberto Batochio afirma, em cr\u00edtica \u00e0 investiga\u00e7\u00e3o, que &#8220;a liberdade est\u00e1 sendo cerceada&#8221;.<!--more--><\/p>\n<p>Em entrevista ao programa do Di\u00e1rio do Centro do Mundo na TVT, Batochio afirma: &#8220;A liberdade humana virou uma coisa de quinta categoria, prendem assim sem mais nem menos. H\u00e1 um nicho de pessoas mais inclinadas ao autoritarismo, levando o Brasil a um passo da barb\u00e1rie. Foi uma deten\u00e7\u00e3o abusiva, autorit\u00e1ria e desumana&#8221;.<\/p>\n<p>As duas pris\u00f5es foram cercadas de questionamentos. A de Mantega porque o ex-ministro estava no hospital acompanhando a esposa, com c\u00e2ncer, em uma cirurgia. Ele foi solto pelo juiz S\u00e9rgio Moro horas depois. E a de Palocci porque na decis\u00e3o de Moro h\u00e1 uma s\u00e9rie de presun\u00e7\u00f5es subjetivas para basear a pris\u00e3o tempor\u00e1ria.<\/p>\n<p>&#8220;Juiz, para mim, tem que ser impessoal&#8221;, diz Batochio sobre Moro. &#8220;Se n\u00e3o for, o estado tem que tomar provid\u00eancias. Tem que ser equilibrado e manter equidist\u00e2ncia. N\u00e3o posso concordar com essa absoluta inadequa\u00e7\u00e3o. \u00c9 direito de todo cidad\u00e3o ser julgado por um juiz imparcial. A lei assegura isso&#8221;, completa.<\/p>\n<p>Questionado se haver\u00e1 um ponto em que a sociedade se dar\u00e1 conta do autoritarismo, ele opina: &#8220;Sim, um momento de consci\u00eancia coletiva se dar\u00e1 contra esse clima de dela\u00e7\u00f5es, grampos. O p\u00fablico leigo vai entender que n\u00e3o \u00e9 assim que se faz. Todos n\u00f3s queremos que n\u00e3o haja mais corrup\u00e7\u00e3o, mas o estado n\u00e3o pode violar os direitos e nem praticar crimes&#8221;.<\/p>\n<p>As duas pris\u00f5es foram cercadas de questionamentos. A de Mantega porque o ex-ministro estava no hospital acompanhando a esposa, com c\u00e2ncer, em uma cirurgia. Ele foi solto pelo juiz S\u00e9rgio Moro horas depois. E a de Palocci porque na decis\u00e3o de Moro h\u00e1 uma s\u00e9rie de presun\u00e7\u00f5es subjetivas para basear a pris\u00e3o tempor\u00e1ria.<\/p>\n<p>&#8220;Juiz, para mim, tem que ser impessoal&#8221;, diz Batochio sobre Moro. &#8220;Se n\u00e3o for, o estado tem que tomar provid\u00eancias. Tem que ser equilibrado e manter equidist\u00e2ncia. N\u00e3o posso concordar com essa absoluta inadequa\u00e7\u00e3o. \u00c9 direito de todo cidad\u00e3o ser julgado por um juiz imparcial. A lei assegura isso&#8221;, completa.<\/p>\n<p>Questionado se haver\u00e1 um ponto em que a sociedade se dar\u00e1 conta do autoritarismo, ele opina: &#8220;Sim, um momento de consci\u00eancia coletiva se dar\u00e1 contra esse clima de dela\u00e7\u00f5es, grampos. O p\u00fablico leigo vai entender que n\u00e3o \u00e9 assim que se faz. Todos n\u00f3s queremos que n\u00e3o haja mais corrup\u00e7\u00e3o, mas o estado n\u00e3o pode violar os direitos e nem praticar crimes&#8221;.<\/p>\n","protected":false},"excerpt":{"rendered":"<p>247 \u2013 Advogado de Guido Mantega e Antonio Palocci, ex-ministros dos governos Lula e Dilma que foram alvos de pris\u00f5es pol\u00eamicas na Lava Jato nos \u00faltimos dias, Jos\u00e9 Roberto Batochio afirma, em cr\u00edtica \u00e0 investiga\u00e7\u00e3o, que &#8220;a liberdade est\u00e1 sendo cerceada&#8221;.<\/p>\n","protected":false},"author":1,"featured_media":0,"comment_status":"closed","ping_status":"open","sticky":false,"template":"","format":"standard","meta":{"_exactmetrics_skip_tracking":false,"_exactmetrics_sitenote_active":false,"_exactmetrics_sitenote_note":"","_exactmetrics_sitenote_category":0,"jetpack_post_was_ever_published":false,"_jetpack_newsletter_access":"","_jetpack_dont_email_post_to_subs":false,"_jetpack_newsletter_tier_id":0,"_jetpack_memberships_contains_paywalled_content":false,"_jetpack_memberships_contains_paid_content":false,"footnotes":"","jetpack_publicize_message":"","jetpack_publicize_feature_enabled":true,"jetpack_social_post_already_shared":true,"jetpack_social_options":{"image_generator_settings":{"template":"highway","enabled":false},"version":2}},"categories":[1],"tags":[],"class_list":["post-4648","post","type-post","status-publish","format-standard","hentry","category-notas"],"jetpack_publicize_connections":[],"jetpack_sharing_enabled":true,"jetpack_featured_media_url":"","jetpack_shortlink":"https:\/\/wp.me\/p7wKYW-1cY","jetpack-related-posts":[],"_links":{"self":[{"href":"http:\/\/blogdalucianaoliveira.com.br\/blog\/wp-json\/wp\/v2\/posts\/4648","targetHints":{"allow":["GET"]}}],"collection":[{"href":"http:\/\/blogdalucianaoliveira.com.br\/blog\/wp-json\/wp\/v2\/posts"}],"about":[{"href":"http:\/\/blogdalucianaoliveira.com.br\/blog\/wp-json\/wp\/v2\/types\/post"}],"author":[{"embeddable":true,"href":"http:\/\/blogdalucianaoliveira.com.br\/blog\/wp-json\/wp\/v2\/users\/1"}],"replies":[{"embeddable":true,"href":"http:\/\/blogdalucianaoliveira.com.br\/blog\/wp-json\/wp\/v2\/comments?post=4648"}],"version-history":[{"count":1,"href":"http:\/\/blogdalucianaoliveira.com.br\/blog\/wp-json\/wp\/v2\/posts\/4648\/revisions"}],"predecessor-version":[{"id":4651,"href":"http:\/\/blogdalucianaoliveira.com.br\/blog\/wp-json\/wp\/v2\/posts\/4648\/revisions\/4651"}],"wp:attachment":[{"href":"http:\/\/blogdalucianaoliveira.com.br\/blog\/wp-json\/wp\/v2\/media?parent=4648"}],"wp:term":[{"taxonomy":"category","embeddable":true,"href":"http:\/\/blogdalucianaoliveira.com.br\/blog\/wp-json\/wp\/v2\/categories?post=4648"},{"taxonomy":"post_tag","embeddable":true,"href":"http:\/\/blogdalucianaoliveira.com.br\/blog\/wp-json\/wp\/v2\/tags?post=4648"}],"curies":[{"name":"wp","href":"https:\/\/api.w.org\/{rel}","templated":true}]}}