{"id":4658,"date":"2016-09-28T10:27:01","date_gmt":"2016-09-28T14:27:01","guid":{"rendered":"http:\/\/blogdalucianaoliveira.com.br\/blog\/?p=4658"},"modified":"2016-09-28T10:29:00","modified_gmt":"2016-09-28T14:29:00","slug":"o-loco-bicho","status":"publish","type":"post","link":"http:\/\/blogdalucianaoliveira.com.br\/blog\/2016\/09\/28\/o-loco-bicho\/","title":{"rendered":"\u00d4 l\u00f4co, bicho!"},"content":{"rendered":"<p><img data-recalc-dims=\"1\" loading=\"lazy\" decoding=\"async\" data-attachment-id=\"4661\" data-permalink=\"http:\/\/blogdalucianaoliveira.com.br\/blog\/2016\/09\/28\/o-loco-bicho\/image-1123\/\" data-orig-file=\"https:\/\/i0.wp.com\/blogdalucianaoliveira.com.br\/blog\/wp-content\/uploads\/2016\/09\/image-323.jpeg?fit=461%2C319\" data-orig-size=\"461,319\" data-comments-opened=\"0\" data-image-meta=\"{&quot;aperture&quot;:&quot;0&quot;,&quot;credit&quot;:&quot;&quot;,&quot;camera&quot;:&quot;&quot;,&quot;caption&quot;:&quot;&quot;,&quot;created_timestamp&quot;:&quot;0&quot;,&quot;copyright&quot;:&quot;&quot;,&quot;focal_length&quot;:&quot;0&quot;,&quot;iso&quot;:&quot;0&quot;,&quot;shutter_speed&quot;:&quot;0&quot;,&quot;title&quot;:&quot;&quot;,&quot;orientation&quot;:&quot;0&quot;}\" data-image-title=\"image\" data-image-description=\"\" data-image-caption=\"\" data-medium-file=\"https:\/\/i0.wp.com\/blogdalucianaoliveira.com.br\/blog\/wp-content\/uploads\/2016\/09\/image-323.jpeg?fit=300%2C208\" data-large-file=\"https:\/\/i0.wp.com\/blogdalucianaoliveira.com.br\/blog\/wp-content\/uploads\/2016\/09\/image-323.jpeg?fit=461%2C319\" src=\"https:\/\/i0.wp.com\/blogdalucianaoliveira.com.br\/blog\/wp-content\/uploads\/2016\/09\/image-323.jpeg?resize=461%2C319\" alt=\"image\" width=\"461\" height=\"319\" class=\"alignnone size-full wp-image-4661\" srcset=\"https:\/\/i0.wp.com\/blogdalucianaoliveira.com.br\/blog\/wp-content\/uploads\/2016\/09\/image-323.jpeg?w=461 461w, https:\/\/i0.wp.com\/blogdalucianaoliveira.com.br\/blog\/wp-content\/uploads\/2016\/09\/image-323.jpeg?resize=300%2C208 300w\" sizes=\"auto, (max-width: 461px) 100vw, 461px\" \/><\/p>\n<p>A liga\u00e7\u00e3o vazada de Temer para Faust\u00e3o d\u00e1 o grau de desespero a que o governo chegou. <!--more--><\/p>\n<p>Por Kiko Nogueira<br \/>\nNo DCM<\/p>\n<p>H\u00e1 algo mais vergonhoso do que Temer ligar para o Faust\u00e3o se explicando: \u00e9 o Faust\u00e3o vazar a conversa.<\/p>\n<p>A coluna de Josias de Souza, no Uol, contou a hist\u00f3ria. Michel quis falar para o apresentador sobre o que o levou a baixar a reforma do ensino m\u00e9dio por medida provis\u00f3ria.<\/p>\n<p>No domingo passado, como se sabe, Fausto Silva fez um de seus desabafos pseudo espont\u00e2neos.<\/p>\n<p>\u201cEssa porra desse governo nem come\u00e7ou, n\u00e3o sabe se comunicar e j\u00e1 faz a reforma sem consultar ningu\u00e9m\u201d, discursou, metido numa camisa vermelha.<\/p>\n<p>\u201cEnt\u00e3o, o pa\u00eds que mais precisa de educa\u00e7\u00e3o faz uma reforma com cinco gatos pingados que n\u00e3o entendem porra nenhuma, que n\u00e3o consultam ningu\u00e9m e a\u00ed, de repente, tiram a educa\u00e7\u00e3o f\u00edsica, que \u00e9 fundamental na forma\u00e7\u00e3o do cidad\u00e3o\u201d, continuou.<\/p>\n<p>\u201cA\u00ed, quando voc\u00ea percebe, um pa\u00eds como esse, que tem uma sa\u00fade de quinta, n\u00e3o tem seguran\u00e7a, n\u00e3o tem emprego, n\u00e3o tem respeito a profiss\u00f5es b\u00e1sicas. O pa\u00eds que n\u00e3o respeita professor, pessoal da pol\u00edcia e pessoal da \u00e1rea de sa\u00fade e um pa\u00eds que n\u00e3o oferece o m\u00ednimo aos seus cidad\u00e3os\u201d.<\/p>\n<p>De acordo com Josias, Carlos Magno disse a Faust\u00e3o que n\u00e3o \u00e9 verdadeira a vers\u00e3o de que a educa\u00e7\u00e3o f\u00edsica foi exclu\u00edda do curr\u00edculo e que os resultados do Ideb (\u00cdndice de Desenvolvimento da Educa\u00e7\u00e3o B\u00e1sica) \u201crevelaram um desempenho sofr\u00edvel dos estudantes brasileiros\u201d.<\/p>\n<p>A coisa teria terminado com as reminisc\u00eancias de Faust\u00e3o dos tempos em que era rep\u00f3rter e entrevistou Temer no cargo de secret\u00e1rio de Seguran\u00e7a de S\u00e3o Paulo nos anos 80.<\/p>\n<p>Esse tipo de baixo expediente, de que Temer sempre foi useiro e vezeiro em sua carreira feita nas sombras, fica pat\u00e9tico e humilhante quando o sujeito \u00e9 presidente.<\/p>\n<p>O interlocutor, a quem o infeliz Michel certamente pediu confian\u00e7a, jogou a conversa no ventilador. O vazamento certamente veio acompanhado de risadas. \u201cO sem no\u00e7\u00e3o me ligou, d\u00e1 para acreditar?\u201d<\/p>\n<p>O que Temer esperava que resultasse disso? Ia se justificar? Ganhar um amigo? Provocar a comisera\u00e7\u00e3o de Faust\u00e3o de modo a ser tratado com mais carinho e respeito?<\/p>\n<p>Ele vai ligar para todos que o criticarem na TV ou apenas para os da Globo?<\/p>\n<p>O \u201cproblema de comunica\u00e7\u00e3o\u201d do governo Temer n\u00e3o ser\u00e1 resolvido pelos paus mandados do MBL, por Bill Gates ou por Saddam Hussein porque ele se chama Michel Temer.<\/p>\n<p>Um corrupto inepto escala uma equipe de corruptos ineptos e falastr\u00f5es e espera que o som produzido seja qual? O de uma orquestra afinada?<\/p>\n<p>O vexame da liga\u00e7\u00e3o para Faust\u00e3o mostra o grau de desespero da gest\u00e3o do golpe. Desandou geral. 2017 a Globo manda trocar. \u00d4 loco, bicho.<\/p>\n","protected":false},"excerpt":{"rendered":"<p>A liga\u00e7\u00e3o vazada de Temer para Faust\u00e3o d\u00e1 o grau de desespero a que o governo chegou.<\/p>\n","protected":false},"author":1,"featured_media":0,"comment_status":"closed","ping_status":"open","sticky":false,"template":"","format":"standard","meta":{"_exactmetrics_skip_tracking":false,"_exactmetrics_sitenote_active":false,"_exactmetrics_sitenote_note":"","_exactmetrics_sitenote_category":0,"jetpack_post_was_ever_published":false,"_jetpack_newsletter_access":"","_jetpack_dont_email_post_to_subs":false,"_jetpack_newsletter_tier_id":0,"_jetpack_memberships_contains_paywalled_content":false,"_jetpack_memberships_contains_paid_content":false,"footnotes":"","jetpack_publicize_message":"","jetpack_publicize_feature_enabled":true,"jetpack_social_post_already_shared":true,"jetpack_social_options":{"image_generator_settings":{"template":"highway","enabled":false},"version":2}},"categories":[1],"tags":[],"class_list":["post-4658","post","type-post","status-publish","format-standard","hentry","category-notas"],"jetpack_publicize_connections":[],"jetpack_sharing_enabled":true,"jetpack_featured_media_url":"","jetpack_shortlink":"https:\/\/wp.me\/p7wKYW-1d8","jetpack-related-posts":[],"_links":{"self":[{"href":"http:\/\/blogdalucianaoliveira.com.br\/blog\/wp-json\/wp\/v2\/posts\/4658","targetHints":{"allow":["GET"]}}],"collection":[{"href":"http:\/\/blogdalucianaoliveira.com.br\/blog\/wp-json\/wp\/v2\/posts"}],"about":[{"href":"http:\/\/blogdalucianaoliveira.com.br\/blog\/wp-json\/wp\/v2\/types\/post"}],"author":[{"embeddable":true,"href":"http:\/\/blogdalucianaoliveira.com.br\/blog\/wp-json\/wp\/v2\/users\/1"}],"replies":[{"embeddable":true,"href":"http:\/\/blogdalucianaoliveira.com.br\/blog\/wp-json\/wp\/v2\/comments?post=4658"}],"version-history":[{"count":2,"href":"http:\/\/blogdalucianaoliveira.com.br\/blog\/wp-json\/wp\/v2\/posts\/4658\/revisions"}],"predecessor-version":[{"id":4663,"href":"http:\/\/blogdalucianaoliveira.com.br\/blog\/wp-json\/wp\/v2\/posts\/4658\/revisions\/4663"}],"wp:attachment":[{"href":"http:\/\/blogdalucianaoliveira.com.br\/blog\/wp-json\/wp\/v2\/media?parent=4658"}],"wp:term":[{"taxonomy":"category","embeddable":true,"href":"http:\/\/blogdalucianaoliveira.com.br\/blog\/wp-json\/wp\/v2\/categories?post=4658"},{"taxonomy":"post_tag","embeddable":true,"href":"http:\/\/blogdalucianaoliveira.com.br\/blog\/wp-json\/wp\/v2\/tags?post=4658"}],"curies":[{"name":"wp","href":"https:\/\/api.w.org\/{rel}","templated":true}]}}