{"id":4664,"date":"2016-09-28T11:51:52","date_gmt":"2016-09-28T15:51:52","guid":{"rendered":"http:\/\/blogdalucianaoliveira.com.br\/blog\/?p=4664"},"modified":"2016-09-28T11:55:53","modified_gmt":"2016-09-28T15:55:53","slug":"exame-de-dna-de-nicinha-sera-realizado-no-mato-grosso-mas-prazo-continua-indefinido","status":"publish","type":"post","link":"http:\/\/blogdalucianaoliveira.com.br\/blog\/2016\/09\/28\/exame-de-dna-de-nicinha-sera-realizado-no-mato-grosso-mas-prazo-continua-indefinido\/","title":{"rendered":"Exame de DNA de Nicinha ser\u00e1 realizado no Mato Grosso, mas prazo continua indefinido"},"content":{"rendered":"<p><img data-recalc-dims=\"1\" loading=\"lazy\" decoding=\"async\" data-attachment-id=\"4665\" data-permalink=\"http:\/\/blogdalucianaoliveira.com.br\/blog\/2016\/09\/28\/exame-de-dna-de-nicinha-sera-realizado-no-mato-grosso-mas-prazo-continua-indefinido\/image-1124\/\" data-orig-file=\"https:\/\/i0.wp.com\/blogdalucianaoliveira.com.br\/blog\/wp-content\/uploads\/2016\/09\/image-324.jpeg?fit=750%2C410\" data-orig-size=\"750,410\" data-comments-opened=\"0\" data-image-meta=\"{&quot;aperture&quot;:&quot;0&quot;,&quot;credit&quot;:&quot;&quot;,&quot;camera&quot;:&quot;&quot;,&quot;caption&quot;:&quot;&quot;,&quot;created_timestamp&quot;:&quot;0&quot;,&quot;copyright&quot;:&quot;&quot;,&quot;focal_length&quot;:&quot;0&quot;,&quot;iso&quot;:&quot;0&quot;,&quot;shutter_speed&quot;:&quot;0&quot;,&quot;title&quot;:&quot;&quot;,&quot;orientation&quot;:&quot;1&quot;}\" data-image-title=\"image\" data-image-description=\"\" data-image-caption=\"\" data-medium-file=\"https:\/\/i0.wp.com\/blogdalucianaoliveira.com.br\/blog\/wp-content\/uploads\/2016\/09\/image-324.jpeg?fit=300%2C164\" data-large-file=\"https:\/\/i0.wp.com\/blogdalucianaoliveira.com.br\/blog\/wp-content\/uploads\/2016\/09\/image-324.jpeg?fit=600%2C328\" src=\"https:\/\/i0.wp.com\/blogdalucianaoliveira.com.br\/blog\/wp-content\/uploads\/2016\/09\/image-324.jpeg?resize=600%2C328\" alt=\"image\" width=\"600\" height=\"328\" class=\"alignnone size-full wp-image-4665\" srcset=\"https:\/\/i0.wp.com\/blogdalucianaoliveira.com.br\/blog\/wp-content\/uploads\/2016\/09\/image-324.jpeg?w=750 750w, https:\/\/i0.wp.com\/blogdalucianaoliveira.com.br\/blog\/wp-content\/uploads\/2016\/09\/image-324.jpeg?resize=300%2C164 300w, https:\/\/i0.wp.com\/blogdalucianaoliveira.com.br\/blog\/wp-content\/uploads\/2016\/09\/image-324.jpeg?resize=549%2C300 549w\" sizes=\"auto, (max-width: 600px) 100vw, 600px\" \/><\/p>\n<p>Secretaria de Seguran\u00e7a de Rond\u00f4nia informou, ap\u00f3s press\u00e3o dos familiares e do MAB, que exame de DNA de Nicinha ser\u00e1 realizado no Mato Grosso, mas n\u00e3o fixou data de entrega do material<!--more--><\/p>\n<p>No MAB<\/p>\n<p>Nilce de Souza Magalh\u00e3es, pescadora e militante do Movimento dos Atingidos por Barragens (MAB), desapareceu no dia 7 de janeiro de 2016, mas apenas cinco meses ap\u00f3s o ocorrido alguns ossos foram encontrados, no dia 21 de junho. Suas filhas reconheceram o seu rel\u00f3gio de pulso, a parte inferior do biqu\u00edni e uma bermuda masculina que costumava usar. Os objetivos foram achados juntos \u00e0 ossada que estava no fundo do lago da Usina Hidrel\u00e9trica Jirau, em Porto Velho (RO).<\/p>\n<p>A fam\u00edlia n\u00e3o possui o prontu\u00e1rio odontol\u00f3gico para a realiza\u00e7\u00e3o do exame da arcada dent\u00e1ria e a confirma\u00e7\u00e3o por meio do exame de DNA \u00e9 necess\u00e1ria para permitir a libera\u00e7\u00e3o dos vest\u00edgios para que seus familiares possam realizar o seu vel\u00f3rio. Mas, desde ent\u00e3o, o Governo do Estado de Rond\u00f4nia e a Secretaria de Seguran\u00e7a v\u00eam colocando diversas dificuldades para a sua realiza\u00e7\u00e3o.<\/p>\n<p>Ap\u00f3s audi\u00eancia realizada pela Comiss\u00e3o de Direitos Humanos e Minorias da C\u00e2mara dos Deputados para discutir a viol\u00eancia no campo, realizada no in\u00edcio de agosto, o deputado presidente da comiss\u00e3o solicitou ao Governador do Estado de Rond\u00f4nia que fosse realizado o exame de DNA de Nicinha o mais r\u00e1pido poss\u00edvel.<\/p>\n<p>Somente no dia 8 de setembro, foi dada oficialmente a resposta do Secret\u00e1rio de Seguran\u00e7a do Estado de Rond\u00f4nia, Ant\u00f4nio Carlos dos Reis, que o exame seria realizado pela Secretaria de Seguran\u00e7a do Estado do Mato Grosso, por\u00e9m n\u00e3o foi fixada qualquer previs\u00e3o de data para conclus\u00e3o do exame no of\u00edcio.<\/p>\n<p>No dia 5 de setembro, o Juiz de Direito Enio Salvador Vaz apresentou decis\u00e3o de pron\u00fancia, ou seja, encaminhou os acusados pelo assassinato de Nicinha para j\u00fari popular (Proc: 0000701-65.2016.8.22.0501). Tamb\u00e9m determinou a remo\u00e7\u00e3o do acusado, Edione Pessoa da Silva, da cidade de Rio Branco, no Acre, onde permanece desde que foi recapturado no dia 3 de agosto, ap\u00f3s ter fugido do pavilh\u00e3o C da Penitenci\u00e1ria Estadual Edvan Mariano Rosendo, conhecida como \u2018Pandinha\u2019, no dia 11 de abril.<\/p>\n<p>Uma s\u00e9rie de lacunas est\u00e1 presente na vers\u00e3o apresentada no primeiro inqu\u00e9rito policial: o local apresentava vest\u00edgios de luta corporal, como o colar quebrado de Nicinha, que estava jogado no ch\u00e3o; a falta de materialidade do corpo para comprovar a execu\u00e7\u00e3o por tiros de espingarda calibre 20; as contradi\u00e7\u00f5es nos depoimentos dos r\u00e9us e seus familiares; entre outras.<\/p>\n<p><img data-recalc-dims=\"1\" loading=\"lazy\" decoding=\"async\" data-attachment-id=\"4668\" data-permalink=\"http:\/\/blogdalucianaoliveira.com.br\/blog\/2016\/09\/28\/exame-de-dna-de-nicinha-sera-realizado-no-mato-grosso-mas-prazo-continua-indefinido\/image-1125\/\" data-orig-file=\"https:\/\/i0.wp.com\/blogdalucianaoliveira.com.br\/blog\/wp-content\/uploads\/2016\/09\/image-325.jpeg?fit=1300%2C1978\" data-orig-size=\"1300,1978\" data-comments-opened=\"0\" data-image-meta=\"{&quot;aperture&quot;:&quot;0&quot;,&quot;credit&quot;:&quot;&quot;,&quot;camera&quot;:&quot;&quot;,&quot;caption&quot;:&quot;&quot;,&quot;created_timestamp&quot;:&quot;0&quot;,&quot;copyright&quot;:&quot;&quot;,&quot;focal_length&quot;:&quot;0&quot;,&quot;iso&quot;:&quot;0&quot;,&quot;shutter_speed&quot;:&quot;0&quot;,&quot;title&quot;:&quot;&quot;,&quot;orientation&quot;:&quot;0&quot;}\" data-image-title=\"image\" data-image-description=\"\" data-image-caption=\"\" data-medium-file=\"https:\/\/i0.wp.com\/blogdalucianaoliveira.com.br\/blog\/wp-content\/uploads\/2016\/09\/image-325.jpeg?fit=197%2C300\" data-large-file=\"https:\/\/i0.wp.com\/blogdalucianaoliveira.com.br\/blog\/wp-content\/uploads\/2016\/09\/image-325.jpeg?fit=600%2C913\" src=\"https:\/\/i0.wp.com\/blogdalucianaoliveira.com.br\/blog\/wp-content\/uploads\/2016\/09\/image-325.jpeg?resize=600%2C913\" alt=\"image\" width=\"600\" height=\"913\" class=\"alignnone size-full wp-image-4668\" srcset=\"https:\/\/i0.wp.com\/blogdalucianaoliveira.com.br\/blog\/wp-content\/uploads\/2016\/09\/image-325.jpeg?w=1300 1300w, https:\/\/i0.wp.com\/blogdalucianaoliveira.com.br\/blog\/wp-content\/uploads\/2016\/09\/image-325.jpeg?resize=197%2C300 197w, https:\/\/i0.wp.com\/blogdalucianaoliveira.com.br\/blog\/wp-content\/uploads\/2016\/09\/image-325.jpeg?w=1200 1200w\" sizes=\"auto, (max-width: 600px) 100vw, 600px\" \/><\/p>\n<p>Em sua comunidade, no distrito de Abun\u00e3, Nicinha lutou contra as viola\u00e7\u00f5es de direitos humanos provocadas pela implanta\u00e7\u00e3o da usina hidrel\u00e9trica de Jirau, no rio Madeira. Reivindicava o direito de reassentamento de seu distrito para local seguro, e que fosse escolhido pela comunidade. Exigia que o projeto de reassentamento atendesse aos modos de vida das fam\u00edlias atingidas para a garantia do reestabelecimento de suas formas de reprodu\u00e7\u00e3o materiais e simb\u00f3licas. Tamb\u00e9m denunciou a forma\u00e7\u00e3o do reservat\u00f3rio da hidrel\u00e9trica sobre \u00e1reas de florestas, provocando a morte de quil\u00f4metros de \u00e1rvores, entre esp\u00e9cies importantes para as fam\u00edlias extrativistas, como a castanheira e o a\u00e7a\u00ed, e, principalmente, denunciou os impactos provocados nas atividades pesqueiras das popula\u00e7\u00f5es ribeirinhas atingidas pela obra.<\/p>\n<p>\u2014<\/p>\n<p>Nicinha no lago da hidrel\u00e9trica de Jirau, em Velha Mutum (Foto: MAB)<\/p>\n","protected":false},"excerpt":{"rendered":"<p>Secretaria de Seguran\u00e7a de Rond\u00f4nia informou, ap\u00f3s press\u00e3o dos familiares e do MAB, que exame de DNA de Nicinha ser\u00e1 realizado no Mato Grosso, mas n\u00e3o fixou data de entrega do material<\/p>\n","protected":false},"author":1,"featured_media":0,"comment_status":"closed","ping_status":"open","sticky":false,"template":"","format":"standard","meta":{"_exactmetrics_skip_tracking":false,"_exactmetrics_sitenote_active":false,"_exactmetrics_sitenote_note":"","_exactmetrics_sitenote_category":0,"jetpack_post_was_ever_published":false,"_jetpack_newsletter_access":"","_jetpack_dont_email_post_to_subs":false,"_jetpack_newsletter_tier_id":0,"_jetpack_memberships_contains_paywalled_content":false,"_jetpack_memberships_contains_paid_content":false,"footnotes":"","jetpack_publicize_message":"","jetpack_publicize_feature_enabled":true,"jetpack_social_post_already_shared":true,"jetpack_social_options":{"image_generator_settings":{"template":"highway","enabled":false},"version":2}},"categories":[1],"tags":[],"class_list":["post-4664","post","type-post","status-publish","format-standard","hentry","category-notas"],"jetpack_publicize_connections":[],"jetpack_sharing_enabled":true,"jetpack_featured_media_url":"","jetpack_shortlink":"https:\/\/wp.me\/p7wKYW-1de","jetpack-related-posts":[],"_links":{"self":[{"href":"http:\/\/blogdalucianaoliveira.com.br\/blog\/wp-json\/wp\/v2\/posts\/4664","targetHints":{"allow":["GET"]}}],"collection":[{"href":"http:\/\/blogdalucianaoliveira.com.br\/blog\/wp-json\/wp\/v2\/posts"}],"about":[{"href":"http:\/\/blogdalucianaoliveira.com.br\/blog\/wp-json\/wp\/v2\/types\/post"}],"author":[{"embeddable":true,"href":"http:\/\/blogdalucianaoliveira.com.br\/blog\/wp-json\/wp\/v2\/users\/1"}],"replies":[{"embeddable":true,"href":"http:\/\/blogdalucianaoliveira.com.br\/blog\/wp-json\/wp\/v2\/comments?post=4664"}],"version-history":[{"count":3,"href":"http:\/\/blogdalucianaoliveira.com.br\/blog\/wp-json\/wp\/v2\/posts\/4664\/revisions"}],"predecessor-version":[{"id":4669,"href":"http:\/\/blogdalucianaoliveira.com.br\/blog\/wp-json\/wp\/v2\/posts\/4664\/revisions\/4669"}],"wp:attachment":[{"href":"http:\/\/blogdalucianaoliveira.com.br\/blog\/wp-json\/wp\/v2\/media?parent=4664"}],"wp:term":[{"taxonomy":"category","embeddable":true,"href":"http:\/\/blogdalucianaoliveira.com.br\/blog\/wp-json\/wp\/v2\/categories?post=4664"},{"taxonomy":"post_tag","embeddable":true,"href":"http:\/\/blogdalucianaoliveira.com.br\/blog\/wp-json\/wp\/v2\/tags?post=4664"}],"curies":[{"name":"wp","href":"https:\/\/api.w.org\/{rel}","templated":true}]}}