{"id":4676,"date":"2016-09-28T17:22:50","date_gmt":"2016-09-28T21:22:50","guid":{"rendered":"http:\/\/blogdalucianaoliveira.com.br\/blog\/?p=4676"},"modified":"2016-09-28T17:30:50","modified_gmt":"2016-09-28T21:30:50","slug":"acampamento-do-mst-sofre-despejo-ilegal-por-pistoleiros-em-rondonia","status":"publish","type":"post","link":"http:\/\/blogdalucianaoliveira.com.br\/blog\/2016\/09\/28\/acampamento-do-mst-sofre-despejo-ilegal-por-pistoleiros-em-rondonia\/","title":{"rendered":"Acampamento do MST sofre despejo ilegal por pistoleiros em Rond\u00f4nia"},"content":{"rendered":"<p><img data-recalc-dims=\"1\" loading=\"lazy\" decoding=\"async\" data-attachment-id=\"4678\" data-permalink=\"http:\/\/blogdalucianaoliveira.com.br\/blog\/2016\/09\/28\/acampamento-do-mst-sofre-despejo-ilegal-por-pistoleiros-em-rondonia\/image-1128\/\" data-orig-file=\"https:\/\/i0.wp.com\/blogdalucianaoliveira.com.br\/blog\/wp-content\/uploads\/2016\/09\/image-328.jpeg?fit=638%2C479\" data-orig-size=\"638,479\" data-comments-opened=\"0\" data-image-meta=\"{&quot;aperture&quot;:&quot;0&quot;,&quot;credit&quot;:&quot;&quot;,&quot;camera&quot;:&quot;&quot;,&quot;caption&quot;:&quot;&quot;,&quot;created_timestamp&quot;:&quot;0&quot;,&quot;copyright&quot;:&quot;&quot;,&quot;focal_length&quot;:&quot;0&quot;,&quot;iso&quot;:&quot;0&quot;,&quot;shutter_speed&quot;:&quot;0&quot;,&quot;title&quot;:&quot;&quot;,&quot;orientation&quot;:&quot;0&quot;}\" data-image-title=\"image\" data-image-description=\"\" data-image-caption=\"\" data-medium-file=\"https:\/\/i0.wp.com\/blogdalucianaoliveira.com.br\/blog\/wp-content\/uploads\/2016\/09\/image-328.jpeg?fit=300%2C225\" data-large-file=\"https:\/\/i0.wp.com\/blogdalucianaoliveira.com.br\/blog\/wp-content\/uploads\/2016\/09\/image-328.jpeg?fit=600%2C450\" src=\"https:\/\/i0.wp.com\/blogdalucianaoliveira.com.br\/blog\/wp-content\/uploads\/2016\/09\/image-328.jpeg?resize=600%2C450\" alt=\"image\" width=\"600\" height=\"450\" class=\"alignnone size-full wp-image-4678\" \/><\/p>\n<p>*Especial para P\u00e1gina do MST<\/p>\n<p>Cerca de 70 fam\u00edlias do Acampamento Eg\u00eddio Brunetto sofreram um ataque violento no dia 23\/09, por volta das 14 horas. O acampamento \u00e9 organizado pelo MST e est\u00e1 localizado na fazenda Morro Vermelho, no ramal 31 de mar\u00e7o, km 12, pr\u00f3ximo \u00e0 vila de Nova Mutum Paran\u00e1, entre Jaci Paran\u00e1 e Uni\u00e3o Bandeirantes, cerca de 140 km de Porto Velho.<\/p>\n<p>O ataque foi realizado por cerca de 10 homens acompanhados dos pretensos donos da \u00e1rea e aconteceu da forma como tem ocorrido a maioria dos ataques paramilitares contra camponeses Sem Terra no estado de Rond\u00f4nia, cuja incid\u00eancia t\u00eam se intensificado.<\/p>\n<p>Foi utilizado aparato b\u00e9lico pesado, com armas autom\u00e1ticas e de grosso calibre. O repert\u00f3rio tem se repetido: a trucul\u00eancia indiscriminada contra idosos, mulheres e crian\u00e7as; a destrui\u00e7\u00e3o dos barracos e dos pertences dos acampados; al\u00e9m da elimina\u00e7\u00e3o de registros, como filmagem, para for\u00e7ar as pessoas a dar seus nomes e de parentes durante as den\u00fancias, visando torn\u00e1-las expostas \u00e0 futuras repres\u00e1lias.<\/p>\n<p><img data-recalc-dims=\"1\" loading=\"lazy\" decoding=\"async\" data-attachment-id=\"4677\" data-permalink=\"http:\/\/blogdalucianaoliveira.com.br\/blog\/2016\/09\/28\/acampamento-do-mst-sofre-despejo-ilegal-por-pistoleiros-em-rondonia\/image-1127\/\" data-orig-file=\"https:\/\/i0.wp.com\/blogdalucianaoliveira.com.br\/blog\/wp-content\/uploads\/2016\/09\/image-327.jpeg?fit=1024%2C768\" data-orig-size=\"1024,768\" data-comments-opened=\"0\" data-image-meta=\"{&quot;aperture&quot;:&quot;0&quot;,&quot;credit&quot;:&quot;&quot;,&quot;camera&quot;:&quot;&quot;,&quot;caption&quot;:&quot;&quot;,&quot;created_timestamp&quot;:&quot;0&quot;,&quot;copyright&quot;:&quot;&quot;,&quot;focal_length&quot;:&quot;0&quot;,&quot;iso&quot;:&quot;0&quot;,&quot;shutter_speed&quot;:&quot;0&quot;,&quot;title&quot;:&quot;&quot;,&quot;orientation&quot;:&quot;0&quot;}\" data-image-title=\"image\" data-image-description=\"\" data-image-caption=\"\" data-medium-file=\"https:\/\/i0.wp.com\/blogdalucianaoliveira.com.br\/blog\/wp-content\/uploads\/2016\/09\/image-327.jpeg?fit=300%2C225\" data-large-file=\"https:\/\/i0.wp.com\/blogdalucianaoliveira.com.br\/blog\/wp-content\/uploads\/2016\/09\/image-327.jpeg?fit=600%2C450\" src=\"https:\/\/i0.wp.com\/blogdalucianaoliveira.com.br\/blog\/wp-content\/uploads\/2016\/09\/image-327.jpeg?resize=600%2C450\" alt=\"image\" width=\"600\" height=\"450\" class=\"alignnone size-full wp-image-4677\" srcset=\"https:\/\/i0.wp.com\/blogdalucianaoliveira.com.br\/blog\/wp-content\/uploads\/2016\/09\/image-327.jpeg?w=1024 1024w, https:\/\/i0.wp.com\/blogdalucianaoliveira.com.br\/blog\/wp-content\/uploads\/2016\/09\/image-327.jpeg?resize=300%2C225 300w, https:\/\/i0.wp.com\/blogdalucianaoliveira.com.br\/blog\/wp-content\/uploads\/2016\/09\/image-327.jpeg?resize=400%2C300 400w\" sizes=\"auto, (max-width: 600px) 100vw, 600px\" \/><br \/>\nImagens do acampamento devastado pelos pistoleiros. Foto: MST\/RO<\/p>\n<p>Os pistoleiros tamb\u00e9m filmaram os acampados enquanto os amea\u00e7avam com armas apontadas para dizerem os seus nomes.Ap\u00f3s o despejo, as fam\u00edlias retornaram para uma \u00e1rea vizinha e mesmo estando fora da tal fazenda, a tens\u00e3o permanece com a presen\u00e7a dos pistoleiros, que continuam constantemente rondando o grupo e proferindo amea\u00e7as.<\/p>\n<p>A Delegacia Agr\u00e1ria e a Ouvidoria Agr\u00e1ria foram comunicadas no mesmo dia por meio do Minist\u00e9rio P\u00fablico Federal, mas a Pol\u00edcia Civil informou que n\u00e3o teria efetivo suficiente para atender a urg\u00eancia at\u00e9 segunda-feira (26).<\/p>\n<p>Conforme o Instituto Nacional de Coloniza\u00e7\u00e3o e Reforma Agr\u00e1ria (Incra), a \u00e1rea de 2.196 hectares \u00e9 objeto de conflito agr\u00e1rio desde 2010 e foi arrolada em investiga\u00e7\u00f5es na Opera\u00e7\u00e3o Term\u00f3pilas da Policia Federal em 2011, que culminou na decreta\u00e7\u00e3o de pris\u00e3o do ent\u00e3o presidente da Assembleia Legislativa do Estado de Rond\u00f4nia, Valter Ara\u00fajo.<\/p>\n<p>O acampamento j\u00e1 foi alvo de pedido junto \u00e0 justi\u00e7a de Reintegra\u00e7\u00e3o de Posse pelos pretensos donos da fazenda Morro Vermelho, o que n\u00e3o logrou \u00eaxito. O despejo foi ent\u00e3o suspenso por se tratar de terras p\u00fablicas, que foram ilegalmente incorporadas \u00e0 fazenda e oficialmente deveriam fazer parte do Assentamento Nilson Campos. Tal fato j\u00e1 foi confirmado nos autos do processo em laudos de vistorias t\u00e9cnicas do pr\u00f3prio Incra, que vem se comprometendo a assentar as fam\u00edlias.<\/p>\n<p>Clima de tens\u00e3o no estado<\/p>\n<p>Sem decis\u00e3o judicial que ampare a reintegra\u00e7\u00e3o de \u00e1rea p\u00fablica ilegalmente obtida, vem se buscado expulsar os acampados criminosamente, por meio da pistolagem. &#8220;O que est\u00e1 ocorrendo \u00e9 extremamente preocupante e exige provid\u00eancias urgentes, levando-se ainda em considera\u00e7\u00e3o a escalada de criminaliza\u00e7\u00e3o e viol\u00eancia contra os movimentos sociais camponeses em Rond\u00f4nia, onde ocorreu 20 dos 50 assassinatos de lideran\u00e7as da luta pelo direito \u00e0 terra no Brasil em 2015&#8221;, denuncia Zon\u00e1lia Neris, da Dire\u00e7\u00e3o Nacional do MST.<\/p>\n<p>No primeiro semestre deste mesmo ano, o acampamento Hugo Ch\u00e1vez, entre as cidades de Ariquemes e Cacaul\u00e2ndia, tamb\u00e9m organizado pelo MST em Rond\u00f4nia, sofreu um ataque de pistoleiros \u00e0 luz do dia, em que despejaram as fam\u00edlias com agress\u00f5es e disparos de armas, em seguida queimaram o acampamento.<\/p>\n<p>Ambos os casos poderiam ter sido evitados, mas n\u00e3o houve agilidade e efic\u00e1cia na atua\u00e7\u00e3o da pol\u00edcia, do Incra em assentar as fam\u00edlias e do Estado de Rond\u00f4nia.<\/p>\n<p><img data-recalc-dims=\"1\" loading=\"lazy\" decoding=\"async\" data-attachment-id=\"4684\" data-permalink=\"http:\/\/blogdalucianaoliveira.com.br\/blog\/2016\/09\/28\/acampamento-do-mst-sofre-despejo-ilegal-por-pistoleiros-em-rondonia\/image-1129\/\" data-orig-file=\"https:\/\/i0.wp.com\/blogdalucianaoliveira.com.br\/blog\/wp-content\/uploads\/2016\/09\/image-329.jpeg?fit=715%2C930\" data-orig-size=\"715,930\" data-comments-opened=\"0\" data-image-meta=\"{&quot;aperture&quot;:&quot;0&quot;,&quot;credit&quot;:&quot;&quot;,&quot;camera&quot;:&quot;&quot;,&quot;caption&quot;:&quot;&quot;,&quot;created_timestamp&quot;:&quot;0&quot;,&quot;copyright&quot;:&quot;&quot;,&quot;focal_length&quot;:&quot;0&quot;,&quot;iso&quot;:&quot;0&quot;,&quot;shutter_speed&quot;:&quot;0&quot;,&quot;title&quot;:&quot;&quot;,&quot;orientation&quot;:&quot;0&quot;}\" data-image-title=\"image\" data-image-description=\"\" data-image-caption=\"\" data-medium-file=\"https:\/\/i0.wp.com\/blogdalucianaoliveira.com.br\/blog\/wp-content\/uploads\/2016\/09\/image-329.jpeg?fit=231%2C300\" data-large-file=\"https:\/\/i0.wp.com\/blogdalucianaoliveira.com.br\/blog\/wp-content\/uploads\/2016\/09\/image-329.jpeg?fit=600%2C780\" src=\"https:\/\/i0.wp.com\/blogdalucianaoliveira.com.br\/blog\/wp-content\/uploads\/2016\/09\/image-329.jpeg?resize=600%2C780\" alt=\"image\" width=\"600\" height=\"780\" class=\"alignnone size-full wp-image-4684\" srcset=\"https:\/\/i0.wp.com\/blogdalucianaoliveira.com.br\/blog\/wp-content\/uploads\/2016\/09\/image-329.jpeg?w=715 715w, https:\/\/i0.wp.com\/blogdalucianaoliveira.com.br\/blog\/wp-content\/uploads\/2016\/09\/image-329.jpeg?resize=231%2C300 231w\" sizes=\"auto, (max-width: 600px) 100vw, 600px\" \/><\/p>\n<p>*Editado por Rafael Soriano<\/p>\n","protected":false},"excerpt":{"rendered":"<p>*Especial para P\u00e1gina do MST Cerca de 70 fam\u00edlias do Acampamento Eg\u00eddio Brunetto sofreram um ataque violento no dia 23\/09, por volta das 14 horas. O acampamento \u00e9 organizado pelo MST e est\u00e1 localizado na fazenda Morro Vermelho, no ramal 31 de mar\u00e7o, km 12, pr\u00f3ximo \u00e0 vila de Nova Mutum Paran\u00e1, entre Jaci Paran\u00e1&#8230;<a class=\"more-link\" href=\"http:\/\/blogdalucianaoliveira.com.br\/blog\/2016\/09\/28\/acampamento-do-mst-sofre-despejo-ilegal-por-pistoleiros-em-rondonia\/\">Continue a leitura <span class=\"meta-nav\">&raquo;<\/span><\/a><\/p>\n","protected":false},"author":1,"featured_media":0,"comment_status":"closed","ping_status":"open","sticky":false,"template":"","format":"standard","meta":{"_exactmetrics_skip_tracking":false,"_exactmetrics_sitenote_active":false,"_exactmetrics_sitenote_note":"","_exactmetrics_sitenote_category":0,"jetpack_post_was_ever_published":false,"_jetpack_newsletter_access":"","_jetpack_dont_email_post_to_subs":false,"_jetpack_newsletter_tier_id":0,"_jetpack_memberships_contains_paywalled_content":false,"_jetpack_memberships_contains_paid_content":false,"footnotes":"","jetpack_publicize_message":"","jetpack_publicize_feature_enabled":true,"jetpack_social_post_already_shared":true,"jetpack_social_options":{"image_generator_settings":{"template":"highway","enabled":false},"version":2}},"categories":[1],"tags":[],"class_list":["post-4676","post","type-post","status-publish","format-standard","hentry","category-notas"],"jetpack_publicize_connections":[],"jetpack_sharing_enabled":true,"jetpack_featured_media_url":"","jetpack_shortlink":"https:\/\/wp.me\/p7wKYW-1dq","jetpack-related-posts":[],"_links":{"self":[{"href":"http:\/\/blogdalucianaoliveira.com.br\/blog\/wp-json\/wp\/v2\/posts\/4676","targetHints":{"allow":["GET"]}}],"collection":[{"href":"http:\/\/blogdalucianaoliveira.com.br\/blog\/wp-json\/wp\/v2\/posts"}],"about":[{"href":"http:\/\/blogdalucianaoliveira.com.br\/blog\/wp-json\/wp\/v2\/types\/post"}],"author":[{"embeddable":true,"href":"http:\/\/blogdalucianaoliveira.com.br\/blog\/wp-json\/wp\/v2\/users\/1"}],"replies":[{"embeddable":true,"href":"http:\/\/blogdalucianaoliveira.com.br\/blog\/wp-json\/wp\/v2\/comments?post=4676"}],"version-history":[{"count":6,"href":"http:\/\/blogdalucianaoliveira.com.br\/blog\/wp-json\/wp\/v2\/posts\/4676\/revisions"}],"predecessor-version":[{"id":4685,"href":"http:\/\/blogdalucianaoliveira.com.br\/blog\/wp-json\/wp\/v2\/posts\/4676\/revisions\/4685"}],"wp:attachment":[{"href":"http:\/\/blogdalucianaoliveira.com.br\/blog\/wp-json\/wp\/v2\/media?parent=4676"}],"wp:term":[{"taxonomy":"category","embeddable":true,"href":"http:\/\/blogdalucianaoliveira.com.br\/blog\/wp-json\/wp\/v2\/categories?post=4676"},{"taxonomy":"post_tag","embeddable":true,"href":"http:\/\/blogdalucianaoliveira.com.br\/blog\/wp-json\/wp\/v2\/tags?post=4676"}],"curies":[{"name":"wp","href":"https:\/\/api.w.org\/{rel}","templated":true}]}}