{"id":4686,"date":"2016-09-28T17:53:17","date_gmt":"2016-09-28T21:53:17","guid":{"rendered":"http:\/\/blogdalucianaoliveira.com.br\/blog\/?p=4686"},"modified":"2016-09-28T17:53:17","modified_gmt":"2016-09-28T21:53:17","slug":"carandiru-o-voto-do-relator-podia-ser-assim","status":"publish","type":"post","link":"http:\/\/blogdalucianaoliveira.com.br\/blog\/2016\/09\/28\/carandiru-o-voto-do-relator-podia-ser-assim\/","title":{"rendered":"Carandiru: O voto do relator podia ser assim"},"content":{"rendered":"<p><img data-recalc-dims=\"1\" loading=\"lazy\" decoding=\"async\" data-attachment-id=\"4687\" data-permalink=\"http:\/\/blogdalucianaoliveira.com.br\/blog\/2016\/09\/28\/carandiru-o-voto-do-relator-podia-ser-assim\/image-1130\/\" data-orig-file=\"https:\/\/i0.wp.com\/blogdalucianaoliveira.com.br\/blog\/wp-content\/uploads\/2016\/09\/image-330.jpeg?fit=731%2C454\" data-orig-size=\"731,454\" data-comments-opened=\"0\" data-image-meta=\"{&quot;aperture&quot;:&quot;0&quot;,&quot;credit&quot;:&quot;&quot;,&quot;camera&quot;:&quot;&quot;,&quot;caption&quot;:&quot;&quot;,&quot;created_timestamp&quot;:&quot;0&quot;,&quot;copyright&quot;:&quot;&quot;,&quot;focal_length&quot;:&quot;0&quot;,&quot;iso&quot;:&quot;0&quot;,&quot;shutter_speed&quot;:&quot;0&quot;,&quot;title&quot;:&quot;&quot;,&quot;orientation&quot;:&quot;0&quot;}\" data-image-title=\"image\" data-image-description=\"\" data-image-caption=\"\" data-medium-file=\"https:\/\/i0.wp.com\/blogdalucianaoliveira.com.br\/blog\/wp-content\/uploads\/2016\/09\/image-330.jpeg?fit=300%2C186\" data-large-file=\"https:\/\/i0.wp.com\/blogdalucianaoliveira.com.br\/blog\/wp-content\/uploads\/2016\/09\/image-330.jpeg?fit=600%2C373\" src=\"https:\/\/i0.wp.com\/blogdalucianaoliveira.com.br\/blog\/wp-content\/uploads\/2016\/09\/image-330.jpeg?resize=600%2C373\" alt=\"image\" width=\"600\" height=\"373\" class=\"alignnone size-full wp-image-4687\" srcset=\"https:\/\/i0.wp.com\/blogdalucianaoliveira.com.br\/blog\/wp-content\/uploads\/2016\/09\/image-330.jpeg?w=731 731w, https:\/\/i0.wp.com\/blogdalucianaoliveira.com.br\/blog\/wp-content\/uploads\/2016\/09\/image-330.jpeg?resize=300%2C186 300w, https:\/\/i0.wp.com\/blogdalucianaoliveira.com.br\/blog\/wp-content\/uploads\/2016\/09\/image-330.jpeg?resize=483%2C300 483w\" sizes=\"auto, (max-width: 600px) 100vw, 600px\" \/><\/p>\n<p>Di\u00e1rio de um detento<br \/>\nRacionais <!--more--><\/p>\n<p>Dois ladr\u00f5es considerados passaram a discutir.<br \/>\nMas n\u00e3o imaginavam o que estaria por vir.<br \/>\nTraficantes, homicidas, estelionat\u00e1rios.<br \/>\nUma maioria de moleque prim\u00e1rio.<br \/>\nEra a brecha que o sistema queria.<br \/>\nAvise o Iml, chegou o grande dia.<br \/>\nDepende do sim ou n\u00e3o de um s\u00f3 homem.<br \/>\nQue prefere ser neutro pelo telefone.<br \/>\nRatatat\u00e1, caviar e champanhe.<br \/>\nFleury foi almo\u00e7ar, que se foda a minha m\u00e3e!<br \/>\nCachorros assassinos, g\u00e1s lacrimog\u00eaneo&#8230;<br \/>\nquem mata mais ladr\u00e3o ganha medalha de pr\u00eamio!<br \/>\nO ser humano \u00e9 descart\u00e1vel no Brasil.<br \/>\nComo modess usado ou bombril.<br \/>\nCadeia? Guarda o que o sistema n\u00e3o quis.<br \/>\nEsconde o que a novela n\u00e3o diz.<br \/>\nRatatat\u00e1! sangue jorra como \u00e1gua.<br \/>\nDo ouvido, da boca e nariz.<br \/>\nO Senhor \u00e9 meu pastor&#8230;<br \/>\nperdoe o que seu filho fez.<br \/>\nMorreu de bru\u00e7os no salmo 23,<br \/>\nsem padre, sem rep\u00f3rter.<br \/>\nsem arma, sem socorro.<br \/>\nVai pegar Hiv na boca do cachorro.<br \/>\nCad\u00e1veres no po\u00e7o, no p\u00e1tio interno.<br \/>\nAdolf Hitler sorri no inferno!<br \/>\nO Robocop do governo \u00e9 frio, n\u00e3o sente pena.<br \/>\nS\u00f3 \u00f3dio e ri como a hiena.<br \/>\nR\u00e1t\u00e1t\u00e1t\u00e1, Fleury e sua gangue<br \/>\nv\u00e3o nadar numa piscina de sangue.<br \/>\nMas quem vai acreditar no meu depoimento?<\/p>\n","protected":false},"excerpt":{"rendered":"<p>Di\u00e1rio de um detento Racionais<\/p>\n","protected":false},"author":1,"featured_media":0,"comment_status":"closed","ping_status":"open","sticky":false,"template":"","format":"standard","meta":{"_exactmetrics_skip_tracking":false,"_exactmetrics_sitenote_active":false,"_exactmetrics_sitenote_note":"","_exactmetrics_sitenote_category":0,"jetpack_post_was_ever_published":false,"_jetpack_newsletter_access":"","_jetpack_dont_email_post_to_subs":false,"_jetpack_newsletter_tier_id":0,"_jetpack_memberships_contains_paywalled_content":false,"_jetpack_memberships_contains_paid_content":false,"footnotes":"","jetpack_publicize_message":"","jetpack_publicize_feature_enabled":true,"jetpack_social_post_already_shared":true,"jetpack_social_options":{"image_generator_settings":{"template":"highway","enabled":false},"version":2}},"categories":[1],"tags":[],"class_list":["post-4686","post","type-post","status-publish","format-standard","hentry","category-notas"],"jetpack_publicize_connections":[],"jetpack_sharing_enabled":true,"jetpack_featured_media_url":"","jetpack_shortlink":"https:\/\/wp.me\/p7wKYW-1dA","jetpack-related-posts":[],"_links":{"self":[{"href":"http:\/\/blogdalucianaoliveira.com.br\/blog\/wp-json\/wp\/v2\/posts\/4686","targetHints":{"allow":["GET"]}}],"collection":[{"href":"http:\/\/blogdalucianaoliveira.com.br\/blog\/wp-json\/wp\/v2\/posts"}],"about":[{"href":"http:\/\/blogdalucianaoliveira.com.br\/blog\/wp-json\/wp\/v2\/types\/post"}],"author":[{"embeddable":true,"href":"http:\/\/blogdalucianaoliveira.com.br\/blog\/wp-json\/wp\/v2\/users\/1"}],"replies":[{"embeddable":true,"href":"http:\/\/blogdalucianaoliveira.com.br\/blog\/wp-json\/wp\/v2\/comments?post=4686"}],"version-history":[{"count":1,"href":"http:\/\/blogdalucianaoliveira.com.br\/blog\/wp-json\/wp\/v2\/posts\/4686\/revisions"}],"predecessor-version":[{"id":4689,"href":"http:\/\/blogdalucianaoliveira.com.br\/blog\/wp-json\/wp\/v2\/posts\/4686\/revisions\/4689"}],"wp:attachment":[{"href":"http:\/\/blogdalucianaoliveira.com.br\/blog\/wp-json\/wp\/v2\/media?parent=4686"}],"wp:term":[{"taxonomy":"category","embeddable":true,"href":"http:\/\/blogdalucianaoliveira.com.br\/blog\/wp-json\/wp\/v2\/categories?post=4686"},{"taxonomy":"post_tag","embeddable":true,"href":"http:\/\/blogdalucianaoliveira.com.br\/blog\/wp-json\/wp\/v2\/tags?post=4686"}],"curies":[{"name":"wp","href":"https:\/\/api.w.org\/{rel}","templated":true}]}}