{"id":4690,"date":"2016-09-28T18:09:03","date_gmt":"2016-09-28T22:09:03","guid":{"rendered":"http:\/\/blogdalucianaoliveira.com.br\/blog\/?p=4690"},"modified":"2016-09-28T18:09:03","modified_gmt":"2016-09-28T22:09:03","slug":"litigio-tem-mais-de-duas-decadas-e-motivou-audiencia-publica-pra-evitar-tragedia","status":"publish","type":"post","link":"http:\/\/blogdalucianaoliveira.com.br\/blog\/2016\/09\/28\/litigio-tem-mais-de-duas-decadas-e-motivou-audiencia-publica-pra-evitar-tragedia\/","title":{"rendered":"Lit\u00edgio tem mais de duas d\u00e9cadas e motivou audi\u00eancia p\u00fablica pra evitar trag\u00e9dia"},"content":{"rendered":"<p><img data-recalc-dims=\"1\" loading=\"lazy\" decoding=\"async\" data-attachment-id=\"4691\" data-permalink=\"http:\/\/blogdalucianaoliveira.com.br\/blog\/2016\/09\/28\/litigio-tem-mais-de-duas-decadas-e-motivou-audiencia-publica-pra-evitar-tragedia\/image-1131\/\" data-orig-file=\"https:\/\/i0.wp.com\/blogdalucianaoliveira.com.br\/blog\/wp-content\/uploads\/2016\/09\/image-331.jpeg?fit=744%2C489\" data-orig-size=\"744,489\" data-comments-opened=\"0\" data-image-meta=\"{&quot;aperture&quot;:&quot;0&quot;,&quot;credit&quot;:&quot;&quot;,&quot;camera&quot;:&quot;&quot;,&quot;caption&quot;:&quot;&quot;,&quot;created_timestamp&quot;:&quot;0&quot;,&quot;copyright&quot;:&quot;&quot;,&quot;focal_length&quot;:&quot;0&quot;,&quot;iso&quot;:&quot;0&quot;,&quot;shutter_speed&quot;:&quot;0&quot;,&quot;title&quot;:&quot;&quot;,&quot;orientation&quot;:&quot;0&quot;}\" data-image-title=\"image\" data-image-description=\"\" data-image-caption=\"\" data-medium-file=\"https:\/\/i0.wp.com\/blogdalucianaoliveira.com.br\/blog\/wp-content\/uploads\/2016\/09\/image-331.jpeg?fit=300%2C197\" data-large-file=\"https:\/\/i0.wp.com\/blogdalucianaoliveira.com.br\/blog\/wp-content\/uploads\/2016\/09\/image-331.jpeg?fit=600%2C394\" src=\"https:\/\/i0.wp.com\/blogdalucianaoliveira.com.br\/blog\/wp-content\/uploads\/2016\/09\/image-331.jpeg?resize=600%2C394\" alt=\"image\" width=\"600\" height=\"394\" class=\"alignnone size-full wp-image-4691\" srcset=\"https:\/\/i0.wp.com\/blogdalucianaoliveira.com.br\/blog\/wp-content\/uploads\/2016\/09\/image-331.jpeg?w=744 744w, https:\/\/i0.wp.com\/blogdalucianaoliveira.com.br\/blog\/wp-content\/uploads\/2016\/09\/image-331.jpeg?resize=300%2C197 300w, https:\/\/i0.wp.com\/blogdalucianaoliveira.com.br\/blog\/wp-content\/uploads\/2016\/09\/image-331.jpeg?resize=456%2C300 456w\" sizes=\"auto, (max-width: 600px) 100vw, 600px\" \/><\/p>\n<p>MPF manifesta-se contra o desalojamento de milhares de fam\u00edlias em Candeias do Jamari<!--more--><\/p>\n<p>Reintegra\u00e7\u00e3o pode desalojar moradores do Projeto Calama Jacund\u00e1 e da Vila Nova Samuel, que vivem e trabalham h\u00e1 muitos anos na regi\u00e3o.<\/p>\n<p>Do MPF-RO<\/p>\n<p>O Minist\u00e9rio P\u00fablico Federal (MPF) manifestou-se em uma a\u00e7\u00e3o que tramita na Justi\u00e7a Estadual pedindo que seja suspensa uma liminar que determinou a reintegra\u00e7\u00e3o de posse de uma grande \u00e1rea em Candeias do Jamari. O \u00f3rg\u00e3o pediu que a a\u00e7\u00e3o seja extinta sem julgamento do m\u00e9rito ou que a Justi\u00e7a Estadual fa\u00e7a o decl\u00ednio de compet\u00eancia para a Justi\u00e7a Federal, com pr\u00e9via suspens\u00e3o da ordem de reintegra\u00e7\u00e3o de posse.<\/p>\n<p>O procurador da Rep\u00fablica Raphael Bevilaqua relata na manifesta\u00e7\u00e3o que a reintegra\u00e7\u00e3o de posse foi pedida por um \u201cpretenso propriet\u00e1rio\u201d, que apresentou t\u00edtulos definitivos expedidos pelo Governo do Amazonas, sendo um de 21 de mar\u00e7o de 1903, do im\u00f3vel Lago da Brasileira, e outro de 4 de outubro de 1907, da \u00e1rea denominada Escalerita.<\/p>\n<p>A a\u00e7\u00e3o come\u00e7ou a tramitar na Justi\u00e7a Estadual em 1997 e teve uma decis\u00e3o liminar de reintegra\u00e7\u00e3o de posse contra pequenos posseiros. Entretanto, a reintegra\u00e7\u00e3o n\u00e3o chegou a ser cumprida porque n\u00e3o se sabia exatamente onde era \u00e1rea, o acesso ao local era dif\u00edcil eseria preciso retirar pessoas que estavam l\u00e1 h\u00e1 muito tempo. Em uma certid\u00e3o de um oficial de justi\u00e7a, de abril de 2000, consta que v\u00e1rias pessoas j\u00e1 moravam no local h\u00e1 12 anos.<\/p>\n<p>Naquele mesmo ano, a Pol\u00edcia Militar tamb\u00e9m indicou que existiam ocupantes com mais de 10 anos na \u00e1rea, bem como um poss\u00edvel acordo entre os ocupantes e o propriet\u00e1rio. O MPFaponta que \u00e9 pr\u00e1tica em Rond\u00f4nia propriet\u00e1rios de t\u00edtulos de terras incentivarem a ocupa\u00e7\u00e3o para depois pedirem indeniza\u00e7\u00f5es milion\u00e1rias ao Incra.<\/p>\n<p>O MPF afirma que o homem que se diz propriet\u00e1rio nunca exerceu a posse sobre o im\u00f3vel,pois n\u00e3o conseguiu comprovar o exerc\u00edcio de qualquer atividade t\u00edpica de quem trabalha em\u00e1rea rural. Segundo o \u00f3rg\u00e3o, as in\u00fameras fam\u00edlias que vivem no local t\u00eam a \u201cmelhor posse\u201dporque de l\u00e1 retiram seu sustento h\u00e1 muitos anos, ao contr\u00e1rio do pretenso propriet\u00e1rio que nunca desenvolveu qualquer atividade e sequer conhece a \u00e1rea.<\/p>\n<p>Para o MPF, os t\u00edtulos de propriedade que o fazendeiro apresentou s\u00e3o juridicamente question\u00e1veis e indicam que podem ter sido comprados apenas com o interesse de especularuma indeniza\u00e7\u00e3o com a desapropria\u00e7\u00e3o da \u00e1rea. Outro argumento do \u00f3rg\u00e3o \u00e9 que os t\u00edtulosque ele apresentou sequer descrevem os im\u00f3veis adequadamente e foi necess\u00e1rio estudo de campo por um perito para esclarecer o tamanho das \u00e1reas e, ainda assim, o estudo ficou com dados diferentes dos que est\u00e3o nos t\u00edtulos.<\/p>\n<p>H\u00e1 um clima de instabilidade e manifesta\u00e7\u00f5es dos ocupantes de v\u00e1rios im\u00f3veis rurais, tendo inclusive resultado em audi\u00eancia p\u00fablica na Assembleia Legislativa de Rond\u00f4nia no dia 9 de junho deste ano. Representantes da Associa\u00e7\u00e3o dos Produtores Rurais do Projeto Calama Jacund\u00e1 e Moradores da Vila Nova Samuel informaram ao MPF que h\u00e1 mais de cinco mil fam\u00edlias e muitas pensam em resistir a uma ordem de desocupa\u00e7\u00e3o, inclusive com possibilidade de confronto com a Pol\u00edcia Militar. A a\u00e7\u00e3o na Justi\u00e7a Estadual \u00e9 a de n\u00famero0081503-62.1997.8.22.0001.<\/p>\n<p>Fonte: MPF\/RO (www.mpf.mp.br\/ro)<\/p>\n","protected":false},"excerpt":{"rendered":"<p>MPF manifesta-se contra o desalojamento de milhares de fam\u00edlias em Candeias do Jamari<\/p>\n","protected":false},"author":1,"featured_media":0,"comment_status":"closed","ping_status":"open","sticky":false,"template":"","format":"standard","meta":{"_exactmetrics_skip_tracking":false,"_exactmetrics_sitenote_active":false,"_exactmetrics_sitenote_note":"","_exactmetrics_sitenote_category":0,"jetpack_post_was_ever_published":false,"_jetpack_newsletter_access":"","_jetpack_dont_email_post_to_subs":false,"_jetpack_newsletter_tier_id":0,"_jetpack_memberships_contains_paywalled_content":false,"_jetpack_memberships_contains_paid_content":false,"footnotes":"","jetpack_publicize_message":"","jetpack_publicize_feature_enabled":true,"jetpack_social_post_already_shared":true,"jetpack_social_options":{"image_generator_settings":{"template":"highway","enabled":false},"version":2}},"categories":[1],"tags":[],"class_list":["post-4690","post","type-post","status-publish","format-standard","hentry","category-notas"],"jetpack_publicize_connections":[],"jetpack_sharing_enabled":true,"jetpack_featured_media_url":"","jetpack_shortlink":"https:\/\/wp.me\/p7wKYW-1dE","jetpack-related-posts":[],"_links":{"self":[{"href":"http:\/\/blogdalucianaoliveira.com.br\/blog\/wp-json\/wp\/v2\/posts\/4690","targetHints":{"allow":["GET"]}}],"collection":[{"href":"http:\/\/blogdalucianaoliveira.com.br\/blog\/wp-json\/wp\/v2\/posts"}],"about":[{"href":"http:\/\/blogdalucianaoliveira.com.br\/blog\/wp-json\/wp\/v2\/types\/post"}],"author":[{"embeddable":true,"href":"http:\/\/blogdalucianaoliveira.com.br\/blog\/wp-json\/wp\/v2\/users\/1"}],"replies":[{"embeddable":true,"href":"http:\/\/blogdalucianaoliveira.com.br\/blog\/wp-json\/wp\/v2\/comments?post=4690"}],"version-history":[{"count":1,"href":"http:\/\/blogdalucianaoliveira.com.br\/blog\/wp-json\/wp\/v2\/posts\/4690\/revisions"}],"predecessor-version":[{"id":4692,"href":"http:\/\/blogdalucianaoliveira.com.br\/blog\/wp-json\/wp\/v2\/posts\/4690\/revisions\/4692"}],"wp:attachment":[{"href":"http:\/\/blogdalucianaoliveira.com.br\/blog\/wp-json\/wp\/v2\/media?parent=4690"}],"wp:term":[{"taxonomy":"category","embeddable":true,"href":"http:\/\/blogdalucianaoliveira.com.br\/blog\/wp-json\/wp\/v2\/categories?post=4690"},{"taxonomy":"post_tag","embeddable":true,"href":"http:\/\/blogdalucianaoliveira.com.br\/blog\/wp-json\/wp\/v2\/tags?post=4690"}],"curies":[{"name":"wp","href":"https:\/\/api.w.org\/{rel}","templated":true}]}}