{"id":4702,"date":"2016-09-29T10:16:52","date_gmt":"2016-09-29T14:16:52","guid":{"rendered":"http:\/\/blogdalucianaoliveira.com.br\/blog\/?p=4702"},"modified":"2016-09-29T10:21:07","modified_gmt":"2016-09-29T14:21:07","slug":"brasil-e-um-pote-ate-aqui-de-magoa-e-qualquer-desatencao-pode-ser-a-gota-dagua","status":"publish","type":"post","link":"http:\/\/blogdalucianaoliveira.com.br\/blog\/2016\/09\/29\/brasil-e-um-pote-ate-aqui-de-magoa-e-qualquer-desatencao-pode-ser-a-gota-dagua\/","title":{"rendered":"Brasil \u00e9 um pote at\u00e9 aqui de m\u00e1goa e qualquer desaten\u00e7\u00e3o, pode ser a gota d&#8217;\u00c1gua"},"content":{"rendered":"<p><img data-recalc-dims=\"1\" loading=\"lazy\" decoding=\"async\" data-attachment-id=\"4703\" data-permalink=\"http:\/\/blogdalucianaoliveira.com.br\/blog\/2016\/09\/29\/brasil-e-um-pote-ate-aqui-de-magoa-e-qualquer-desatencao-pode-ser-a-gota-dagua\/bandeira_brasileira_rachada\/\" data-orig-file=\"https:\/\/i0.wp.com\/blogdalucianaoliveira.com.br\/blog\/wp-content\/uploads\/2016\/09\/bandeira_brasileira_rachada.jpg?fit=750%2C400\" data-orig-size=\"750,400\" data-comments-opened=\"0\" data-image-meta=\"{&quot;aperture&quot;:&quot;0&quot;,&quot;credit&quot;:&quot;&quot;,&quot;camera&quot;:&quot;&quot;,&quot;caption&quot;:&quot;&quot;,&quot;created_timestamp&quot;:&quot;0&quot;,&quot;copyright&quot;:&quot;&quot;,&quot;focal_length&quot;:&quot;0&quot;,&quot;iso&quot;:&quot;0&quot;,&quot;shutter_speed&quot;:&quot;0&quot;,&quot;title&quot;:&quot;&quot;,&quot;orientation&quot;:&quot;0&quot;}\" data-image-title=\"bandeira_brasileira_rachada\" data-image-description=\"\" data-image-caption=\"\" data-medium-file=\"https:\/\/i0.wp.com\/blogdalucianaoliveira.com.br\/blog\/wp-content\/uploads\/2016\/09\/bandeira_brasileira_rachada.jpg?fit=300%2C160\" data-large-file=\"https:\/\/i0.wp.com\/blogdalucianaoliveira.com.br\/blog\/wp-content\/uploads\/2016\/09\/bandeira_brasileira_rachada.jpg?fit=600%2C320\" src=\"https:\/\/i0.wp.com\/blogdalucianaoliveira.com.br\/blog\/wp-content\/uploads\/2016\/09\/bandeira_brasileira_rachada.jpg?resize=600%2C320\" alt=\"bandeira_brasileira_rachada\" width=\"600\" height=\"320\" class=\"alignnone size-full wp-image-4703\" srcset=\"https:\/\/i0.wp.com\/blogdalucianaoliveira.com.br\/blog\/wp-content\/uploads\/2016\/09\/bandeira_brasileira_rachada.jpg?w=750 750w, https:\/\/i0.wp.com\/blogdalucianaoliveira.com.br\/blog\/wp-content\/uploads\/2016\/09\/bandeira_brasileira_rachada.jpg?resize=300%2C160 300w, https:\/\/i0.wp.com\/blogdalucianaoliveira.com.br\/blog\/wp-content\/uploads\/2016\/09\/bandeira_brasileira_rachada.jpg?resize=563%2C300 563w\" sizes=\"auto, (max-width: 600px) 100vw, 600px\" \/><\/p>\n<p>Sem consultar no google lembre rapidamente de 1 not\u00edcia sobre o governo de Michel Temer que tenha motivado aplauso ou pacifica\u00e7\u00e3o social. Algo bom que tenha deixado os golpistas orgulhosos e calado a esquerda. <\/p>\n<p>S\u00e3o s\u00f3 4 meses, vamos l\u00e1! <!--more--><\/p>\n<p>Rebonine ao in\u00edcio, mas n\u00e3o sem um Dramin por perto.<\/p>\n<p>Que tal o slogan de campanha publicit\u00e1ria que Temer tirou de um posto de combust\u00edveis na rodovia Castello Branco e adotou como presidente interino? Um posto falido que mant\u00e9m a placa com a frase: &#8220;N\u00e3o pense em crise trabalhe!&#8221;<\/p>\n<p>Talvez prefira a nomea\u00e7\u00e3o de nove ministros investigados na Opera\u00e7\u00e3o Lava Jato ou o desprezo \u00e0 indica\u00e7\u00e3o de mulheres.<\/p>\n<p>A primeira audi\u00eancia do ministro da Educa\u00e7\u00e3o, Mendon\u00e7a Filho, ningu\u00e9m esquece. Foi com o ator Alexandre Frota, \u00edcone do movimento pr\u00f3-impeachment, que entregou propostas para garantir que as crian\u00e7as aprendam a amar a Deus, a P\u00e1tria e a Fam\u00edlia.<\/p>\n<p>Nos primeiros dias de governo, ca\u00edram tr\u00eas ministros: Romero Juc\u00e1 (Planejamento), Fabiano Silveira (Transpar\u00eancia) e Henrique Eduardo Alves (Turismo). <\/p>\n<p>De l\u00e1 pra c\u00e1, v\u00e1rias propostas bizarras o fizeram voltar atr\u00e1s por for\u00e7a de incessantes protestos dentro e fora do pa\u00eds. <\/p>\n<p>Dif\u00edcil lembrar algo positivo desse governo quando as not\u00edcias ruins n\u00e3o param.<\/p>\n<p>As reformas Trabalhista e Previdenci\u00e1ria, que imp\u00f5em a retirada de direitos conquistados com muita luta, provocaram a ira das Centrais Sindicais e a greve dos banc\u00e1rios j\u00e1 vai pra um m\u00eas. Quem Temer chamou para ajudar a minar os protestos? O Movimento Brasil Livre (MBL), de Kim Kataguiri, que foi catapultado da insignific\u00e2ncia ao Planalto por ter liderado as manifesta\u00e7\u00f5es a favor do impeachment de Dilma Rousseff. &#8220;Renan Santos, um dos l\u00edderes do MBL, foi recebido pelo secret\u00e1rio do Programa de Parcerias de Investimentos (PPI), Moreira Franco, que substituiu o ministro-chefe da Casa Civil, Eliseu Padilha, na reuni\u00e3o&#8221;, disse a jornalista M\u00f4nica B\u00e9rgamo.<\/p>\n<p>A revolta pela reforma da Educa\u00e7\u00e3o proposta por Temer sem di\u00e1logo pr\u00e9vio foi imediata e a quem ele ligou para dar explica\u00e7\u00f5es? Para o apresentador Faust\u00e3o, que chamou o governo de porra no \u00faltimo domingo (25).<\/p>\n<p>No mesmo dia o ministro da justi\u00e7a Alexandre de Moraes &#8216;passava a fita&#8217; sobre a Opera\u00e7\u00e3o Lava Jato a militantes do PSDB num ato pol\u00edtico. &#8220;Teve a semana passada [a pris\u00e3o do ex-ministro Guido Mantega] e esta semana vai ter mais, podem ficar tranquilos&#8221;. Na manh\u00e3 seguinte, o ex-ministro da Fazenda e da Casa Civil, Antonio Palocci, foi preso.<\/p>\n<p>O que esperar de um governo desse, t\u00e3o novinho e t\u00e3o queimado, marcado esc\u00e2ndalos que desanimam o mais fiel e otimista defensor do golpe?<\/p>\n<p>Fora isso, ainda tem o Ministro das Rela\u00e7\u00f5es Exteriores, Jos\u00e9 Serra que abriu as portas para entregar o Pr\u00e9-Sal, ridicularizou os protestos de pa\u00edses vizinhos na ONU, retomou conversas com o FMI e mandou tirar a bandeira do Mercosul do Itamaraty.<\/p>\n<p>O juro do cheque especial aumentou 321%, o desemprego entre os mais jovens subiu 75% e entre os mais velhos 132%, Temer disse que vai &#8220;combater&#8221; o poder das redes sociais, a justi\u00e7a de S\u00e3o Paulo anulou o julgamento do massacre do Carandiru e no dia mesmo dia a Pol\u00edcia Federal deflagrou uma opera\u00e7\u00e3o contra 14 advogados e desembargadores por associa\u00e7\u00e3o criminosa, corrup\u00e7\u00e3o passiva, tr\u00e1fico de influ\u00eancia, corrup\u00e7\u00e3o ativa e lavagem de dinheiro.<\/p>\n<p>E a Opera\u00e7\u00e3o Lava Jato, n\u00e3o est\u00e1 sendo bom pro pa\u00eds? Uma mentira maior \u00e9 sempre pior. Como denunciado em \u00e1udios criminosos, a sangria parou, parou no PT.<\/p>\n<p>Ufa! Tem muito mais not\u00edcias ruins de antes e depois do golpe, mas em tempo ruim, todo mundo tamb\u00e9m d\u00e1 bom dia. <\/p>\n","protected":false},"excerpt":{"rendered":"<p>Sem consultar no google lembre rapidamente de 1 not\u00edcia sobre o governo de Michel Temer que tenha motivado aplauso ou pacifica\u00e7\u00e3o social. Algo bom que tenha deixado os golpistas orgulhosos e calado a esquerda. S\u00e3o s\u00f3 4 meses, vamos l\u00e1!<\/p>\n","protected":false},"author":1,"featured_media":0,"comment_status":"closed","ping_status":"open","sticky":false,"template":"","format":"standard","meta":{"_exactmetrics_skip_tracking":false,"_exactmetrics_sitenote_active":false,"_exactmetrics_sitenote_note":"","_exactmetrics_sitenote_category":0,"jetpack_post_was_ever_published":false,"_jetpack_newsletter_access":"","_jetpack_dont_email_post_to_subs":false,"_jetpack_newsletter_tier_id":0,"_jetpack_memberships_contains_paywalled_content":false,"_jetpack_memberships_contains_paid_content":false,"footnotes":"","jetpack_publicize_message":"","jetpack_publicize_feature_enabled":true,"jetpack_social_post_already_shared":true,"jetpack_social_options":{"image_generator_settings":{"template":"highway","enabled":false},"version":2}},"categories":[1],"tags":[],"class_list":["post-4702","post","type-post","status-publish","format-standard","hentry","category-notas"],"jetpack_publicize_connections":[],"jetpack_sharing_enabled":true,"jetpack_featured_media_url":"","jetpack_shortlink":"https:\/\/wp.me\/p7wKYW-1dQ","jetpack-related-posts":[],"_links":{"self":[{"href":"http:\/\/blogdalucianaoliveira.com.br\/blog\/wp-json\/wp\/v2\/posts\/4702","targetHints":{"allow":["GET"]}}],"collection":[{"href":"http:\/\/blogdalucianaoliveira.com.br\/blog\/wp-json\/wp\/v2\/posts"}],"about":[{"href":"http:\/\/blogdalucianaoliveira.com.br\/blog\/wp-json\/wp\/v2\/types\/post"}],"author":[{"embeddable":true,"href":"http:\/\/blogdalucianaoliveira.com.br\/blog\/wp-json\/wp\/v2\/users\/1"}],"replies":[{"embeddable":true,"href":"http:\/\/blogdalucianaoliveira.com.br\/blog\/wp-json\/wp\/v2\/comments?post=4702"}],"version-history":[{"count":4,"href":"http:\/\/blogdalucianaoliveira.com.br\/blog\/wp-json\/wp\/v2\/posts\/4702\/revisions"}],"predecessor-version":[{"id":4707,"href":"http:\/\/blogdalucianaoliveira.com.br\/blog\/wp-json\/wp\/v2\/posts\/4702\/revisions\/4707"}],"wp:attachment":[{"href":"http:\/\/blogdalucianaoliveira.com.br\/blog\/wp-json\/wp\/v2\/media?parent=4702"}],"wp:term":[{"taxonomy":"category","embeddable":true,"href":"http:\/\/blogdalucianaoliveira.com.br\/blog\/wp-json\/wp\/v2\/categories?post=4702"},{"taxonomy":"post_tag","embeddable":true,"href":"http:\/\/blogdalucianaoliveira.com.br\/blog\/wp-json\/wp\/v2\/tags?post=4702"}],"curies":[{"name":"wp","href":"https:\/\/api.w.org\/{rel}","templated":true}]}}