{"id":4708,"date":"2016-09-29T12:02:37","date_gmt":"2016-09-29T16:02:37","guid":{"rendered":"http:\/\/blogdalucianaoliveira.com.br\/blog\/?p=4708"},"modified":"2016-09-29T12:02:37","modified_gmt":"2016-09-29T16:02:37","slug":"nao-me-diga-que-ainda-acredita-na-justica-desse-pais-lei-e-igual-para-todos","status":"publish","type":"post","link":"http:\/\/blogdalucianaoliveira.com.br\/blog\/2016\/09\/29\/nao-me-diga-que-ainda-acredita-na-justica-desse-pais-lei-e-igual-para-todos\/","title":{"rendered":"N\u00e3o me diga que ainda acredita na justi\u00e7a desse pa\u00eds! Lei \u00e9 igual para todos?"},"content":{"rendered":"<p><img data-recalc-dims=\"1\" loading=\"lazy\" decoding=\"async\" data-attachment-id=\"4709\" data-permalink=\"http:\/\/blogdalucianaoliveira.com.br\/blog\/2016\/09\/29\/nao-me-diga-que-ainda-acredita-na-justica-desse-pais-lei-e-igual-para-todos\/image-1132\/\" data-orig-file=\"https:\/\/i0.wp.com\/blogdalucianaoliveira.com.br\/blog\/wp-content\/uploads\/2016\/09\/image-332.jpeg?fit=390%2C290\" data-orig-size=\"390,290\" data-comments-opened=\"0\" data-image-meta=\"{&quot;aperture&quot;:&quot;0&quot;,&quot;credit&quot;:&quot;&quot;,&quot;camera&quot;:&quot;&quot;,&quot;caption&quot;:&quot;&quot;,&quot;created_timestamp&quot;:&quot;0&quot;,&quot;copyright&quot;:&quot;&quot;,&quot;focal_length&quot;:&quot;0&quot;,&quot;iso&quot;:&quot;0&quot;,&quot;shutter_speed&quot;:&quot;0&quot;,&quot;title&quot;:&quot;&quot;,&quot;orientation&quot;:&quot;0&quot;}\" data-image-title=\"image\" data-image-description=\"\" data-image-caption=\"\" data-medium-file=\"https:\/\/i0.wp.com\/blogdalucianaoliveira.com.br\/blog\/wp-content\/uploads\/2016\/09\/image-332.jpeg?fit=300%2C223\" data-large-file=\"https:\/\/i0.wp.com\/blogdalucianaoliveira.com.br\/blog\/wp-content\/uploads\/2016\/09\/image-332.jpeg?fit=390%2C290\" src=\"https:\/\/i0.wp.com\/blogdalucianaoliveira.com.br\/blog\/wp-content\/uploads\/2016\/09\/image-332.jpeg?resize=390%2C290\" alt=\"image\" width=\"390\" height=\"290\" class=\"alignnone size-full wp-image-4709\" srcset=\"https:\/\/i0.wp.com\/blogdalucianaoliveira.com.br\/blog\/wp-content\/uploads\/2016\/09\/image-332.jpeg?w=390 390w, https:\/\/i0.wp.com\/blogdalucianaoliveira.com.br\/blog\/wp-content\/uploads\/2016\/09\/image-332.jpeg?resize=300%2C223 300w\" sizes=\"auto, (max-width: 390px) 100vw, 390px\" \/><\/p>\n<p>Desembargador que anulou julgamento do massacre do Carandiru mandou ladr\u00e3o de salames para a cadeia<!--more--><\/p>\n<p>Por Pedro Breier, correspondente policial do Cafezinho<\/p>\n<p>O desembargador Ivan Sartori, relator do processo que anulou as condena\u00e7\u00f5es dos policiais respons\u00e1veis pelo massacre do Carandiru, manteve, em decis\u00e3o de julho deste ano, a pena de pris\u00e3o de um homem acusado de furtar cinco salames de um supermercado em Po\u00e1, na grande S\u00e3o Paulo. Trecho da mat\u00e9ria do Estad\u00e3o:<\/p>\n<p>Segundo a den\u00fancia do Minist\u00e9rio P\u00fablico, o homem escondeu os salames debaixo da blusa, na altura da cintura. Um seguran\u00e7a do mercado percebeu e o deteve na rua. Levado \u00e0 delegacia, ele confessou o crime e disse \u201cque estava desempregado e, como estava com muita fome, acabou furtando a mercadoria\u201d.<br \/>\nA Defensoria P\u00fablica pediu a absolvi\u00e7\u00e3o do acusado, considerando o bem furtado, os motivos que levaram o rapaz a praticar o crime e tamb\u00e9m o fato de ele ter confessado o delito. Em seu voto, Sartori negou os argumentos da defesa e disse que o acusado, que tem passagens anteriores pelo mesmo crime, \u00e9 \u201cum infrator contumaz, que faz do crime meio de vida\u201d. Afirmou tamb\u00e9m que \u201creconhecer sua incid\u00eancia em larga escala seria o mesmo que incentivar a pr\u00e1tica de pequenos furtos, com o escudo do Judici\u00e1rio, o que n\u00e3o pode ser tolerado\u201d.<br \/>\nPor fim, Sartori decidiu manter a pena de 6 meses de reclus\u00e3o e o pagamento de multa. Ele completa o voto afirmando que Affonso \u201cdemonstrou desenvoltura na execu\u00e7\u00e3o do delito\u201d e que sua personalidade \u00e9 \u201cdistorcida\u201d, colocando em \u201crisco a incolumidade p\u00fablica\u201d. \u201cParticularidade a determinar a que seja ele segregado do meio social.\u201d<br \/>\nQuem tem a \u2018personalidade distorcida\u2019, um homem que furta salames porque est\u00e1 desempregado e com fome ou um desembargador que o condena a pris\u00e3o e meses mais tarde afirma que o massacre de 111 presos por policiais n\u00e3o foi um massacre, mas \u2018uma conten\u00e7\u00e3o necess\u00e1ria \u00e0 imposi\u00e7\u00e3o da ordem e da disciplina\u2019?<\/p>\n<p>A 4\u00aa C\u00e2mara Criminal do TJ-SP, da qual Sartori faz parte, \u00e9 conhecida pelo rigor com r\u00e9us comuns.<\/p>\n<p>A diretora do Instituto Brasileiro de Ci\u00eancias Criminais (IBCCRIM), Eleonora Rangel Nacif, criticou a decis\u00e3o sobre o Carandiru:<\/p>\n<p>\u201cO caso que \u00e9 uma das maiores viola\u00e7\u00f5es de direitos humanos do Brasil recebeu tratamento benevolente com os acusados desse crime b\u00e1rbaro\u201d, disse. \u201cA posi\u00e7\u00e3o diverge de condena\u00e7\u00f5es alt\u00edssimas impostas recorrentemente a pequenos traficantes, por exemplo, e outros crimes pequenos. A C\u00e2mara \u00e9 reconhecida por ser dura e raramente soltar r\u00e9us.\u201d Para Eleonora, a decis\u00e3o sobre o Carandiru mostra que os magistrados t\u00eam uma \u201cvis\u00e3o pol\u00edtica alinhada com a repress\u00e3o violenta das pol\u00edcias\u201d.<br \/>\nA vis\u00e3o pol\u00edtica alinhada com a repress\u00e3o violenta das pol\u00edcias \u00e9 a da direita.<\/p>\n<p>A pol\u00edcia, para a direita, serve para manter a ordem e garantir a propriedade privada. Os demais direitos dos cidad\u00e3os que se explodam.<\/p>\n<p>Para que a repress\u00e3o policial n\u00e3o revolte a popula\u00e7\u00e3o, os meios de comunica\u00e7\u00e3o, controlados pela direita, usam a velha t\u00e1tica de criar um inimigo imagin\u00e1rio (o Outro) diariamente, para desviar o foco dos reais problemas e solu\u00e7\u00f5es que poderiam transformar a sociedade.<\/p>\n<p>Para a m\u00eddia conservadora e o sistema de justi\u00e7a, o inimigo \u00e9 o ladr\u00e3o de salames e o traficante da favela &#8211; n\u00e3o o traficante que usa um helic\u00f3ptero para transportar coca\u00edna, logicamente.<\/p>\n<p>O inimigo \u00e9 sempre o negro e o pobre.<\/p>\n<p>Encerro o post com um trecho de um texto do professor da UFRJ e p\u00f3s-doutor pela Universidade de Coimbra, Geraldo Prado:<\/p>\n<p>Para os que exercem poderes sem travas &#8211; como os Desembargadores da C\u00e2mara que chancelou o massacre de Carandiru &#8211; e para tantos outros agentes p\u00fablicos, pol\u00edticos ou n\u00e3o, um ambiente predominantemente marcado pelo \u00f3dio ao Outro configura o terreno ideal para decidir por capricho, muitas vezes no extremo da argumenta\u00e7\u00e3o com base em uma raz\u00e3o c\u00ednica. N\u00e3o h\u00e1 paradoxo em ser um \u00f3rg\u00e3o jurisdicional de destrui\u00e7\u00e3o do Outro, por meio de condena\u00e7\u00f5es que ignoram na pr\u00e1tica o direito de defesa, e anular\/cassar\/absolver respons\u00e1veis pelo exterm\u00ednio em massa desse Outro. H\u00e1 em realidade uma profunda e clara coer\u00eancia.<\/p>\n","protected":false},"excerpt":{"rendered":"<p>Desembargador que anulou julgamento do massacre do Carandiru mandou ladr\u00e3o de salames para a cadeia<\/p>\n","protected":false},"author":1,"featured_media":0,"comment_status":"closed","ping_status":"open","sticky":false,"template":"","format":"standard","meta":{"_exactmetrics_skip_tracking":false,"_exactmetrics_sitenote_active":false,"_exactmetrics_sitenote_note":"","_exactmetrics_sitenote_category":0,"jetpack_post_was_ever_published":false,"_jetpack_newsletter_access":"","_jetpack_dont_email_post_to_subs":false,"_jetpack_newsletter_tier_id":0,"_jetpack_memberships_contains_paywalled_content":false,"_jetpack_memberships_contains_paid_content":false,"footnotes":"","jetpack_publicize_message":"","jetpack_publicize_feature_enabled":true,"jetpack_social_post_already_shared":true,"jetpack_social_options":{"image_generator_settings":{"template":"highway","enabled":false},"version":2}},"categories":[1],"tags":[],"class_list":["post-4708","post","type-post","status-publish","format-standard","hentry","category-notas"],"jetpack_publicize_connections":[],"jetpack_sharing_enabled":true,"jetpack_featured_media_url":"","jetpack_shortlink":"https:\/\/wp.me\/p7wKYW-1dW","jetpack-related-posts":[],"_links":{"self":[{"href":"http:\/\/blogdalucianaoliveira.com.br\/blog\/wp-json\/wp\/v2\/posts\/4708","targetHints":{"allow":["GET"]}}],"collection":[{"href":"http:\/\/blogdalucianaoliveira.com.br\/blog\/wp-json\/wp\/v2\/posts"}],"about":[{"href":"http:\/\/blogdalucianaoliveira.com.br\/blog\/wp-json\/wp\/v2\/types\/post"}],"author":[{"embeddable":true,"href":"http:\/\/blogdalucianaoliveira.com.br\/blog\/wp-json\/wp\/v2\/users\/1"}],"replies":[{"embeddable":true,"href":"http:\/\/blogdalucianaoliveira.com.br\/blog\/wp-json\/wp\/v2\/comments?post=4708"}],"version-history":[{"count":2,"href":"http:\/\/blogdalucianaoliveira.com.br\/blog\/wp-json\/wp\/v2\/posts\/4708\/revisions"}],"predecessor-version":[{"id":4711,"href":"http:\/\/blogdalucianaoliveira.com.br\/blog\/wp-json\/wp\/v2\/posts\/4708\/revisions\/4711"}],"wp:attachment":[{"href":"http:\/\/blogdalucianaoliveira.com.br\/blog\/wp-json\/wp\/v2\/media?parent=4708"}],"wp:term":[{"taxonomy":"category","embeddable":true,"href":"http:\/\/blogdalucianaoliveira.com.br\/blog\/wp-json\/wp\/v2\/categories?post=4708"},{"taxonomy":"post_tag","embeddable":true,"href":"http:\/\/blogdalucianaoliveira.com.br\/blog\/wp-json\/wp\/v2\/tags?post=4708"}],"curies":[{"name":"wp","href":"https:\/\/api.w.org\/{rel}","templated":true}]}}