{"id":4716,"date":"2016-09-29T14:35:29","date_gmt":"2016-09-29T18:35:29","guid":{"rendered":"http:\/\/blogdalucianaoliveira.com.br\/blog\/?p=4716"},"modified":"2016-09-29T14:43:44","modified_gmt":"2016-09-29T18:43:44","slug":"hidreletrica-de-santo-antonio-esta-na-lista","status":"publish","type":"post","link":"http:\/\/blogdalucianaoliveira.com.br\/blog\/2016\/09\/29\/hidreletrica-de-santo-antonio-esta-na-lista\/","title":{"rendered":"Odebrecht: Hidrel\u00e9trica de Santo Ant\u00f4nio est\u00e1 na lista"},"content":{"rendered":"<p><img data-recalc-dims=\"1\" loading=\"lazy\" decoding=\"async\" data-attachment-id=\"4717\" data-permalink=\"http:\/\/blogdalucianaoliveira.com.br\/blog\/2016\/09\/29\/hidreletrica-de-santo-antonio-esta-na-lista\/image-1134\/\" data-orig-file=\"https:\/\/i0.wp.com\/blogdalucianaoliveira.com.br\/blog\/wp-content\/uploads\/2016\/09\/image-334.jpeg?fit=750%2C500\" data-orig-size=\"750,500\" data-comments-opened=\"0\" data-image-meta=\"{&quot;aperture&quot;:&quot;0&quot;,&quot;credit&quot;:&quot;&quot;,&quot;camera&quot;:&quot;&quot;,&quot;caption&quot;:&quot;&quot;,&quot;created_timestamp&quot;:&quot;0&quot;,&quot;copyright&quot;:&quot;&quot;,&quot;focal_length&quot;:&quot;0&quot;,&quot;iso&quot;:&quot;0&quot;,&quot;shutter_speed&quot;:&quot;0&quot;,&quot;title&quot;:&quot;&quot;,&quot;orientation&quot;:&quot;0&quot;}\" data-image-title=\"image\" data-image-description=\"\" data-image-caption=\"\" data-medium-file=\"https:\/\/i0.wp.com\/blogdalucianaoliveira.com.br\/blog\/wp-content\/uploads\/2016\/09\/image-334.jpeg?fit=300%2C200\" data-large-file=\"https:\/\/i0.wp.com\/blogdalucianaoliveira.com.br\/blog\/wp-content\/uploads\/2016\/09\/image-334.jpeg?fit=600%2C400\" src=\"https:\/\/i0.wp.com\/blogdalucianaoliveira.com.br\/blog\/wp-content\/uploads\/2016\/09\/image-334.jpeg?resize=600%2C400\" alt=\"image\" width=\"600\" height=\"400\" class=\"alignnone size-full wp-image-4717\" srcset=\"https:\/\/i0.wp.com\/blogdalucianaoliveira.com.br\/blog\/wp-content\/uploads\/2016\/09\/image-334.jpeg?w=750 750w, https:\/\/i0.wp.com\/blogdalucianaoliveira.com.br\/blog\/wp-content\/uploads\/2016\/09\/image-334.jpeg?resize=300%2C200 300w\" sizes=\"auto, (max-width: 600px) 100vw, 600px\" \/><\/p>\n<p>S\u00e9rgio Moro decreta sigilo de inqu\u00e9rito que investiga planilha da Odebrecht<!--more--><\/p>\n<p>No Paran\u00e1 Portal<\/p>\n<p>O juiz federal S\u00e9rgio Moro, titular da 13\u00aa Vara Federal em Curitiba, respons\u00e1vel pelas a\u00e7\u00f5es penais da Opera\u00e7\u00e3o Lava Jato, decretou sigilo do inqu\u00e9rito da Pol\u00edcia Federal que investiga crimes relacionados ao Setor de Opera\u00e7\u00f5es Estruturadas da empreiteira Odebrecht.<\/p>\n<p>Em despacho publicado nessa quinta-feira (29), no sistema eletr\u00f4nico da Justi\u00e7a Federal, o juiz afirma que novos mandados podem ser cumpridos contra terceiros e a divulga\u00e7\u00e3o dos autos poderia comprometer a investiga\u00e7\u00e3o.<\/p>\n<p>\u201cComo as investiga\u00e7\u00f5es dos pagamentos nesse setor t\u00eam desdobramentos imprevis\u00edveis, o que poder\u00e1 levar \u00e0 necessidade de novas dilig\u00eancias, inclusive novas quebras e buscas, decreto sigilo sobre estes autos em rela\u00e7\u00e3o a terceiros e aos investigados. Observo, ademais, que nenhum dos investigados no processo 5046159- 54.2016.4.04.7000 sofre no momento qualquer restri\u00e7\u00e3o a sua liberdade ou a sua propriedade. Franqueado, por ora, o acesso apenas \u00e0 autoridade policial e ao MPF, sem preju\u00edzo do levantamento do sigilo quando n\u00e3o houver mais riscos \u00e0s investiga\u00e7\u00f5es\u201d, despachou o juiz.<\/p>\n<p>O juiz tamb\u00e9m determinou que o acesso ao inqu\u00e9rito pelos investigados ser\u00e1 decidido caso a caso.<\/p>\n<p>Em peti\u00e7\u00e3o encaminhada nessa quarta, a defesa do ex-ministro Ant\u00f4nio Palocci, questionou o sigilo de parte da investiga\u00e7\u00e3o. S\u00e9rgio Moro respondeu em despacho que a defesa indique especificamente o pedido de acesso. \u201cObservo que a maior parte dos procedimentos relacionados ao presente feito tramitam sem sigilo ou sob sigilo n\u00edvel 1, estando acess\u00edvel, portanto, \u00e0s partes, ainda que via processo relacionado. Caso haja algum procedimento a que a Defesa n\u00e3o tenha acesso, deve indicar especificamente o n\u00famero para viabilizar an\u00e1lise individualizada deste Ju\u00edzo\u201d, disse o juiz.<\/p>\n<p>Considerando que Palocci ser\u00e1 ouvido nesta quinta-feira (29), o juiz liberou o acesso da defesa. \u201cEspecificamente no que diz respeito ao inqu\u00e9rito 5054008-14.2015.404.7000, considerando-se que Antonio Palocci Filho ser\u00e1 ouvido pela autoridade policial na data de amanh\u00e3 (quinta), defiro o acesso ao referido inqu\u00e9rito\u201d, encaminhou.<\/p>\n<p>Moro Investiga\u00e7\u00e3o<\/p>\n<p>O delegado da Pol\u00edcia Federal (PF) Filipe Pace, que atua na for\u00e7a-tarefa da Opera\u00e7\u00e3o Lava Jato, abriu, na \u00faltima ter\u00e7a-feira (27), um inqu\u00e9rito sobre suspeitas de pagamento de propina pelo grupo Odebrecht em dezenas de obras pelo Brasil.<\/p>\n<p>As investiga\u00e7\u00f5es come\u00e7aram na 23\u00aa fase da Lava Jato, em fevereiro, quando foi rastreado um repasse do grupo ao marqueteiro Jo\u00e3o Santana.<\/p>\n<p>A PF possui planilhas e e-mails que, em conjunto, apontam que houve pagamento de propina em diferentes n\u00edveis de \u201csolidez\u201d. Algumas obras investigadas s\u00e3o do \u00e2mbito federal, do governo do PT, mas h\u00e1 tamb\u00e9m obras de governos estaduais da antiga oposi\u00e7\u00e3o, como as linhas 2 e 4 do metr\u00f4 de S\u00e3o Paulo, obra realizada sob comando do PSDB. H\u00e1, ainda, obras de gest\u00f5es municipais. As obras mais antigas da lista s\u00e3o de 2004.<\/p>\n<p>Uma das planilhas apreendidas chama-se Programa Posi\u00e7\u00e3o Especial Italiano e cita R$ 128 milh\u00f5es pagos em propina ao PT a mando do \u201citaliano\u201d, que seria o ex-ministro Antonio Palocci, preso na segunda-feira (26), na 35\u00aa fase da opera\u00e7\u00e3o. Palocci deve depor nesta quinta-feira (29).<\/p>\n<p>At\u00e9 agora, a PF tem decifrado os documentos sem a ajuda dos executivos da Odebrecht, que negociam uma dela\u00e7\u00e3o premiada. A \u00fanica investigada que colaborou com com a for\u00e7a-tarefa no Paran\u00e1 foi Maria L\u00facia Tavares, ex-funcion\u00e1ria do \u201csetor de propinas\u201d do grupo. Ela foi chamada de \u201ccorajosa\u201d pelo delegado Filipe Pace, por \u201cromper o sil\u00eancio\u201d da Odebrecht.<\/p>\n<p>A empreiteira n\u00e3o se manifestou sobre o caso. Todos os partidos t\u00eam negado os ind\u00edcios de propina.<\/p>\n<p>Confira a lista das obras j\u00e1 divulgada:<\/p>\n<p>Rio de Janeiro<\/p>\n<p>Aeroporto Santos Dumont<br \/>\nArco rodovi\u00e1rio<br \/>\nAut\u00f3dromo Jacarepagu\u00e1<br \/>\nPiscinas do Pan 2007<br \/>\nCasas no Complexo do Alem\u00e3o<br \/>\nEst\u00e1dio do Maracan\u00e3<br \/>\nMetr\u00f4 Linha 4 \u2013 Oeste<br \/>\nMetr\u00f4 de Ipanema<br \/>\nTerminal Grota Funda<br \/>\nPrograma Social (n\u00e3o especificado)<br \/>\nRestaura\u00e7\u00e3o da praia Sepetiba<br \/>\nTerminal Cabi\u00fanas (interior do estado)<br \/>\nComperj (interior do estado)<br \/>\nComplexo Japeri (interior do estado)<br \/>\nHidrel\u00e9trica de Simpl\u00edcio (interior do estado)<br \/>\nHospital do Guarus (interior do estado)<\/p>\n<p>S\u00e3o Paulo<\/p>\n<p>Obras EMTU<br \/>\nLinha 2 \u2013 Metr\u00f4<br \/>\nLinha 4 \u2013 Metr\u00f4<br \/>\nContrato de tratamento de lixo<br \/>\nSistema de esgoto do munic\u00edpio de Mau\u00e1<br \/>\nCapivari II \/ Sanasa (Campinas)<br \/>\nT\u00fanel Jo\u00e3o Penteado (Campinas)<br \/>\nCorredor metropolitano (Campinas)<br \/>\nSaneamento na cidade de Marinque<\/p>\n<p>Rio Grande do Sul<\/p>\n<p>Trensurb em Porto Alegre<br \/>\nTerceira perimetral de Porto Alegre<br \/>\nPorto do Rio Grande<br \/>\nMolhes do Porto em Rio Grande<br \/>\nBarragem de Taquaremb\u00f3 (Dom Pedrito)<\/p>\n<p>Bahia<\/p>\n<p>Arena Fonte Nova<br \/>\nEnseada de Paragua\u00e7u<\/p>\n<p>Pernambuco<\/p>\n<p>Arena Pernambuco<br \/>\nEnseada de Paragua\u00e7u<br \/>\nRefinaria Abreu e Lima<br \/>\nPier Petroleiro Suape<br \/>\nPlantas industriais Petroquisa<\/p>\n<p>Cear\u00e1<\/p>\n<p>Adutor Castanh\u00e3o<\/p>\n<p>Esp\u00edrito Santo<\/p>\n<p>Obras de Cesan<\/p>\n<p>Piau\u00ed<\/p>\n<p>Tabuleiros litor\u00e2neos do Parna\u00edba<\/p>\n<p>Paran\u00e1<\/p>\n<p>Repar<\/p>\n<p>Rio Grande do Norte<\/p>\n<p>Esgoto do Baldo<\/p>\n<p>Rond\u00f4nia<\/p>\n<p>Hidrel\u00e9trica de Santo Ant\u00f4nio<br \/>\nProjeto Madeira<\/p>\n<p>Santa Catarina<\/p>\n<p>Porto de Laguna<\/p>\n<p>Fora do Brasil<\/p>\n<p>Aeroporto de Catumbela (Angola)<br \/>\nVias de Luanda (Angola)<br \/>\nVias Expressas (Angola)<br \/>\nDutos de g\u00e1s (Argentina)<br \/>\nHidrel\u00e9trica de Tocoma (Venezuela)<\/p>\n","protected":false},"excerpt":{"rendered":"<p>S\u00e9rgio Moro decreta sigilo de inqu\u00e9rito que investiga planilha da Odebrecht<\/p>\n","protected":false},"author":1,"featured_media":0,"comment_status":"closed","ping_status":"open","sticky":false,"template":"","format":"standard","meta":{"_exactmetrics_skip_tracking":false,"_exactmetrics_sitenote_active":false,"_exactmetrics_sitenote_note":"","_exactmetrics_sitenote_category":0,"jetpack_post_was_ever_published":false,"_jetpack_newsletter_access":"","_jetpack_dont_email_post_to_subs":false,"_jetpack_newsletter_tier_id":0,"_jetpack_memberships_contains_paywalled_content":false,"_jetpack_memberships_contains_paid_content":false,"footnotes":"","jetpack_publicize_message":"","jetpack_publicize_feature_enabled":true,"jetpack_social_post_already_shared":true,"jetpack_social_options":{"image_generator_settings":{"template":"highway","enabled":false},"version":2}},"categories":[1],"tags":[],"class_list":["post-4716","post","type-post","status-publish","format-standard","hentry","category-notas"],"jetpack_publicize_connections":[],"jetpack_sharing_enabled":true,"jetpack_featured_media_url":"","jetpack_shortlink":"https:\/\/wp.me\/p7wKYW-1e4","jetpack-related-posts":[],"_links":{"self":[{"href":"http:\/\/blogdalucianaoliveira.com.br\/blog\/wp-json\/wp\/v2\/posts\/4716","targetHints":{"allow":["GET"]}}],"collection":[{"href":"http:\/\/blogdalucianaoliveira.com.br\/blog\/wp-json\/wp\/v2\/posts"}],"about":[{"href":"http:\/\/blogdalucianaoliveira.com.br\/blog\/wp-json\/wp\/v2\/types\/post"}],"author":[{"embeddable":true,"href":"http:\/\/blogdalucianaoliveira.com.br\/blog\/wp-json\/wp\/v2\/users\/1"}],"replies":[{"embeddable":true,"href":"http:\/\/blogdalucianaoliveira.com.br\/blog\/wp-json\/wp\/v2\/comments?post=4716"}],"version-history":[{"count":3,"href":"http:\/\/blogdalucianaoliveira.com.br\/blog\/wp-json\/wp\/v2\/posts\/4716\/revisions"}],"predecessor-version":[{"id":4720,"href":"http:\/\/blogdalucianaoliveira.com.br\/blog\/wp-json\/wp\/v2\/posts\/4716\/revisions\/4720"}],"wp:attachment":[{"href":"http:\/\/blogdalucianaoliveira.com.br\/blog\/wp-json\/wp\/v2\/media?parent=4716"}],"wp:term":[{"taxonomy":"category","embeddable":true,"href":"http:\/\/blogdalucianaoliveira.com.br\/blog\/wp-json\/wp\/v2\/categories?post=4716"},{"taxonomy":"post_tag","embeddable":true,"href":"http:\/\/blogdalucianaoliveira.com.br\/blog\/wp-json\/wp\/v2\/tags?post=4716"}],"curies":[{"name":"wp","href":"https:\/\/api.w.org\/{rel}","templated":true}]}}