{"id":4721,"date":"2016-09-29T18:57:33","date_gmt":"2016-09-29T22:57:33","guid":{"rendered":"http:\/\/blogdalucianaoliveira.com.br\/blog\/?p=4721"},"modified":"2016-09-29T18:57:33","modified_gmt":"2016-09-29T22:57:33","slug":"era-so-o-que-nao-faltava-fmi-dar-palpites-a-quem-se-libertou-de-seu-cabresto-ha-mais-de-uma-decada","status":"publish","type":"post","link":"http:\/\/blogdalucianaoliveira.com.br\/blog\/2016\/09\/29\/era-so-o-que-nao-faltava-fmi-dar-palpites-a-quem-se-libertou-de-seu-cabresto-ha-mais-de-uma-decada\/","title":{"rendered":"Era s\u00f3 o que n\u00e3o faltava, FMI dar palpites a quem se libertou de seu cabresto h\u00e1 mais de uma d\u00e9cada"},"content":{"rendered":"<p><img data-recalc-dims=\"1\" loading=\"lazy\" decoding=\"async\" data-attachment-id=\"4725\" data-permalink=\"http:\/\/blogdalucianaoliveira.com.br\/blog\/2016\/09\/29\/era-so-o-que-nao-faltava-fmi-dar-palpites-a-quem-se-libertou-de-seu-cabresto-ha-mais-de-uma-decada\/image-1136\/\" data-orig-file=\"https:\/\/i0.wp.com\/blogdalucianaoliveira.com.br\/blog\/wp-content\/uploads\/2016\/09\/image-336.jpeg?fit=747%2C410\" data-orig-size=\"747,410\" data-comments-opened=\"0\" data-image-meta=\"{&quot;aperture&quot;:&quot;0&quot;,&quot;credit&quot;:&quot;&quot;,&quot;camera&quot;:&quot;&quot;,&quot;caption&quot;:&quot;&quot;,&quot;created_timestamp&quot;:&quot;0&quot;,&quot;copyright&quot;:&quot;&quot;,&quot;focal_length&quot;:&quot;0&quot;,&quot;iso&quot;:&quot;0&quot;,&quot;shutter_speed&quot;:&quot;0&quot;,&quot;title&quot;:&quot;&quot;,&quot;orientation&quot;:&quot;0&quot;}\" data-image-title=\"image\" data-image-description=\"\" data-image-caption=\"\" data-medium-file=\"https:\/\/i0.wp.com\/blogdalucianaoliveira.com.br\/blog\/wp-content\/uploads\/2016\/09\/image-336.jpeg?fit=300%2C165\" data-large-file=\"https:\/\/i0.wp.com\/blogdalucianaoliveira.com.br\/blog\/wp-content\/uploads\/2016\/09\/image-336.jpeg?fit=600%2C329\" src=\"https:\/\/i0.wp.com\/blogdalucianaoliveira.com.br\/blog\/wp-content\/uploads\/2016\/09\/image-336.jpeg?resize=600%2C329\" alt=\"image\" width=\"600\" height=\"329\" class=\"alignnone size-full wp-image-4725\" srcset=\"https:\/\/i0.wp.com\/blogdalucianaoliveira.com.br\/blog\/wp-content\/uploads\/2016\/09\/image-336.jpeg?w=747 747w, https:\/\/i0.wp.com\/blogdalucianaoliveira.com.br\/blog\/wp-content\/uploads\/2016\/09\/image-336.jpeg?resize=300%2C165 300w, https:\/\/i0.wp.com\/blogdalucianaoliveira.com.br\/blog\/wp-content\/uploads\/2016\/09\/image-336.jpeg?resize=547%2C300 547w\" sizes=\"auto, (max-width: 600px) 100vw, 600px\" \/><\/p>\n<p>FMI RECOMENDA REVIS\u00c3O DO SAL\u00c1RIO M\u00cdNIMO E REFORMA TRABALHISTA AO BRASIL<!--more--><\/p>\n<p>247 \u2013 Em um relat\u00f3rio ap\u00f3s visita ao Brasil, o Fundo Monet\u00e1rio Internacional (FMI) recomendou importantes mudan\u00e7as no Pa\u00eds, como a revis\u00e3o do c\u00e1lculo de ajuste anual do sal\u00e1rio m\u00ednimo e uma reforma trabalhista, com o objetivo de &#8220;recuperar a sustentabilidade fiscal&#8221; e &#8220;retomar o crescimento&#8221; da economia.<\/p>\n<p>Outra proposta do Fundo foi a de alterar o plano de cinco anos para equilibrar as contas p\u00fablicas. O texto pede um ajuste fiscal maior, elogia a proposta do governo Temer de impor um teto para os gastos p\u00fablicos \u2013 algo que pode &#8220;mudar o jogo&#8221;, aponta o FMI \u2013 e afirma ver sinais de que a recess\u00e3o est\u00e1 no fim.<\/p>\n<p>Mas isso apenas se forem aprovadas a PEC do teto de gastos \u2013 que congela os gastos p\u00fablicos por um per\u00edodo de 20 anos e tem forte resist\u00eancia da oposi\u00e7\u00e3o e de movimentos sociais, que afirmam que haver\u00e1 cortes de direitos \u2013 e a reforma da Previd\u00eancia, que prev\u00ea estabelecer uma idade m\u00ednima para se aposentar.<\/p>\n<p>&#8220;Esta proje\u00e7\u00e3o est\u00e1 baseada na presun\u00e7\u00e3o de que seja aprovado no Congresso o teto em gasto fiscal e a reforma da previd\u00eancia social em um per\u00edodo razo\u00e1vel&#8221;, diz o documento, apontando que o Brasil poder\u00e1 voltar a crescer em 2017. A previs\u00e3o do FMI \u00e9 que o PIB brasileiro sofra queda de 3,3% neste ano e crescimento de 0,5% no ano que vem.<\/p>\n","protected":false},"excerpt":{"rendered":"<p>FMI RECOMENDA REVIS\u00c3O DO SAL\u00c1RIO M\u00cdNIMO E REFORMA TRABALHISTA AO BRASIL<\/p>\n","protected":false},"author":1,"featured_media":0,"comment_status":"closed","ping_status":"open","sticky":false,"template":"","format":"standard","meta":{"_exactmetrics_skip_tracking":false,"_exactmetrics_sitenote_active":false,"_exactmetrics_sitenote_note":"","_exactmetrics_sitenote_category":0,"jetpack_post_was_ever_published":false,"_jetpack_newsletter_access":"","_jetpack_dont_email_post_to_subs":false,"_jetpack_newsletter_tier_id":0,"_jetpack_memberships_contains_paywalled_content":false,"_jetpack_memberships_contains_paid_content":false,"footnotes":"","jetpack_publicize_message":"","jetpack_publicize_feature_enabled":true,"jetpack_social_post_already_shared":true,"jetpack_social_options":{"image_generator_settings":{"template":"highway","enabled":false},"version":2}},"categories":[1],"tags":[],"class_list":["post-4721","post","type-post","status-publish","format-standard","hentry","category-notas"],"jetpack_publicize_connections":[],"jetpack_sharing_enabled":true,"jetpack_featured_media_url":"","jetpack_shortlink":"https:\/\/wp.me\/p7wKYW-1e9","jetpack-related-posts":[],"_links":{"self":[{"href":"http:\/\/blogdalucianaoliveira.com.br\/blog\/wp-json\/wp\/v2\/posts\/4721","targetHints":{"allow":["GET"]}}],"collection":[{"href":"http:\/\/blogdalucianaoliveira.com.br\/blog\/wp-json\/wp\/v2\/posts"}],"about":[{"href":"http:\/\/blogdalucianaoliveira.com.br\/blog\/wp-json\/wp\/v2\/types\/post"}],"author":[{"embeddable":true,"href":"http:\/\/blogdalucianaoliveira.com.br\/blog\/wp-json\/wp\/v2\/users\/1"}],"replies":[{"embeddable":true,"href":"http:\/\/blogdalucianaoliveira.com.br\/blog\/wp-json\/wp\/v2\/comments?post=4721"}],"version-history":[{"count":1,"href":"http:\/\/blogdalucianaoliveira.com.br\/blog\/wp-json\/wp\/v2\/posts\/4721\/revisions"}],"predecessor-version":[{"id":4726,"href":"http:\/\/blogdalucianaoliveira.com.br\/blog\/wp-json\/wp\/v2\/posts\/4721\/revisions\/4726"}],"wp:attachment":[{"href":"http:\/\/blogdalucianaoliveira.com.br\/blog\/wp-json\/wp\/v2\/media?parent=4721"}],"wp:term":[{"taxonomy":"category","embeddable":true,"href":"http:\/\/blogdalucianaoliveira.com.br\/blog\/wp-json\/wp\/v2\/categories?post=4721"},{"taxonomy":"post_tag","embeddable":true,"href":"http:\/\/blogdalucianaoliveira.com.br\/blog\/wp-json\/wp\/v2\/tags?post=4721"}],"curies":[{"name":"wp","href":"https:\/\/api.w.org\/{rel}","templated":true}]}}