{"id":4727,"date":"2016-09-30T12:26:47","date_gmt":"2016-09-30T16:26:47","guid":{"rendered":"http:\/\/blogdalucianaoliveira.com.br\/blog\/?p=4727"},"modified":"2016-09-30T12:27:49","modified_gmt":"2016-09-30T16:27:49","slug":"nova-geracao-da-familiocracia-reforca-base-sustentacao-da-politica-rondoniense","status":"publish","type":"post","link":"http:\/\/blogdalucianaoliveira.com.br\/blog\/2016\/09\/30\/nova-geracao-da-familiocracia-reforca-base-sustentacao-da-politica-rondoniense\/","title":{"rendered":"Nova gera\u00e7\u00e3o da familiocracia refor\u00e7a base sustenta\u00e7\u00e3o da pol\u00edtica rondoniense"},"content":{"rendered":"\n<p><img data-recalc-dims=\"1\" loading=\"lazy\" decoding=\"async\" data-attachment-id=\"4729\" data-permalink=\"http:\/\/blogdalucianaoliveira.com.br\/blog\/2016\/09\/30\/nova-geracao-da-familiocracia-reforca-base-sustentacao-da-politica-rondoniense\/tv\/\" data-orig-file=\"https:\/\/i0.wp.com\/blogdalucianaoliveira.com.br\/blog\/wp-content\/uploads\/2016\/09\/tv.jpg?fit=837%2C600\" data-orig-size=\"837,600\" data-comments-opened=\"0\" data-image-meta=\"{&quot;aperture&quot;:&quot;0&quot;,&quot;credit&quot;:&quot;&quot;,&quot;camera&quot;:&quot;&quot;,&quot;caption&quot;:&quot;&quot;,&quot;created_timestamp&quot;:&quot;0&quot;,&quot;copyright&quot;:&quot;&quot;,&quot;focal_length&quot;:&quot;0&quot;,&quot;iso&quot;:&quot;0&quot;,&quot;shutter_speed&quot;:&quot;0&quot;,&quot;title&quot;:&quot;&quot;,&quot;orientation&quot;:&quot;0&quot;}\" data-image-title=\"tv\" data-image-description=\"\" data-image-caption=\"\" data-medium-file=\"https:\/\/i0.wp.com\/blogdalucianaoliveira.com.br\/blog\/wp-content\/uploads\/2016\/09\/tv.jpg?fit=300%2C215\" data-large-file=\"https:\/\/i0.wp.com\/blogdalucianaoliveira.com.br\/blog\/wp-content\/uploads\/2016\/09\/tv.jpg?fit=600%2C430\" src=\"https:\/\/i0.wp.com\/blogdalucianaoliveira.com.br\/blog\/wp-content\/uploads\/2016\/09\/tv.jpg?resize=600%2C430\" alt=\"tv\" width=\"600\" height=\"430\" class=\"alignnone size-full wp-image-4729\" \/><\/p>\n<p>Voc\u00ea j\u00e1 se perguntou se n\u00e3o \u00e9 demais ter dois parentes ocupando simultaneamente vagas no poder legislativo? Se n\u00e3o, est\u00e1 na hora de refletir sobre o que eleitos fizeram de extraordin\u00e1rio para o munic\u00edpio, estado ou pa\u00eds, que justifique dar a um de seus parentes uma cadeira na C\u00e2mara de Vereadores.<!--more--><\/p>\n<p>A bem da verdade, alguns deixaram um legado tenebroso de esc\u00e2ndalos por corrup\u00e7\u00e3o, mas isso n\u00e3o os impede de se exibir como garantia de efici\u00eancia e moralidade aos eleitores. \u00c9 o caso do deputado Jean de Oliveira, filho do ex-deputado Carl\u00e3o de Oliveira.<br \/>\nO pai chegou a ser preso e posteriormente foi condenado a partir da Opera\u00e7\u00e3o Domin\u00f3 por comandar um esquema de desvio de recursos p\u00fablicos quando era presidente da Assembleia Legislativa. O filho Jean assumiu seu lugar e logo caiu nas investiga\u00e7\u00f5es de duas opera\u00e7\u00f5es de combate \u00e0 corrup\u00e7\u00e3o: Term\u00f3pilas e Apocalipse. Agora ele apresenta o irm\u00e3o, M\u00e1rcio Oliveira, de quem ningu\u00e9m jamais ouviu falar. <\/p>\n<p><img data-recalc-dims=\"1\" loading=\"lazy\" decoding=\"async\" data-attachment-id=\"4730\" data-permalink=\"http:\/\/blogdalucianaoliveira.com.br\/blog\/2016\/09\/30\/nova-geracao-da-familiocracia-reforca-base-sustentacao-da-politica-rondoniense\/marcio1\/\" data-orig-file=\"https:\/\/i0.wp.com\/blogdalucianaoliveira.com.br\/blog\/wp-content\/uploads\/2016\/09\/marcio1.jpg?fit=960%2C960\" data-orig-size=\"960,960\" data-comments-opened=\"0\" data-image-meta=\"{&quot;aperture&quot;:&quot;0&quot;,&quot;credit&quot;:&quot;&quot;,&quot;camera&quot;:&quot;&quot;,&quot;caption&quot;:&quot;&quot;,&quot;created_timestamp&quot;:&quot;0&quot;,&quot;copyright&quot;:&quot;&quot;,&quot;focal_length&quot;:&quot;0&quot;,&quot;iso&quot;:&quot;0&quot;,&quot;shutter_speed&quot;:&quot;0&quot;,&quot;title&quot;:&quot;&quot;,&quot;orientation&quot;:&quot;0&quot;}\" data-image-title=\"marcio1\" data-image-description=\"\" data-image-caption=\"\" data-medium-file=\"https:\/\/i0.wp.com\/blogdalucianaoliveira.com.br\/blog\/wp-content\/uploads\/2016\/09\/marcio1.jpg?fit=300%2C300\" data-large-file=\"https:\/\/i0.wp.com\/blogdalucianaoliveira.com.br\/blog\/wp-content\/uploads\/2016\/09\/marcio1.jpg?fit=600%2C600\" src=\"https:\/\/i0.wp.com\/blogdalucianaoliveira.com.br\/blog\/wp-content\/uploads\/2016\/09\/marcio1.jpg?resize=600%2C600\" alt=\"marcio1\" width=\"600\" height=\"600\" class=\"alignnone size-full wp-image-4730\" \/><\/p>\n<p>O deputado Jesu\u00edno Boabaid quer empurrar pra dentro da C\u00e2mara a mulher Ada Dantas, que al\u00e9m de militar a favor dos policiais est\u00e1 em campanha para eleger Jair Bolsonaro. S\u00f3 isso.<\/p>\n<p><img data-recalc-dims=\"1\" loading=\"lazy\" decoding=\"async\" data-attachment-id=\"4731\" data-permalink=\"http:\/\/blogdalucianaoliveira.com.br\/blog\/2016\/09\/30\/nova-geracao-da-familiocracia-reforca-base-sustentacao-da-politica-rondoniense\/ada1\/\" data-orig-file=\"https:\/\/i0.wp.com\/blogdalucianaoliveira.com.br\/blog\/wp-content\/uploads\/2016\/09\/ada1.jpg?fit=903%2C915\" data-orig-size=\"903,915\" data-comments-opened=\"0\" data-image-meta=\"{&quot;aperture&quot;:&quot;0&quot;,&quot;credit&quot;:&quot;&quot;,&quot;camera&quot;:&quot;&quot;,&quot;caption&quot;:&quot;&quot;,&quot;created_timestamp&quot;:&quot;0&quot;,&quot;copyright&quot;:&quot;&quot;,&quot;focal_length&quot;:&quot;0&quot;,&quot;iso&quot;:&quot;0&quot;,&quot;shutter_speed&quot;:&quot;0&quot;,&quot;title&quot;:&quot;&quot;,&quot;orientation&quot;:&quot;0&quot;}\" data-image-title=\"ada1\" data-image-description=\"\" data-image-caption=\"\" data-medium-file=\"https:\/\/i0.wp.com\/blogdalucianaoliveira.com.br\/blog\/wp-content\/uploads\/2016\/09\/ada1.jpg?fit=296%2C300\" data-large-file=\"https:\/\/i0.wp.com\/blogdalucianaoliveira.com.br\/blog\/wp-content\/uploads\/2016\/09\/ada1.jpg?fit=600%2C608\" src=\"https:\/\/i0.wp.com\/blogdalucianaoliveira.com.br\/blog\/wp-content\/uploads\/2016\/09\/ada1.jpg?resize=600%2C608\" alt=\"ada1\" width=\"600\" height=\"608\" class=\"alignnone size-full wp-image-4731\" \/><\/p>\n<p>O jovem Maur\u00edcio Carvalho (PSDB) anda por a\u00ed colado na irm\u00e3 deputada federal, Mariana Carvalho. \u00c9 outro que sempre circulou no meio da elite e dos que se acham da elite por andar com a elite. Nunca se ouviu falar de nada que tenha feito ou defendido de relevante para a sociedade de um modo geral. \u00c9 apenas um leg\u00edtimo herdeiro de uma oligarquia pol\u00edtica.<\/p>\n<p><img data-recalc-dims=\"1\" loading=\"lazy\" decoding=\"async\" data-attachment-id=\"4732\" data-permalink=\"http:\/\/blogdalucianaoliveira.com.br\/blog\/2016\/09\/30\/nova-geracao-da-familiocracia-reforca-base-sustentacao-da-politica-rondoniense\/mauricio1-2\/\" data-orig-file=\"https:\/\/i0.wp.com\/blogdalucianaoliveira.com.br\/blog\/wp-content\/uploads\/2016\/09\/mauricio1-1.jpg?fit=960%2C639\" data-orig-size=\"960,639\" data-comments-opened=\"0\" data-image-meta=\"{&quot;aperture&quot;:&quot;0&quot;,&quot;credit&quot;:&quot;&quot;,&quot;camera&quot;:&quot;&quot;,&quot;caption&quot;:&quot;&quot;,&quot;created_timestamp&quot;:&quot;0&quot;,&quot;copyright&quot;:&quot;&quot;,&quot;focal_length&quot;:&quot;0&quot;,&quot;iso&quot;:&quot;0&quot;,&quot;shutter_speed&quot;:&quot;0&quot;,&quot;title&quot;:&quot;&quot;,&quot;orientation&quot;:&quot;0&quot;}\" data-image-title=\"mauricio1\" data-image-description=\"\" data-image-caption=\"\" data-medium-file=\"https:\/\/i0.wp.com\/blogdalucianaoliveira.com.br\/blog\/wp-content\/uploads\/2016\/09\/mauricio1-1.jpg?fit=300%2C200\" data-large-file=\"https:\/\/i0.wp.com\/blogdalucianaoliveira.com.br\/blog\/wp-content\/uploads\/2016\/09\/mauricio1-1.jpg?fit=600%2C399\" src=\"https:\/\/i0.wp.com\/blogdalucianaoliveira.com.br\/blog\/wp-content\/uploads\/2016\/09\/mauricio1-1.jpg?resize=600%2C399\" alt=\"mauricio1\" width=\"600\" height=\"399\" class=\"alignnone size-full wp-image-4732\" \/><\/p>\n<p>O deputado A\u00e9lcio da TV apresenta o filho Luan, da TV claro. Ele promete renunciar 70% da verba de gabinete para contratar assessores, ou seja, vai pagar o sal\u00e1rio deles com dinheiro pr\u00f3prio. E pensar que a fam\u00edlia meteu a cara na pol\u00edtica com um programa que sorteava uma festinha de anivers\u00e1rio com bolo e refrigerante. <\/p>\n<p><img data-recalc-dims=\"1\" loading=\"lazy\" decoding=\"async\" data-attachment-id=\"4733\" data-permalink=\"http:\/\/blogdalucianaoliveira.com.br\/blog\/2016\/09\/30\/nova-geracao-da-familiocracia-reforca-base-sustentacao-da-politica-rondoniense\/luan\/\" data-orig-file=\"https:\/\/i0.wp.com\/blogdalucianaoliveira.com.br\/blog\/wp-content\/uploads\/2016\/09\/luan.jpg?fit=960%2C960\" data-orig-size=\"960,960\" data-comments-opened=\"0\" data-image-meta=\"{&quot;aperture&quot;:&quot;0&quot;,&quot;credit&quot;:&quot;&quot;,&quot;camera&quot;:&quot;&quot;,&quot;caption&quot;:&quot;&quot;,&quot;created_timestamp&quot;:&quot;0&quot;,&quot;copyright&quot;:&quot;&quot;,&quot;focal_length&quot;:&quot;0&quot;,&quot;iso&quot;:&quot;0&quot;,&quot;shutter_speed&quot;:&quot;0&quot;,&quot;title&quot;:&quot;&quot;,&quot;orientation&quot;:&quot;0&quot;}\" data-image-title=\"luan\" data-image-description=\"\" data-image-caption=\"\" data-medium-file=\"https:\/\/i0.wp.com\/blogdalucianaoliveira.com.br\/blog\/wp-content\/uploads\/2016\/09\/luan.jpg?fit=300%2C300\" data-large-file=\"https:\/\/i0.wp.com\/blogdalucianaoliveira.com.br\/blog\/wp-content\/uploads\/2016\/09\/luan.jpg?fit=600%2C600\" src=\"https:\/\/i0.wp.com\/blogdalucianaoliveira.com.br\/blog\/wp-content\/uploads\/2016\/09\/luan.jpg?resize=600%2C600\" alt=\"luan\" width=\"600\" height=\"600\" class=\"alignnone size-full wp-image-4733\" \/><\/p>\n<p>\u00c9 o grande drama da pol\u00edtica brasileira ter sua base de representa\u00e7\u00e3o pol\u00edtica erguida na sucess\u00e3o de parentes. <\/p>\n<p>Depois as pessoas fingem n\u00e3o saber por que a cidade, o estado e o pa\u00eds n\u00e3o mudam.<\/p>\n<p>Ao menos 8 em cada 10 dos meus leitores perguntam por que ataco essas candidaturas e o que ganho com isso.<\/p>\n<p>Sempre retruco com outra pergunta: por que voc\u00ea n\u00e3o se pergunta se \u00e9 justo e se vale a pena eleger parentes, afinal, o preju\u00edzo pela incompet\u00eancia, o sal\u00e1rio e os privil\u00e9gios v\u00e3o sair do nosso bolso.<\/p>\n","protected":false},"excerpt":{"rendered":"<p>Voc\u00ea j\u00e1 se perguntou se n\u00e3o \u00e9 demais ter dois parentes ocupando simultaneamente vagas no poder legislativo? Se n\u00e3o, est\u00e1 na hora de refletir sobre o que eleitos fizeram de extraordin\u00e1rio para o munic\u00edpio, estado ou pa\u00eds, que justifique dar a um de seus parentes uma cadeira na C\u00e2mara de Vereadores.<\/p>\n","protected":false},"author":1,"featured_media":0,"comment_status":"closed","ping_status":"open","sticky":false,"template":"","format":"standard","meta":{"_exactmetrics_skip_tracking":false,"_exactmetrics_sitenote_active":false,"_exactmetrics_sitenote_note":"","_exactmetrics_sitenote_category":0,"jetpack_post_was_ever_published":false,"_jetpack_newsletter_access":"","_jetpack_dont_email_post_to_subs":false,"_jetpack_newsletter_tier_id":0,"_jetpack_memberships_contains_paywalled_content":false,"_jetpack_memberships_contains_paid_content":false,"footnotes":"","jetpack_publicize_message":"","jetpack_publicize_feature_enabled":true,"jetpack_social_post_already_shared":true,"jetpack_social_options":{"image_generator_settings":{"template":"highway","enabled":false},"version":2}},"categories":[1],"tags":[],"class_list":["post-4727","post","type-post","status-publish","format-standard","hentry","category-notas"],"jetpack_publicize_connections":[],"jetpack_sharing_enabled":true,"jetpack_featured_media_url":"","jetpack_shortlink":"https:\/\/wp.me\/p7wKYW-1ef","jetpack-related-posts":[],"_links":{"self":[{"href":"http:\/\/blogdalucianaoliveira.com.br\/blog\/wp-json\/wp\/v2\/posts\/4727","targetHints":{"allow":["GET"]}}],"collection":[{"href":"http:\/\/blogdalucianaoliveira.com.br\/blog\/wp-json\/wp\/v2\/posts"}],"about":[{"href":"http:\/\/blogdalucianaoliveira.com.br\/blog\/wp-json\/wp\/v2\/types\/post"}],"author":[{"embeddable":true,"href":"http:\/\/blogdalucianaoliveira.com.br\/blog\/wp-json\/wp\/v2\/users\/1"}],"replies":[{"embeddable":true,"href":"http:\/\/blogdalucianaoliveira.com.br\/blog\/wp-json\/wp\/v2\/comments?post=4727"}],"version-history":[{"count":4,"href":"http:\/\/blogdalucianaoliveira.com.br\/blog\/wp-json\/wp\/v2\/posts\/4727\/revisions"}],"predecessor-version":[{"id":4737,"href":"http:\/\/blogdalucianaoliveira.com.br\/blog\/wp-json\/wp\/v2\/posts\/4727\/revisions\/4737"}],"wp:attachment":[{"href":"http:\/\/blogdalucianaoliveira.com.br\/blog\/wp-json\/wp\/v2\/media?parent=4727"}],"wp:term":[{"taxonomy":"category","embeddable":true,"href":"http:\/\/blogdalucianaoliveira.com.br\/blog\/wp-json\/wp\/v2\/categories?post=4727"},{"taxonomy":"post_tag","embeddable":true,"href":"http:\/\/blogdalucianaoliveira.com.br\/blog\/wp-json\/wp\/v2\/tags?post=4727"}],"curies":[{"name":"wp","href":"https:\/\/api.w.org\/{rel}","templated":true}]}}