{"id":4738,"date":"2016-09-30T14:08:33","date_gmt":"2016-09-30T18:08:33","guid":{"rendered":"http:\/\/blogdalucianaoliveira.com.br\/blog\/?p=4738"},"modified":"2016-09-30T14:08:33","modified_gmt":"2016-09-30T18:08:33","slug":"fmi-pede-o-fim-do-mais-importante-instrumento-de-combate-a-pobreza","status":"publish","type":"post","link":"http:\/\/blogdalucianaoliveira.com.br\/blog\/2016\/09\/30\/fmi-pede-o-fim-do-mais-importante-instrumento-de-combate-a-pobreza\/","title":{"rendered":"FMI pede o fim do mais importante instrumento de combate \u00e0 pobreza"},"content":{"rendered":"<p><img data-recalc-dims=\"1\" loading=\"lazy\" decoding=\"async\" data-attachment-id=\"4739\" data-permalink=\"http:\/\/blogdalucianaoliveira.com.br\/blog\/2016\/09\/30\/fmi-pede-o-fim-do-mais-importante-instrumento-de-combate-a-pobreza\/clt\/\" data-orig-file=\"https:\/\/i0.wp.com\/blogdalucianaoliveira.com.br\/blog\/wp-content\/uploads\/2016\/09\/clt.jpg?fit=490%2C280\" data-orig-size=\"490,280\" data-comments-opened=\"0\" data-image-meta=\"{&quot;aperture&quot;:&quot;0&quot;,&quot;credit&quot;:&quot;&quot;,&quot;camera&quot;:&quot;&quot;,&quot;caption&quot;:&quot;&quot;,&quot;created_timestamp&quot;:&quot;0&quot;,&quot;copyright&quot;:&quot;&quot;,&quot;focal_length&quot;:&quot;0&quot;,&quot;iso&quot;:&quot;0&quot;,&quot;shutter_speed&quot;:&quot;0&quot;,&quot;title&quot;:&quot;&quot;,&quot;orientation&quot;:&quot;0&quot;}\" data-image-title=\"clt\" data-image-description=\"\" data-image-caption=\"\" data-medium-file=\"https:\/\/i0.wp.com\/blogdalucianaoliveira.com.br\/blog\/wp-content\/uploads\/2016\/09\/clt.jpg?fit=300%2C171\" data-large-file=\"https:\/\/i0.wp.com\/blogdalucianaoliveira.com.br\/blog\/wp-content\/uploads\/2016\/09\/clt.jpg?fit=490%2C280\" src=\"https:\/\/i0.wp.com\/blogdalucianaoliveira.com.br\/blog\/wp-content\/uploads\/2016\/09\/clt.jpg?resize=490%2C280\" alt=\"clt\" width=\"490\" height=\"280\" class=\"alignnone size-full wp-image-4739\" srcset=\"https:\/\/i0.wp.com\/blogdalucianaoliveira.com.br\/blog\/wp-content\/uploads\/2016\/09\/clt.jpg?w=490 490w, https:\/\/i0.wp.com\/blogdalucianaoliveira.com.br\/blog\/wp-content\/uploads\/2016\/09\/clt.jpg?resize=300%2C171 300w\" sizes=\"auto, (max-width: 490px) 100vw, 490px\" \/><\/p>\n<p>No 247<br \/>\nTereza Cruvinel<\/p>\n<p>O comunicado do FMI emitido nesta quinta-feira, ap\u00f3s a primeira visita oficial ao Brasil na fase Temer, recomendou o fim do mais importante instrumento de combate \u00e0 pobreza e \u00e0 desigualdade adotado nos governos Lula e Dilma, a pol\u00edtica de valoriza\u00e7\u00e3o do sal\u00e1rio minimo. De 2003 a 2015, o aumento real do SM foi de 76%, alterou o perfil de consumo e foi o principal fator para redu\u00e7\u00e3o da pobreza registrada pelo Brasil, segundo a ONU. Como diria Lula em outros tempos, nunca antes neste pa\u00eds o sal\u00e1rio m\u00ednimo fora t\u00e3o forte.<!--more--><\/p>\n<p>No in\u00edcio do segundo mandato de Lula, o governo e as centrais sindicais firmaram o acordo que estabeleceu novas regras para a corre\u00e7\u00e3o anual do sal\u00e1rio m\u00ednimo, sepultando a velha pr\u00e1tica de corrigi-lo apenas pela infla\u00e7\u00e3o (e \u00e0s vezes nem isso), o que n\u00e3o garantia aumentos reais do seu poder de compra. Desde sua cria\u00e7\u00e3o pelo presidente Get\u00falio Vargas, aumentos maiores para o sal\u00e1rio m\u00ednimo sempre despertaram rea\u00e7\u00f5es conservadoras, tais como as que derrubaram o ministro do Trabalho de Vargas, Jo\u00e3o Goulart, quando ele prop\u00f4s um aumento de 100% em 1954. O acordo negociado por Lula com as centrais resultou na regra pela qual o sal\u00e1rio m\u00ednimo passou a ser reajustado anualmente com base na varia\u00e7\u00e3o do Produto Interno Bruto (PIB) do ano retrasado, somada \u00e0 infla\u00e7\u00e3o acumulada do ano anterior, medida pelo \u00cdndice Nacional de Pre\u00e7os do Consumidor (INPC). No governo Dilma, em 2011, o Congresso transformou o acordo que j\u00e1 vinha vigorando na Lei n\u00b0 12.382.<\/p>\n<p>Uma forma de aferir o poder de compra do sal\u00e1rio m\u00ednimo \u00e9 pelo c\u00e1lculo de quantas cestas b\u00e1sicas ele pode comprar. Se em 1995 podiam ser compradas 1,02, em 2014 podiam ser compradas 2,21.<\/p>\n<p>Mas o FMI est\u00e1 recomendando n\u00e3o apenas o fim desta pol\u00edtica que beneficiou os mais pobres, incrementou o mercado de consumo e a din\u00e2mica da economia. Quer tamb\u00e9m que seja quebrada a vincula\u00e7\u00e3o das aposentadorias e pens\u00f5es do INSS ao sal\u00e1rio m\u00ednimo, o que afetar\u00e1 cerca de 25 milh\u00f5es de brasileiros.<\/p>\n<p>Se o Governo Temer, como o de Macri na Argentina, render-se ao FMI, e aceitar tais recomenda\u00e7\u00f5es, teremos o mais grave de todos os desmontes sociais que v\u00eam sendo feitos.<\/p>\n","protected":false},"excerpt":{"rendered":"<p>No 247 Tereza Cruvinel O comunicado do FMI emitido nesta quinta-feira, ap\u00f3s a primeira visita oficial ao Brasil na fase Temer, recomendou o fim do mais importante instrumento de combate \u00e0 pobreza e \u00e0 desigualdade adotado nos governos Lula e Dilma, a pol\u00edtica de valoriza\u00e7\u00e3o do sal\u00e1rio minimo. De 2003 a 2015, o aumento real&#8230;<a class=\"more-link\" href=\"http:\/\/blogdalucianaoliveira.com.br\/blog\/2016\/09\/30\/fmi-pede-o-fim-do-mais-importante-instrumento-de-combate-a-pobreza\/\">Continue a leitura <span class=\"meta-nav\">&raquo;<\/span><\/a><\/p>\n","protected":false},"author":1,"featured_media":0,"comment_status":"closed","ping_status":"open","sticky":false,"template":"","format":"standard","meta":{"_exactmetrics_skip_tracking":false,"_exactmetrics_sitenote_active":false,"_exactmetrics_sitenote_note":"","_exactmetrics_sitenote_category":0,"jetpack_post_was_ever_published":false,"_jetpack_newsletter_access":"","_jetpack_dont_email_post_to_subs":false,"_jetpack_newsletter_tier_id":0,"_jetpack_memberships_contains_paywalled_content":false,"_jetpack_memberships_contains_paid_content":false,"footnotes":"","jetpack_publicize_message":"","jetpack_publicize_feature_enabled":true,"jetpack_social_post_already_shared":true,"jetpack_social_options":{"image_generator_settings":{"template":"highway","enabled":false},"version":2}},"categories":[1],"tags":[],"class_list":["post-4738","post","type-post","status-publish","format-standard","hentry","category-notas"],"jetpack_publicize_connections":[],"jetpack_sharing_enabled":true,"jetpack_featured_media_url":"","jetpack_shortlink":"https:\/\/wp.me\/p7wKYW-1eq","jetpack-related-posts":[],"_links":{"self":[{"href":"http:\/\/blogdalucianaoliveira.com.br\/blog\/wp-json\/wp\/v2\/posts\/4738","targetHints":{"allow":["GET"]}}],"collection":[{"href":"http:\/\/blogdalucianaoliveira.com.br\/blog\/wp-json\/wp\/v2\/posts"}],"about":[{"href":"http:\/\/blogdalucianaoliveira.com.br\/blog\/wp-json\/wp\/v2\/types\/post"}],"author":[{"embeddable":true,"href":"http:\/\/blogdalucianaoliveira.com.br\/blog\/wp-json\/wp\/v2\/users\/1"}],"replies":[{"embeddable":true,"href":"http:\/\/blogdalucianaoliveira.com.br\/blog\/wp-json\/wp\/v2\/comments?post=4738"}],"version-history":[{"count":1,"href":"http:\/\/blogdalucianaoliveira.com.br\/blog\/wp-json\/wp\/v2\/posts\/4738\/revisions"}],"predecessor-version":[{"id":4740,"href":"http:\/\/blogdalucianaoliveira.com.br\/blog\/wp-json\/wp\/v2\/posts\/4738\/revisions\/4740"}],"wp:attachment":[{"href":"http:\/\/blogdalucianaoliveira.com.br\/blog\/wp-json\/wp\/v2\/media?parent=4738"}],"wp:term":[{"taxonomy":"category","embeddable":true,"href":"http:\/\/blogdalucianaoliveira.com.br\/blog\/wp-json\/wp\/v2\/categories?post=4738"},{"taxonomy":"post_tag","embeddable":true,"href":"http:\/\/blogdalucianaoliveira.com.br\/blog\/wp-json\/wp\/v2\/tags?post=4738"}],"curies":[{"name":"wp","href":"https:\/\/api.w.org\/{rel}","templated":true}]}}