{"id":4741,"date":"2016-09-30T14:19:08","date_gmt":"2016-09-30T18:19:08","guid":{"rendered":"http:\/\/blogdalucianaoliveira.com.br\/blog\/?p=4741"},"modified":"2016-09-30T14:29:36","modified_gmt":"2016-09-30T18:29:36","slug":"debate-tv-ro-telhado-de-vidro-x-destelhado","status":"publish","type":"post","link":"http:\/\/blogdalucianaoliveira.com.br\/blog\/2016\/09\/30\/debate-tv-ro-telhado-de-vidro-x-destelhado\/","title":{"rendered":"Debate TV RO: telhado de vidro x destelhado"},"content":{"rendered":"<p><img data-recalc-dims=\"1\" loading=\"lazy\" decoding=\"async\" data-attachment-id=\"4745\" data-permalink=\"http:\/\/blogdalucianaoliveira.com.br\/blog\/2016\/09\/30\/debate-tv-ro-telhado-de-vidro-x-destelhado\/debate\/\" data-orig-file=\"https:\/\/i0.wp.com\/blogdalucianaoliveira.com.br\/blog\/wp-content\/uploads\/2016\/09\/debate.png?fit=887%2C335\" data-orig-size=\"887,335\" data-comments-opened=\"0\" data-image-meta=\"{&quot;aperture&quot;:&quot;0&quot;,&quot;credit&quot;:&quot;&quot;,&quot;camera&quot;:&quot;&quot;,&quot;caption&quot;:&quot;&quot;,&quot;created_timestamp&quot;:&quot;0&quot;,&quot;copyright&quot;:&quot;&quot;,&quot;focal_length&quot;:&quot;0&quot;,&quot;iso&quot;:&quot;0&quot;,&quot;shutter_speed&quot;:&quot;0&quot;,&quot;title&quot;:&quot;&quot;,&quot;orientation&quot;:&quot;0&quot;}\" data-image-title=\"debate\" data-image-description=\"\" data-image-caption=\"\" data-medium-file=\"https:\/\/i0.wp.com\/blogdalucianaoliveira.com.br\/blog\/wp-content\/uploads\/2016\/09\/debate.png?fit=300%2C113\" data-large-file=\"https:\/\/i0.wp.com\/blogdalucianaoliveira.com.br\/blog\/wp-content\/uploads\/2016\/09\/debate.png?fit=600%2C227\" src=\"https:\/\/i0.wp.com\/blogdalucianaoliveira.com.br\/blog\/wp-content\/uploads\/2016\/09\/debate.png?resize=600%2C227\" alt=\"debate\" width=\"600\" height=\"227\" class=\"alignnone size-full wp-image-4745\" srcset=\"https:\/\/i0.wp.com\/blogdalucianaoliveira.com.br\/blog\/wp-content\/uploads\/2016\/09\/debate.png?w=887 887w, https:\/\/i0.wp.com\/blogdalucianaoliveira.com.br\/blog\/wp-content\/uploads\/2016\/09\/debate.png?resize=300%2C113 300w, https:\/\/i0.wp.com\/blogdalucianaoliveira.com.br\/blog\/wp-content\/uploads\/2016\/09\/debate.png?resize=768%2C290 768w, https:\/\/i0.wp.com\/blogdalucianaoliveira.com.br\/blog\/wp-content\/uploads\/2016\/09\/debate.png?resize=794%2C300 794w\" sizes=\"auto, (max-width: 600px) 100vw, 600px\" \/><\/p>\n<p>O melhor foi o &#8216;seu Geraldo&#8217;, o cara citado no debate entre os candidatos a prefeito ontem.<br \/>\nN\u00e3o sei quem \u00e9, mas certamente amanheceu na boca do povo e dormiu mais tranquilo que o candidato tucano Dr. Hildon que inventou de cutucar com vara curta, o candidato petista Roberto Sobrinho.<!--more--><\/p>\n<p>A baixaria entre os dois foi deplor\u00e1vel! <\/p>\n<p>Estava quase dormindo quando o barraco come\u00e7ou e foi como uma carapanada no p\u00e9 do ouvido pra despertar.<br \/>\nO tucano como bom tucano que \u00e9, apelou com o discurso da moralidade tendo o telhado de vidro. Se disse &#8220;enojado&#8221; por debater com o petista que responde h\u00e1 v\u00e1rias a\u00e7\u00f5es na justi\u00e7a.<br \/>\nRoberto, sendo Roberto, n\u00e3o deixou barato e perguntou o que todos queriam saber: &#8220;como um funcion\u00e1rio p\u00fablico acumula patrim\u00f4nio de 11 milh\u00f5es de reais?&#8221;<\/p>\n<p>O petista disse que o ex-promotor n\u00e3o saiu &#8216;numa boa&#8217; do MP e deixou no ar uma acusa\u00e7\u00e3o grav\u00edssima de que teria sido convidado a sair a bem do servi\u00e7o p\u00fablico.<\/p>\n<p>H\u00e1 tempos n\u00e3o via um debate t\u00e3o rasteiro.<br \/>\nFoi feio para os dois.<br \/>\nMas, o telespectador gostou na falta de entusiasmo com propostas.<\/p>\n<p>No meu ponto de vista, ambos perderam ontem. Foi como colocar pimenta demais numa comida.<\/p>\n<p>Mas, a base do nosso sistema pol\u00edtico \u00e9 constru\u00edda assim: com pouca autoridade moral e muita hipocrisia.<br \/>\nAo fim, restou a sensa\u00e7\u00e3o do debate entre o sujo e o mal lavado. Eles se esfor\u00e7aram pra demonstrar isso.<br \/>\nEu sim, fiquei enojada.<\/p>\n<p>Imagino as caras no staff do tucano, que incluiu a deputada Mariana Carvalho, outra que disfar\u00e7a a corrup\u00e7\u00e3o no seu partido pra acusar nos outros. Ela, como A\u00e9cio, Expedito e segundo Roberto, o Dr. Hildon, tamb\u00e9m.<br \/>\nAcho que o combate \u00e0 corrup\u00e7\u00e3o n\u00e3o \u00e9 uma proposta de campanha, porque naturalmente \u00e9 um dever de todos os candidatos.<\/p>\n<p>Banalizar o tema d\u00e1 nisso.<\/p>\n<p>Vejam o barraco no link: \ud83d\udc47\ud83c\udffc<\/p>\n<div class=\"fb-post\" data-href=\"https:\/\/www.facebook.com\/elizeuda.silva.10\/posts\/1401131699916031\" data-width=\"552\"><\/div>\n","protected":false},"excerpt":{"rendered":"<p>O melhor foi o &#8216;seu Geraldo&#8217;, o cara citado no debate entre os candidatos a prefeito ontem. N\u00e3o sei quem \u00e9, mas certamente amanheceu na boca do povo e dormiu mais tranquilo que o candidato tucano Dr. Hildon que inventou de cutucar com vara curta, o candidato petista Roberto Sobrinho.<\/p>\n","protected":false},"author":1,"featured_media":0,"comment_status":"closed","ping_status":"open","sticky":false,"template":"","format":"standard","meta":{"_exactmetrics_skip_tracking":false,"_exactmetrics_sitenote_active":false,"_exactmetrics_sitenote_note":"","_exactmetrics_sitenote_category":0,"jetpack_post_was_ever_published":false,"_jetpack_newsletter_access":"","_jetpack_dont_email_post_to_subs":false,"_jetpack_newsletter_tier_id":0,"_jetpack_memberships_contains_paywalled_content":false,"_jetpack_memberships_contains_paid_content":false,"footnotes":"","jetpack_publicize_message":"","jetpack_publicize_feature_enabled":true,"jetpack_social_post_already_shared":true,"jetpack_social_options":{"image_generator_settings":{"template":"highway","enabled":false},"version":2}},"categories":[1],"tags":[],"class_list":["post-4741","post","type-post","status-publish","format-standard","hentry","category-notas"],"jetpack_publicize_connections":[],"jetpack_sharing_enabled":true,"jetpack_featured_media_url":"","jetpack_shortlink":"https:\/\/wp.me\/p7wKYW-1et","jetpack-related-posts":[],"_links":{"self":[{"href":"http:\/\/blogdalucianaoliveira.com.br\/blog\/wp-json\/wp\/v2\/posts\/4741","targetHints":{"allow":["GET"]}}],"collection":[{"href":"http:\/\/blogdalucianaoliveira.com.br\/blog\/wp-json\/wp\/v2\/posts"}],"about":[{"href":"http:\/\/blogdalucianaoliveira.com.br\/blog\/wp-json\/wp\/v2\/types\/post"}],"author":[{"embeddable":true,"href":"http:\/\/blogdalucianaoliveira.com.br\/blog\/wp-json\/wp\/v2\/users\/1"}],"replies":[{"embeddable":true,"href":"http:\/\/blogdalucianaoliveira.com.br\/blog\/wp-json\/wp\/v2\/comments?post=4741"}],"version-history":[{"count":6,"href":"http:\/\/blogdalucianaoliveira.com.br\/blog\/wp-json\/wp\/v2\/posts\/4741\/revisions"}],"predecessor-version":[{"id":4748,"href":"http:\/\/blogdalucianaoliveira.com.br\/blog\/wp-json\/wp\/v2\/posts\/4741\/revisions\/4748"}],"wp:attachment":[{"href":"http:\/\/blogdalucianaoliveira.com.br\/blog\/wp-json\/wp\/v2\/media?parent=4741"}],"wp:term":[{"taxonomy":"category","embeddable":true,"href":"http:\/\/blogdalucianaoliveira.com.br\/blog\/wp-json\/wp\/v2\/categories?post=4741"},{"taxonomy":"post_tag","embeddable":true,"href":"http:\/\/blogdalucianaoliveira.com.br\/blog\/wp-json\/wp\/v2\/tags?post=4741"}],"curies":[{"name":"wp","href":"https:\/\/api.w.org\/{rel}","templated":true}]}}