{"id":4755,"date":"2016-09-30T19:07:41","date_gmt":"2016-09-30T23:07:41","guid":{"rendered":"http:\/\/blogdalucianaoliveira.com.br\/blog\/?p=4755"},"modified":"2016-09-30T19:07:41","modified_gmt":"2016-09-30T23:07:41","slug":"jandira-denunciou-manipualcao-da-globo-como-brizola-ha-22-anos","status":"publish","type":"post","link":"http:\/\/blogdalucianaoliveira.com.br\/blog\/2016\/09\/30\/jandira-denunciou-manipualcao-da-globo-como-brizola-ha-22-anos\/","title":{"rendered":"Jandira denunciou manipual\u00e7\u00e3o da Globo como Brizola h\u00e1 22 anos"},"content":{"rendered":"<p><img data-recalc-dims=\"1\" loading=\"lazy\" decoding=\"async\" data-attachment-id=\"4756\" data-permalink=\"http:\/\/blogdalucianaoliveira.com.br\/blog\/2016\/09\/30\/jandira-denunciou-manipualcao-da-globo-como-brizola-ha-22-anos\/jandira\/\" data-orig-file=\"https:\/\/i0.wp.com\/blogdalucianaoliveira.com.br\/blog\/wp-content\/uploads\/2016\/09\/jandira.jpg?fit=1000%2C357\" data-orig-size=\"1000,357\" data-comments-opened=\"0\" data-image-meta=\"{&quot;aperture&quot;:&quot;0&quot;,&quot;credit&quot;:&quot;&quot;,&quot;camera&quot;:&quot;&quot;,&quot;caption&quot;:&quot;&quot;,&quot;created_timestamp&quot;:&quot;0&quot;,&quot;copyright&quot;:&quot;&quot;,&quot;focal_length&quot;:&quot;0&quot;,&quot;iso&quot;:&quot;0&quot;,&quot;shutter_speed&quot;:&quot;0&quot;,&quot;title&quot;:&quot;&quot;,&quot;orientation&quot;:&quot;0&quot;}\" data-image-title=\"jandira\" data-image-description=\"\" data-image-caption=\"\" data-medium-file=\"https:\/\/i0.wp.com\/blogdalucianaoliveira.com.br\/blog\/wp-content\/uploads\/2016\/09\/jandira.jpg?fit=300%2C107\" data-large-file=\"https:\/\/i0.wp.com\/blogdalucianaoliveira.com.br\/blog\/wp-content\/uploads\/2016\/09\/jandira.jpg?fit=600%2C214\" src=\"https:\/\/i0.wp.com\/blogdalucianaoliveira.com.br\/blog\/wp-content\/uploads\/2016\/09\/jandira.jpg?resize=600%2C214\" alt=\"jandira\" width=\"600\" height=\"214\" class=\"alignnone size-full wp-image-4756\" srcset=\"https:\/\/i0.wp.com\/blogdalucianaoliveira.com.br\/blog\/wp-content\/uploads\/2016\/09\/jandira.jpg?w=1000 1000w, https:\/\/i0.wp.com\/blogdalucianaoliveira.com.br\/blog\/wp-content\/uploads\/2016\/09\/jandira.jpg?resize=300%2C107 300w, https:\/\/i0.wp.com\/blogdalucianaoliveira.com.br\/blog\/wp-content\/uploads\/2016\/09\/jandira.jpg?resize=768%2C274 768w, https:\/\/i0.wp.com\/blogdalucianaoliveira.com.br\/blog\/wp-content\/uploads\/2016\/09\/jandira.jpg?resize=800%2C286 800w\" sizes=\"auto, (max-width: 600px) 100vw, 600px\" \/><\/p>\n<p>JANDIRA AO 247: APOIO DA GLOBO AO GOLPE ESTAVA ENTALADO NA GARGANTA<!--more--><\/p>\n<p>Por Gisele Federicce, 247 \u2013 Um dia depois da imensa repercuss\u00e3o de sua declara\u00e7\u00e3o denunciando ao vivo a participa\u00e7\u00e3o da Globo no processo de impeachment de Dilma Rousseff, na pr\u00f3pria TV Globo, a candidata do PCdoB \u00e0 Prefeitura do Rio, Jandira Feghali, comentou que o apoio da emissora ao golpe estava entalado na garganta.<\/p>\n<p>Em conversa com o 247 por telefone, a deputada explicou por que fez a den\u00fancia ao vivo, em sua primeira participa\u00e7\u00e3o no debate eleitoral na noite desta quinta-feira 29.<\/p>\n<p>&#8220;Desde que marcaram o debate da Globo eu tomei a decis\u00e3o que ia confrontar. Porque n\u00e3o \u00e9 poss\u00edvel voc\u00ea estar numa elei\u00e7\u00e3o municipal, com a democracia ferida dessa forma, sabendo do papel que a Globo cumpria, ir at\u00e9 ali e n\u00e3o dizer nada, como se tivesse tudo bem, como se tivesse todo mundo submisso. A gente nunca temeu a TV Globo&#8221;, disse.<\/p>\n<p>&#8220;Acho que isso estabelece uma refer\u00eancia de coragem, de atitude diante de uma m\u00eddia que de fato n\u00e3o respeita a democracia nem o voto popular&#8221;, acrescentou a candidata.<\/p>\n<p>Ela disse n\u00e3o ter d\u00favida de que a participa\u00e7\u00e3o da Globo no afastamento de Dilma estava entalada na garganta tamb\u00e9m da sociedade. &#8220;Ah, eu n\u00e3o tenho d\u00favida. Estou vendo aqui na rua hoje. Impressionante, todo mundo se identificando com essa atitude&#8221;, afirmou.<\/p>\n<p>O v\u00eddeo de Jandira viralizou nas redes sociais e foi o tema mais comentado de todos os debates promovidos at\u00e9 agora pela Globo. Assista:<\/p>\n<div class=\"jetpack-video-wrapper\"><span class=\"embed-youtube\" style=\"text-align:center; display: block;\"><iframe loading=\"lazy\" class=\"youtube-player\" width=\"600\" height=\"338\" src=\"https:\/\/www.youtube.com\/embed\/e9oc5VlGf7s?version=3&#038;rel=1&#038;showsearch=0&#038;showinfo=1&#038;iv_load_policy=1&#038;fs=1&#038;hl=pt-BR&#038;autohide=2&#038;wmode=transparent\" allowfullscreen=\"true\" style=\"border:0;\" sandbox=\"allow-scripts allow-same-origin allow-popups allow-presentation allow-popups-to-escape-sandbox\"><\/iframe><\/span><\/div>\n","protected":false},"excerpt":{"rendered":"<p>JANDIRA AO 247: APOIO DA GLOBO AO GOLPE ESTAVA ENTALADO NA GARGANTA<\/p>\n","protected":false},"author":1,"featured_media":0,"comment_status":"closed","ping_status":"open","sticky":false,"template":"","format":"standard","meta":{"_exactmetrics_skip_tracking":false,"_exactmetrics_sitenote_active":false,"_exactmetrics_sitenote_note":"","_exactmetrics_sitenote_category":0,"jetpack_post_was_ever_published":false,"_jetpack_newsletter_access":"","_jetpack_dont_email_post_to_subs":false,"_jetpack_newsletter_tier_id":0,"_jetpack_memberships_contains_paywalled_content":false,"_jetpack_memberships_contains_paid_content":false,"footnotes":"","jetpack_publicize_message":"","jetpack_publicize_feature_enabled":true,"jetpack_social_post_already_shared":true,"jetpack_social_options":{"image_generator_settings":{"template":"highway","enabled":false},"version":2}},"categories":[1],"tags":[],"class_list":["post-4755","post","type-post","status-publish","format-standard","hentry","category-notas"],"jetpack_publicize_connections":[],"jetpack_sharing_enabled":true,"jetpack_featured_media_url":"","jetpack_shortlink":"https:\/\/wp.me\/p7wKYW-1eH","jetpack-related-posts":[],"_links":{"self":[{"href":"http:\/\/blogdalucianaoliveira.com.br\/blog\/wp-json\/wp\/v2\/posts\/4755","targetHints":{"allow":["GET"]}}],"collection":[{"href":"http:\/\/blogdalucianaoliveira.com.br\/blog\/wp-json\/wp\/v2\/posts"}],"about":[{"href":"http:\/\/blogdalucianaoliveira.com.br\/blog\/wp-json\/wp\/v2\/types\/post"}],"author":[{"embeddable":true,"href":"http:\/\/blogdalucianaoliveira.com.br\/blog\/wp-json\/wp\/v2\/users\/1"}],"replies":[{"embeddable":true,"href":"http:\/\/blogdalucianaoliveira.com.br\/blog\/wp-json\/wp\/v2\/comments?post=4755"}],"version-history":[{"count":1,"href":"http:\/\/blogdalucianaoliveira.com.br\/blog\/wp-json\/wp\/v2\/posts\/4755\/revisions"}],"predecessor-version":[{"id":4757,"href":"http:\/\/blogdalucianaoliveira.com.br\/blog\/wp-json\/wp\/v2\/posts\/4755\/revisions\/4757"}],"wp:attachment":[{"href":"http:\/\/blogdalucianaoliveira.com.br\/blog\/wp-json\/wp\/v2\/media?parent=4755"}],"wp:term":[{"taxonomy":"category","embeddable":true,"href":"http:\/\/blogdalucianaoliveira.com.br\/blog\/wp-json\/wp\/v2\/categories?post=4755"},{"taxonomy":"post_tag","embeddable":true,"href":"http:\/\/blogdalucianaoliveira.com.br\/blog\/wp-json\/wp\/v2\/tags?post=4755"}],"curies":[{"name":"wp","href":"https:\/\/api.w.org\/{rel}","templated":true}]}}