{"id":4765,"date":"2016-10-01T11:41:39","date_gmt":"2016-10-01T15:41:39","guid":{"rendered":"http:\/\/blogdalucianaoliveira.com.br\/blog\/?p=4765"},"modified":"2016-10-01T11:41:39","modified_gmt":"2016-10-01T15:41:39","slug":"nao-ha-outro-inferno-para-o-homem-alem-da-estupidez-ou-da-maldade-dos-seus-semelhantes","status":"publish","type":"post","link":"http:\/\/blogdalucianaoliveira.com.br\/blog\/2016\/10\/01\/nao-ha-outro-inferno-para-o-homem-alem-da-estupidez-ou-da-maldade-dos-seus-semelhantes\/","title":{"rendered":"N\u00e3o h\u00e1 outro inferno para o homem al\u00e9m da estupidez ou da maldade dos seus semelhantes"},"content":{"rendered":"<p><img data-recalc-dims=\"1\" loading=\"lazy\" decoding=\"async\" data-attachment-id=\"4766\" data-permalink=\"http:\/\/blogdalucianaoliveira.com.br\/blog\/2016\/10\/01\/nao-ha-outro-inferno-para-o-homem-alem-da-estupidez-ou-da-maldade-dos-seus-semelhantes\/o-sul-e-meu-pais-800x445\/\" data-orig-file=\"https:\/\/i0.wp.com\/blogdalucianaoliveira.com.br\/blog\/wp-content\/uploads\/2016\/10\/O-SUL-%C3%89-MEU-PA%C3%8DS-800x445.jpg?fit=800%2C445\" data-orig-size=\"800,445\" data-comments-opened=\"0\" data-image-meta=\"{&quot;aperture&quot;:&quot;0&quot;,&quot;credit&quot;:&quot;&quot;,&quot;camera&quot;:&quot;&quot;,&quot;caption&quot;:&quot;&quot;,&quot;created_timestamp&quot;:&quot;0&quot;,&quot;copyright&quot;:&quot;&quot;,&quot;focal_length&quot;:&quot;0&quot;,&quot;iso&quot;:&quot;0&quot;,&quot;shutter_speed&quot;:&quot;0&quot;,&quot;title&quot;:&quot;&quot;,&quot;orientation&quot;:&quot;0&quot;}\" data-image-title=\"o-sul-e-meu-pais-800&amp;#215;445\" data-image-description=\"\" data-image-caption=\"\" data-medium-file=\"https:\/\/i0.wp.com\/blogdalucianaoliveira.com.br\/blog\/wp-content\/uploads\/2016\/10\/O-SUL-%C3%89-MEU-PA%C3%8DS-800x445.jpg?fit=300%2C167\" data-large-file=\"https:\/\/i0.wp.com\/blogdalucianaoliveira.com.br\/blog\/wp-content\/uploads\/2016\/10\/O-SUL-%C3%89-MEU-PA%C3%8DS-800x445.jpg?fit=600%2C334\" src=\"https:\/\/i0.wp.com\/blogdalucianaoliveira.com.br\/blog\/wp-content\/uploads\/2016\/10\/O-SUL-%C3%89-MEU-PA%C3%8DS-800x445.jpg?resize=600%2C334\" alt=\"o-sul-e-meu-pais-800x445\" width=\"600\" height=\"334\" class=\"alignnone size-full wp-image-4766\" srcset=\"https:\/\/i0.wp.com\/blogdalucianaoliveira.com.br\/blog\/wp-content\/uploads\/2016\/10\/O-SUL-%C3%89-MEU-PA%C3%8DS-800x445.jpg?resize=800%2C445 800w, https:\/\/i0.wp.com\/blogdalucianaoliveira.com.br\/blog\/wp-content\/uploads\/2016\/10\/O-SUL-%C3%89-MEU-PA%C3%8DS-800x445.jpg?resize=300%2C167 300w, https:\/\/i0.wp.com\/blogdalucianaoliveira.com.br\/blog\/wp-content\/uploads\/2016\/10\/O-SUL-%C3%89-MEU-PA%C3%8DS-800x445.jpg?resize=768%2C427 768w, https:\/\/i0.wp.com\/blogdalucianaoliveira.com.br\/blog\/wp-content\/uploads\/2016\/10\/O-SUL-%C3%89-MEU-PA%C3%8DS-800x445.jpg?resize=539%2C300 539w\" sizes=\"auto, (max-width: 600px) 100vw, 600px\" \/><\/p>\n<p>Aloprados fazem plebiscito informal para separar o sul do Brasil nesse s\u00e1bado<!--more--><\/p>\n<p>No Debate Progressista<\/p>\n<p>Sim ou n\u00e3o. Essas s\u00e3o as alternativas que moradores de Rio Grande do Sul, Santa Catarina e Paran\u00e1 poder\u00e3o assinalar nas c\u00e9dulas que perguntam sobre a forma\u00e7\u00e3o de um novo pa\u00eds, formado apenas pelos tr\u00eas Estados.<\/p>\n<p>A consulta informal, sem validade legal, ser\u00e1 realizada pelo movimento separatista \u201cO Sul \u00e9 meu pa\u00eds\u201d neste s\u00e1bado (1), das 8h \u00e0s 17h.<\/p>\n<p>O movimento foi criado h\u00e1 25 anos, em Santa Catarina. No \u00faltimo ano, uma centena de reuni\u00f5es e eventos foram realizados pelos volunt\u00e1rios. Segundo Celso Deucher, 49 um dos fundadores do movimento, a organiza\u00e7\u00e3o arrecadou R$ 100 mil em doa\u00e7\u00f5es para fazer a vota\u00e7\u00e3o.<\/p>\n<p>A ideia original era realizar o \u201cPlebisul\u201d, como \u00e9 chamada a consulta, junto com as elei\u00e7\u00f5es municipais, no domingo (2). A iniciativa, por\u00e9m, foi vetada pelo Tribunal Regional Eleitoral de Santa Catarina (TRE-SC).<\/p>\n<p>A decis\u00e3o do desembargador Cesar Augusto Mimoso Ruiz Abreu alegava que a consulta poderia atrapalhar as elei\u00e7\u00f5es e era uma tentativa de desmembrar o territ\u00f3rio nacional, o que \u00e9 crime. Com a altera\u00e7\u00e3o da data, o \u201cPlebisul\u201d foi liberado.<\/p>\n<p>A estimativa de Deucher \u00e9 que a vota\u00e7\u00e3o aconte\u00e7a em 1.500 urnas instaladas em at\u00e9 500 cidades. O historiador e jornalista acompanhar\u00e1 a vota\u00e7\u00e3o em Brusque (SC) onde ser\u00e3o computados os votos dos tr\u00eas Estados. A previs\u00e3o \u00e9 que o resultado seja divulgado at\u00e9 \u00e0s 21h.<\/p>\n<p>(Paula Sperb \u2013 Folha)<\/p>\n","protected":false},"excerpt":{"rendered":"<p>Aloprados fazem plebiscito informal para separar o sul do Brasil nesse s\u00e1bado<\/p>\n","protected":false},"author":1,"featured_media":0,"comment_status":"closed","ping_status":"open","sticky":false,"template":"","format":"standard","meta":{"_exactmetrics_skip_tracking":false,"_exactmetrics_sitenote_active":false,"_exactmetrics_sitenote_note":"","_exactmetrics_sitenote_category":0,"jetpack_post_was_ever_published":false,"_jetpack_newsletter_access":"","_jetpack_dont_email_post_to_subs":false,"_jetpack_newsletter_tier_id":0,"_jetpack_memberships_contains_paywalled_content":false,"_jetpack_memberships_contains_paid_content":false,"footnotes":"","jetpack_publicize_message":"","jetpack_publicize_feature_enabled":true,"jetpack_social_post_already_shared":true,"jetpack_social_options":{"image_generator_settings":{"template":"highway","enabled":false},"version":2}},"categories":[1],"tags":[],"class_list":["post-4765","post","type-post","status-publish","format-standard","hentry","category-notas"],"jetpack_publicize_connections":[],"jetpack_sharing_enabled":true,"jetpack_featured_media_url":"","jetpack_shortlink":"https:\/\/wp.me\/p7wKYW-1eR","jetpack-related-posts":[],"_links":{"self":[{"href":"http:\/\/blogdalucianaoliveira.com.br\/blog\/wp-json\/wp\/v2\/posts\/4765","targetHints":{"allow":["GET"]}}],"collection":[{"href":"http:\/\/blogdalucianaoliveira.com.br\/blog\/wp-json\/wp\/v2\/posts"}],"about":[{"href":"http:\/\/blogdalucianaoliveira.com.br\/blog\/wp-json\/wp\/v2\/types\/post"}],"author":[{"embeddable":true,"href":"http:\/\/blogdalucianaoliveira.com.br\/blog\/wp-json\/wp\/v2\/users\/1"}],"replies":[{"embeddable":true,"href":"http:\/\/blogdalucianaoliveira.com.br\/blog\/wp-json\/wp\/v2\/comments?post=4765"}],"version-history":[{"count":1,"href":"http:\/\/blogdalucianaoliveira.com.br\/blog\/wp-json\/wp\/v2\/posts\/4765\/revisions"}],"predecessor-version":[{"id":4767,"href":"http:\/\/blogdalucianaoliveira.com.br\/blog\/wp-json\/wp\/v2\/posts\/4765\/revisions\/4767"}],"wp:attachment":[{"href":"http:\/\/blogdalucianaoliveira.com.br\/blog\/wp-json\/wp\/v2\/media?parent=4765"}],"wp:term":[{"taxonomy":"category","embeddable":true,"href":"http:\/\/blogdalucianaoliveira.com.br\/blog\/wp-json\/wp\/v2\/categories?post=4765"},{"taxonomy":"post_tag","embeddable":true,"href":"http:\/\/blogdalucianaoliveira.com.br\/blog\/wp-json\/wp\/v2\/tags?post=4765"}],"curies":[{"name":"wp","href":"https:\/\/api.w.org\/{rel}","templated":true}]}}