{"id":4769,"date":"2016-10-01T11:53:23","date_gmt":"2016-10-01T15:53:23","guid":{"rendered":"http:\/\/blogdalucianaoliveira.com.br\/blog\/?p=4769"},"modified":"2016-10-01T11:53:23","modified_gmt":"2016-10-01T15:53:23","slug":"a-ditadura-judicial-manipula-o-eleitor-para-aniquilar-a-esquerda","status":"publish","type":"post","link":"http:\/\/blogdalucianaoliveira.com.br\/blog\/2016\/10\/01\/a-ditadura-judicial-manipula-o-eleitor-para-aniquilar-a-esquerda\/","title":{"rendered":"A Ditadura Judicial manipula o eleitor para aniquilar a esquerda"},"content":{"rendered":"<p><img data-recalc-dims=\"1\" loading=\"lazy\" decoding=\"async\" data-attachment-id=\"4770\" data-permalink=\"http:\/\/blogdalucianaoliveira.com.br\/blog\/2016\/10\/01\/a-ditadura-judicial-manipula-o-eleitor-para-aniquilar-a-esquerda\/dita\/\" data-orig-file=\"https:\/\/i0.wp.com\/blogdalucianaoliveira.com.br\/blog\/wp-content\/uploads\/2016\/10\/dita.jpg?fit=740%2C522\" data-orig-size=\"740,522\" data-comments-opened=\"0\" data-image-meta=\"{&quot;aperture&quot;:&quot;0&quot;,&quot;credit&quot;:&quot;&quot;,&quot;camera&quot;:&quot;&quot;,&quot;caption&quot;:&quot;&quot;,&quot;created_timestamp&quot;:&quot;0&quot;,&quot;copyright&quot;:&quot;&quot;,&quot;focal_length&quot;:&quot;0&quot;,&quot;iso&quot;:&quot;0&quot;,&quot;shutter_speed&quot;:&quot;0&quot;,&quot;title&quot;:&quot;&quot;,&quot;orientation&quot;:&quot;1&quot;}\" data-image-title=\"dita\" data-image-description=\"\" data-image-caption=\"\" data-medium-file=\"https:\/\/i0.wp.com\/blogdalucianaoliveira.com.br\/blog\/wp-content\/uploads\/2016\/10\/dita.jpg?fit=300%2C212\" data-large-file=\"https:\/\/i0.wp.com\/blogdalucianaoliveira.com.br\/blog\/wp-content\/uploads\/2016\/10\/dita.jpg?fit=600%2C423\" src=\"https:\/\/i0.wp.com\/blogdalucianaoliveira.com.br\/blog\/wp-content\/uploads\/2016\/10\/dita.jpg?resize=600%2C423\" alt=\"dita\" width=\"600\" height=\"423\" class=\"alignnone size-full wp-image-4770\" srcset=\"https:\/\/i0.wp.com\/blogdalucianaoliveira.com.br\/blog\/wp-content\/uploads\/2016\/10\/dita.jpg?w=740 740w, https:\/\/i0.wp.com\/blogdalucianaoliveira.com.br\/blog\/wp-content\/uploads\/2016\/10\/dita.jpg?resize=300%2C212 300w, https:\/\/i0.wp.com\/blogdalucianaoliveira.com.br\/blog\/wp-content\/uploads\/2016\/10\/dita.jpg?resize=425%2C300 425w\" sizes=\"auto, (max-width: 600px) 100vw, 600px\" \/><\/p>\n<p>Por Bajonas Teixeira, colunista de pol\u00edtica do Cafezinho<!--more--><\/p>\n<p>O maior desejo do Judici\u00e1rio e da m\u00eddia \u00e9 ver o PT, e os outros partidos de esquerda, sa\u00edrem derrotados nas urnas amanh\u00e3. No portal do UOl a manchete em grandes letras \u00e9: Segundo turno em S\u00e3o Paulo pode ficar sem PT pela primeira vez em 24 anos. Como mostramos no artigo anterior, um calend\u00e1rio jur\u00eddico-eleitoral, bem intenso, foi agendado para produzir impactos aniquiladores sobre o processo eleitoral. Vale repeti-lo aqui:<\/p>\n<p>A den\u00fancia contra Lula, apresentada num grande show midi\u00e1tico para causar abalo, feita no dia 14 de setembro.<br \/>\nA aceita\u00e7\u00e3o dessa den\u00fancia pelo Juiz S\u00e9rgio Moro, tornando Lula r\u00e9u pela segunda vez, no dia 20 de setembro, o que tamb\u00e9m teve vasta cobertura na m\u00eddia, como n\u00e3o poderia deixar de ser.<br \/>\nA pris\u00e3o do ex-ministro de Lula e Dilma, Guido Mantega, no dia 22 de setembro.<br \/>\nA pris\u00e3o do ex-ministro da Fazenda de Lula e ex-Ministro da Casa Civil de Dilma, Antonio Palocci, no dia 26.<br \/>\nA aceita\u00e7\u00e3o pelo STF da den\u00fancia contra Gleisi Hoffmann e de seu marido, Paulo Bernardo, ex-ministro do Planejamento de Lula, e ex-ministro das Comunica\u00e7\u00f5es de Dilma, no dia 27.<br \/>\nA decreta\u00e7\u00e3o, por S\u00e9rgio Moro, da pris\u00e3o preventiva, por tempo indeterminado, de Palocci, ontem, no dia 30.<br \/>\nA correria da Lava Jato para realizar algumas dessas tarefas, deixou para tr\u00e1s um rastro de lamban\u00e7as. Era preciso cumprir o calend\u00e1rio e ele era muito apertado. Palocci, por exemplo, foi preso no dia 26, um dia antes da entrada em vigor da proibi\u00e7\u00e3o de pris\u00f5es por conta da legisla\u00e7\u00e3o eleitoral.<\/p>\n<p>Em tudo isso, a finalidade dos articuladores, da Lava Jato, de seus procuradores e ju\u00edzes, do MPF e do STF, era exercer influ\u00eancia sobre o eleitor, afastando-o do voto nas esquerdas.<\/p>\n<p>A manchete do UOL mostra que o conjunto dessas atividades poder\u00e1, de fato, mudar a cara do cen\u00e1rio pol\u00edtico que nos tornou tradicional nos \u00faltimos 24 anos, ou seja, no \u00faltimo quarto de s\u00e9culo. N\u00e3o \u00e9 pouca coisa. Mas \u00e9 evidente que essa machete, tamb\u00e9m ela, \u00e9 parte do esfor\u00e7o de influenciar e manipular o eleitor.<\/p>\n<p>O grande efeito desejado, para al\u00e9m da derrota do PT e da democracia, \u00e9 a imposi\u00e7\u00e3o do poder da Justi\u00e7a sobre o livre curso da l\u00f3gica da pol\u00edtica. A histeria anticorrup\u00e7\u00e3o, fomentada pela m\u00eddia j\u00e1 h\u00e1 tantos meses, associou vida pol\u00edtica, elei\u00e7\u00f5es e democracia com \u201cm\u00e9todos sujos de pol\u00edticos\u201d. Enquanto isso, ju\u00edzes e procuradores, alguns recebendo mais de R$ 70 mil por m\u00eas, foram exaltados como uma seita sagrada e purificadora.<\/p>\n<p>As decis\u00f5es monocr\u00e1ticas, os decretos de ju\u00edzes, deram os moldes dessa elei\u00e7\u00e3o. No futuro, essa talvez seja conhecida como a primeira elei\u00e7\u00e3o brasileira realizada dentro do modelo da Ditadura Judicial.<\/p>\n<p>Caro leitor, com apoio do Cafezinho estou criando a p\u00e1gina M\u00c1QUINA CR\u00cdTICA. O convido para visitar e curtir, ajudando a divulgar o projeto. Abra\u00e7os. Bajonas Teixeira. <\/p>\n","protected":false},"excerpt":{"rendered":"<p>Por Bajonas Teixeira, colunista de pol\u00edtica do Cafezinho<\/p>\n","protected":false},"author":1,"featured_media":0,"comment_status":"closed","ping_status":"open","sticky":false,"template":"","format":"standard","meta":{"_exactmetrics_skip_tracking":false,"_exactmetrics_sitenote_active":false,"_exactmetrics_sitenote_note":"","_exactmetrics_sitenote_category":0,"jetpack_post_was_ever_published":false,"_jetpack_newsletter_access":"","_jetpack_dont_email_post_to_subs":false,"_jetpack_newsletter_tier_id":0,"_jetpack_memberships_contains_paywalled_content":false,"_jetpack_memberships_contains_paid_content":false,"footnotes":"","jetpack_publicize_message":"","jetpack_publicize_feature_enabled":true,"jetpack_social_post_already_shared":true,"jetpack_social_options":{"image_generator_settings":{"template":"highway","enabled":false},"version":2}},"categories":[1],"tags":[],"class_list":["post-4769","post","type-post","status-publish","format-standard","hentry","category-notas"],"jetpack_publicize_connections":[],"jetpack_sharing_enabled":true,"jetpack_featured_media_url":"","jetpack_shortlink":"https:\/\/wp.me\/p7wKYW-1eV","jetpack-related-posts":[],"_links":{"self":[{"href":"http:\/\/blogdalucianaoliveira.com.br\/blog\/wp-json\/wp\/v2\/posts\/4769","targetHints":{"allow":["GET"]}}],"collection":[{"href":"http:\/\/blogdalucianaoliveira.com.br\/blog\/wp-json\/wp\/v2\/posts"}],"about":[{"href":"http:\/\/blogdalucianaoliveira.com.br\/blog\/wp-json\/wp\/v2\/types\/post"}],"author":[{"embeddable":true,"href":"http:\/\/blogdalucianaoliveira.com.br\/blog\/wp-json\/wp\/v2\/users\/1"}],"replies":[{"embeddable":true,"href":"http:\/\/blogdalucianaoliveira.com.br\/blog\/wp-json\/wp\/v2\/comments?post=4769"}],"version-history":[{"count":1,"href":"http:\/\/blogdalucianaoliveira.com.br\/blog\/wp-json\/wp\/v2\/posts\/4769\/revisions"}],"predecessor-version":[{"id":4771,"href":"http:\/\/blogdalucianaoliveira.com.br\/blog\/wp-json\/wp\/v2\/posts\/4769\/revisions\/4771"}],"wp:attachment":[{"href":"http:\/\/blogdalucianaoliveira.com.br\/blog\/wp-json\/wp\/v2\/media?parent=4769"}],"wp:term":[{"taxonomy":"category","embeddable":true,"href":"http:\/\/blogdalucianaoliveira.com.br\/blog\/wp-json\/wp\/v2\/categories?post=4769"},{"taxonomy":"post_tag","embeddable":true,"href":"http:\/\/blogdalucianaoliveira.com.br\/blog\/wp-json\/wp\/v2\/tags?post=4769"}],"curies":[{"name":"wp","href":"https:\/\/api.w.org\/{rel}","templated":true}]}}