{"id":4776,"date":"2016-10-02T08:29:22","date_gmt":"2016-10-02T12:29:22","guid":{"rendered":"http:\/\/blogdalucianaoliveira.com.br\/blog\/?p=4776"},"modified":"2016-10-02T08:29:22","modified_gmt":"2016-10-02T12:29:22","slug":"os-donadonos-de-vilhena-nao-querem-largar-o-osso","status":"publish","type":"post","link":"http:\/\/blogdalucianaoliveira.com.br\/blog\/2016\/10\/02\/os-donadonos-de-vilhena-nao-querem-largar-o-osso\/","title":{"rendered":"Os Donadonos de Vilhena n\u00e3o querem largar o osso"},"content":{"rendered":"<p><img data-recalc-dims=\"1\" loading=\"lazy\" decoding=\"async\" data-attachment-id=\"4777\" data-permalink=\"http:\/\/blogdalucianaoliveira.com.br\/blog\/2016\/10\/02\/os-donadonos-de-vilhena-nao-querem-largar-o-osso\/img_5159\/\" data-orig-file=\"https:\/\/i0.wp.com\/blogdalucianaoliveira.com.br\/blog\/wp-content\/uploads\/2016\/10\/IMG_5159.jpg?fit=490%2C315\" data-orig-size=\"490,315\" data-comments-opened=\"0\" data-image-meta=\"{&quot;aperture&quot;:&quot;0&quot;,&quot;credit&quot;:&quot;&quot;,&quot;camera&quot;:&quot;&quot;,&quot;caption&quot;:&quot;&quot;,&quot;created_timestamp&quot;:&quot;0&quot;,&quot;copyright&quot;:&quot;&quot;,&quot;focal_length&quot;:&quot;0&quot;,&quot;iso&quot;:&quot;0&quot;,&quot;shutter_speed&quot;:&quot;0&quot;,&quot;title&quot;:&quot;&quot;,&quot;orientation&quot;:&quot;0&quot;}\" data-image-title=\"img_5159\" data-image-description=\"\" data-image-caption=\"\" data-medium-file=\"https:\/\/i0.wp.com\/blogdalucianaoliveira.com.br\/blog\/wp-content\/uploads\/2016\/10\/IMG_5159.jpg?fit=300%2C193\" data-large-file=\"https:\/\/i0.wp.com\/blogdalucianaoliveira.com.br\/blog\/wp-content\/uploads\/2016\/10\/IMG_5159.jpg?fit=490%2C315\" src=\"https:\/\/i0.wp.com\/blogdalucianaoliveira.com.br\/blog\/wp-content\/uploads\/2016\/10\/IMG_5159.jpg?resize=490%2C315\" alt=\"img_5159\" width=\"490\" height=\"315\" class=\"alignnone size-full wp-image-4777\" srcset=\"https:\/\/i0.wp.com\/blogdalucianaoliveira.com.br\/blog\/wp-content\/uploads\/2016\/10\/IMG_5159.jpg?w=490 490w, https:\/\/i0.wp.com\/blogdalucianaoliveira.com.br\/blog\/wp-content\/uploads\/2016\/10\/IMG_5159.jpg?resize=300%2C193 300w, https:\/\/i0.wp.com\/blogdalucianaoliveira.com.br\/blog\/wp-content\/uploads\/2016\/10\/IMG_5159.jpg?resize=467%2C300 467w\" sizes=\"auto, (max-width: 490px) 100vw, 490px\" \/><\/p>\n<p>ROSANI DONADON REALIZA A CARREATA DA TORNOZELEIRA COM NATAN DONADON EM DESTAQUE<!--more--><\/p>\n<p>VILHENA- Totalmente fora do p\u00e1reo das elei\u00e7\u00f5es em Vilhena, a ex-candidata a prefeita, Rosani Donadon,  realizou ontem uma carreata no m\u00ednimo emblem\u00e1tica. Num dos principais carros da carreata estava o ex-deputado federal Natan Donadon (PMDB), condenado a 10 anos de pris\u00e3o. Atualmente se encontra em pris\u00e3o domiciliar munido de uma tornozeleira eletr\u00f4nica. Tamb\u00e9m no carro, desfilava Melki Donadon, tamb\u00e9m ineleg\u00edvel.<\/p>\n<p>Os advogados de RosaniDondon tentaram recurso alegando a possibilidade de se atribuir efeito suspensivo ao recurso para assegurar a substitui\u00e7\u00e3o da candidata caso fosse mantido o indeferimento de sua candidatura,o que tamb\u00e9m foi indeferido por maioria dos votos, simultaneamente ao julgamento que manteve a decis\u00e3o em primeira inst\u00e2ncia.<\/p>\n<p>O nome do candidato que seria susbstitu\u00eddo por Rosani n\u00e3o aparece na reportagem oficial do Tribunal, mas \u00e9 sabido que ela se precavia acerca do risco de ficar fora, o que n\u00e3o funcionou. Assim, tentou uma manobra judicial, contrariando tudo o que ela vem pregando que n\u00e3o seria substitu\u00edda em hip\u00f3tese alguma.<\/p>\n<p>Indeferimento<\/p>\n<p>O Tribunal Regional Eleitoral de Rond\u00f4nia indeferiu na manh\u00e3 de ontem, 1\u00ba, o registro da chapa formada por Rosani Terezinha Pires da Costa Donadon e Darci Agostinho Cerutti para os cargos de prefeito e vice-prefeito no munic\u00edpio de Vilhena.<\/p>\n<p>A candidata da coliga\u00e7\u00e3o \u201cA vontade do povo\u201d tem duas condena\u00e7\u00f5es por abuso de poder pol\u00edtico e econ\u00f4mico por fatos relativos de 2008, tendo transitado em julgado. A Elei\u00e7\u00e3o de 2008 ocorreu no dia 5 de outubro de 2010 e a elei\u00e7\u00e3o de 2016 ser\u00e1 realizada em 2 de outubro de 2010. Assim, na data da elei\u00e7\u00e3o desse ano, a impugnada n\u00e3o ter\u00e1 capacidade eleitoral passiva, uma vez que o prazo de sua inelegibilidade termina apenas em 5 de outubro de 2016, tr\u00eas dias ap\u00f3s o pleito.<\/p>\n<p>Em seu voto o relator, juiz Armando Reigota Ferreira Filho, afirma que \u201ctanto nas elei\u00e7\u00f5es majorit\u00e1rias como nas proporcionais, a substitui\u00e7\u00e3o s\u00f3 se efetivar\u00e1 se o novo pedido for apresentado at\u00e9 vinte dias antes do pleito, exceto em caso de falecimento de candidato, quando a substitui\u00e7\u00e3o poder\u00e1 ser efetivado ap\u00f3s esse prazo.<\/p>\n<p>Fam\u00edlia inadimplente<\/p>\n<p>Nem Marcos, nem Melk, nem \u00c2ngelo, Marlon ou Natan Donadon poder\u00e3o disputar qualquer cargo p\u00fablico nas elei\u00e7\u00f5es municipais de domingo. Todos os parentes com este sobrenome foram barrados pelaLei da Ficha Limpa. Eles foram condenados em segunda inst\u00e2ncia pela Justi\u00e7a por v\u00e1rios crimes contra a administra\u00e7\u00e3o p\u00fablica quando ocupavam cargos como prefeito, vereador, deputado ou mesmo dirigiam institui\u00e7\u00f5es estatais em Rond\u00f4nia.<\/p>\n<p>Desde que chegaram a Rond\u00f4nia, vindos do Paran\u00e1, em 1973, os Donadon exercem o poder de fato nas cidades de Vilhena e Colorado do Oeste, no Sul do estado. Depois de eleger prefeitos dos dois munic\u00edpios por v\u00e1rios mandatos, a fam\u00edlia ficou conhecida nacionalmente quando Natan Donadon, filho do patriarca Marcos, teve o mandato de deputado federal cassado em 2014, depois de condenado a 13 anos, quatro meses e 10 dias por forma\u00e7\u00e3o de quadrilha e peculato pelo desvio de R$ 8,4 milh\u00f5es, quando era diretor da Assembleia Legislativa entre 1995 e 1998.<\/p>\n<p>Para tentar escapar do cerco da Justi\u00e7a e manter algum poder, os Donadon apelaram para as candidaturas alternativas, das mulheres casadas com os var\u00f5es da fam\u00edlia. Nas elei\u00e7\u00f5es de 2014 conseguiram eleger Ros\u00e2ngela como deputada estadual. Ela \u00e9 casada com Marcos Donadon, o ex-deputado estadual que est\u00e1 foragido da Justi\u00e7a desde o dia 7 de abril. Marcos foi condenado a 16 anos e 8 meses de reclus\u00e3o pelos crimes de forma\u00e7\u00e3o de quadrilha e peculato, de maneira que n\u00e3o pode concorrer em 2014, e por isso colocou a mulher como sua laranja pol\u00edtica.<\/p>\n<p>Marcos foi condenado em 2013 a 6 anos e 8 meses de pris\u00e3o por desvio de dinheiro quando era presidente da Assembleia. Est\u00e1 foragido e mesmo assim apareceu nos registros da Justi\u00e7a eleitoral no dia 8 de setembro como doador de R$ 12 mil em duas parcelas \u00e0 candidatura da cunhada Rosieni Donadon \u00e0 prefeitura de Vilhena. Ela \u00e9 casada com Melkizedeck, o primog\u00eanito da fam\u00edlia e ex-prefeito do munic\u00edpio. Ele tamb\u00e9m foi condenado pela Justi\u00e7a e est\u00e1 impedido pela Ficha Limpa.<\/p>\n<p>Multiplica\u00e7\u00e3o de influ\u00eancia<\/p>\n<p>Mas nem mesmo com o lan\u00e7amento de candidaturas laranjas os Donadon conseguem escapar da Justi\u00e7a. Rosani tamb\u00e9m teve a candidatura impugnada e continua em campanha porque recorreu da decis\u00e3o na expectativa de conseguir suspender o impedimento no tribunal eleitoral do estado.<\/p>\n<p>Com informa\u00e7\u00f5es de Hoje Rond\u00f4nia e Congresso em Foco<\/p>\n","protected":false},"excerpt":{"rendered":"<p>ROSANI DONADON REALIZA A CARREATA DA TORNOZELEIRA COM NATAN DONADON EM DESTAQUE<\/p>\n","protected":false},"author":1,"featured_media":0,"comment_status":"closed","ping_status":"open","sticky":false,"template":"","format":"standard","meta":{"_exactmetrics_skip_tracking":false,"_exactmetrics_sitenote_active":false,"_exactmetrics_sitenote_note":"","_exactmetrics_sitenote_category":0,"jetpack_post_was_ever_published":false,"_jetpack_newsletter_access":"","_jetpack_dont_email_post_to_subs":false,"_jetpack_newsletter_tier_id":0,"_jetpack_memberships_contains_paywalled_content":false,"_jetpack_memberships_contains_paid_content":false,"footnotes":"","jetpack_publicize_message":"","jetpack_publicize_feature_enabled":true,"jetpack_social_post_already_shared":true,"jetpack_social_options":{"image_generator_settings":{"template":"highway","enabled":false},"version":2}},"categories":[1],"tags":[],"class_list":["post-4776","post","type-post","status-publish","format-standard","hentry","category-notas"],"jetpack_publicize_connections":[],"jetpack_sharing_enabled":true,"jetpack_featured_media_url":"","jetpack_shortlink":"https:\/\/wp.me\/p7wKYW-1f2","jetpack-related-posts":[],"_links":{"self":[{"href":"http:\/\/blogdalucianaoliveira.com.br\/blog\/wp-json\/wp\/v2\/posts\/4776","targetHints":{"allow":["GET"]}}],"collection":[{"href":"http:\/\/blogdalucianaoliveira.com.br\/blog\/wp-json\/wp\/v2\/posts"}],"about":[{"href":"http:\/\/blogdalucianaoliveira.com.br\/blog\/wp-json\/wp\/v2\/types\/post"}],"author":[{"embeddable":true,"href":"http:\/\/blogdalucianaoliveira.com.br\/blog\/wp-json\/wp\/v2\/users\/1"}],"replies":[{"embeddable":true,"href":"http:\/\/blogdalucianaoliveira.com.br\/blog\/wp-json\/wp\/v2\/comments?post=4776"}],"version-history":[{"count":1,"href":"http:\/\/blogdalucianaoliveira.com.br\/blog\/wp-json\/wp\/v2\/posts\/4776\/revisions"}],"predecessor-version":[{"id":4778,"href":"http:\/\/blogdalucianaoliveira.com.br\/blog\/wp-json\/wp\/v2\/posts\/4776\/revisions\/4778"}],"wp:attachment":[{"href":"http:\/\/blogdalucianaoliveira.com.br\/blog\/wp-json\/wp\/v2\/media?parent=4776"}],"wp:term":[{"taxonomy":"category","embeddable":true,"href":"http:\/\/blogdalucianaoliveira.com.br\/blog\/wp-json\/wp\/v2\/categories?post=4776"},{"taxonomy":"post_tag","embeddable":true,"href":"http:\/\/blogdalucianaoliveira.com.br\/blog\/wp-json\/wp\/v2\/tags?post=4776"}],"curies":[{"name":"wp","href":"https:\/\/api.w.org\/{rel}","templated":true}]}}