{"id":4855,"date":"2016-10-05T15:18:24","date_gmt":"2016-10-05T19:18:24","guid":{"rendered":"http:\/\/blogdalucianaoliveira.com.br\/blog\/?p=4855"},"modified":"2016-10-05T15:18:24","modified_gmt":"2016-10-05T19:18:24","slug":"tijolaco-o-sao-todos-ladroes-afastou-os-pobres-da-politica","status":"publish","type":"post","link":"http:\/\/blogdalucianaoliveira.com.br\/blog\/2016\/10\/05\/tijolaco-o-sao-todos-ladroes-afastou-os-pobres-da-politica\/","title":{"rendered":"TIJOLA\u00c7O: O \u201cS\u00c3O TODOS LADR\u00d5ES\u201d AFASTOU OS POBRES DA POL\u00cdTICA"},"content":{"rendered":"<p><img data-recalc-dims=\"1\" loading=\"lazy\" decoding=\"async\" data-attachment-id=\"4856\" data-permalink=\"http:\/\/blogdalucianaoliveira.com.br\/blog\/2016\/10\/05\/tijolaco-o-sao-todos-ladroes-afastou-os-pobres-da-politica\/ps\/\" data-orig-file=\"https:\/\/i0.wp.com\/blogdalucianaoliveira.com.br\/blog\/wp-content\/uploads\/2016\/10\/ps.jpg?fit=1000%2C357\" data-orig-size=\"1000,357\" data-comments-opened=\"0\" data-image-meta=\"{&quot;aperture&quot;:&quot;0&quot;,&quot;credit&quot;:&quot;&quot;,&quot;camera&quot;:&quot;&quot;,&quot;caption&quot;:&quot;&quot;,&quot;created_timestamp&quot;:&quot;0&quot;,&quot;copyright&quot;:&quot;&quot;,&quot;focal_length&quot;:&quot;0&quot;,&quot;iso&quot;:&quot;0&quot;,&quot;shutter_speed&quot;:&quot;0&quot;,&quot;title&quot;:&quot;&quot;,&quot;orientation&quot;:&quot;0&quot;}\" data-image-title=\"ps\" data-image-description=\"\" data-image-caption=\"\" data-medium-file=\"https:\/\/i0.wp.com\/blogdalucianaoliveira.com.br\/blog\/wp-content\/uploads\/2016\/10\/ps.jpg?fit=300%2C107\" data-large-file=\"https:\/\/i0.wp.com\/blogdalucianaoliveira.com.br\/blog\/wp-content\/uploads\/2016\/10\/ps.jpg?fit=600%2C214\" src=\"https:\/\/i0.wp.com\/blogdalucianaoliveira.com.br\/blog\/wp-content\/uploads\/2016\/10\/ps.jpg?resize=600%2C214\" alt=\"ps\" width=\"600\" height=\"214\" class=\"alignnone size-full wp-image-4856\" \/><\/p>\n<p>Por Fernando Brito, do Tijola\u00e7o<\/p>\n<p>Escrevi aqui sobre o que, na minha opini\u00e3o, \u00e9 a tolice de acharem que as absten\u00e7\u00f5es \u201cexplodiram\u201d nesta elei\u00e7\u00e3o de forma generalizada, como recusa da popula\u00e7\u00e3o \u00e0 pol\u00edtica.<!--more--><\/p>\n<p>Finalmente, leio uma an\u00e1lise l\u00facida sobre isso, muito menos calcada nos n\u00fameros de absten\u00e7\u00e3o e apoiada, como deve ser, nas mudan\u00e7as que a criminaliza\u00e7\u00e3o da pol\u00edtica trouxe na rela\u00e7\u00e3o de engajamento eleitoral dos pobres e dos ricos \u2013 ou dos que acham que s\u00e3o, na vota\u00e7\u00e3o em branco ou nula.<\/p>\n<p>Jos\u00e9 Roberto de Toledo, no Estad\u00e3o, analisa a import\u00e2ncia que os paulistanos, por regi\u00e3o, deram \u00e0 disputa municipal.<\/p>\n<p>E, como mencionei ontem, \u00e9 o estudo da distribui\u00e7\u00e3o dos votos brancos e nulos, o que \u00e9 sinal dos efeitos da transforma\u00e7\u00e3o da pol\u00edtica em antro de criminosos, o que nunca foi um problema para os conservadores, mas um pretexto quando a corrup\u00e7\u00e3o em um governo de esquerda foi transformada em \u201cprimeira e \u00fanica\u201d da hist\u00f3ria brasileira.<\/p>\n<p>Toledo escreveu:<\/p>\n<p>O maior desinteressado pela elei\u00e7\u00e3o municipal foi o eleitor pobre. Pesquisas Ibope feitas nas v\u00e9speras do pleito nas principais capitais brasileiras revelam que eleitores da base da pir\u00e2mide de renda declararam pouco ou nenhum interesse pela elei\u00e7\u00e3o em taxas de 14 a 27 pontos maiores do que os mais ricos.<\/p>\n<p>A maior diferen\u00e7a aconteceu no Rio de Janeiro: 61% dos cariocas com renda at\u00e9 um sal\u00e1rio m\u00ednimo se disseram desinteressados pelo pleito, contra apenas 34% dos que t\u00eam renda acima de 5 sal\u00e1rios. Em S\u00e3o Paulo, o desinteresse atingiu 55% e 39%, respectivamente. Mais do que uma curiosidade, foi crucial para o resultado.<\/p>\n<p>Entre os paulistanos, o desinteresse se traduziu em uma maior taxa de votos brancos e nulos na periferia pobre da cidade do que nos bairros mais ricos do centro expandido. Na fronteiri\u00e7a Guaianazes, no extremo da zona leste, 21,4% dos eleitores anularam ou votaram em branco. Nos Jardins, s\u00f3 6,9%. Isso teve um impacto determinante no resultado da elei\u00e7\u00e3o.<\/p>\n<p>Este quadro, sim, \u00e9 generaliz\u00e1vel nas grandes capitais. Procurem os votos \u201cna esquerda\u201d nas zonas mais populares do Rio e ver\u00e3o que o processo foi semelhante.<\/p>\n<p>Isso tornou o peso relativo das regi\u00f5es mais ricas do que deveria ser e, muito mais que a absten\u00e7\u00e3o, explica a inesperada vit\u00f3ria de Jo\u00e3o D\u00f3ria no primeiro turno.<\/p>\n<p>No Rio, deve servir para que Marcelo Freixo repense as prioridades no seu segundo turno, no qual, finalmente, ter\u00e1 acesso significativo aos meios de comunica\u00e7\u00e3o.<\/p>\n<p>O discurso da \u201cmodernidade\u201d, embora correto, tem limites muito estreitos na hora do voto.<\/p>\n","protected":false},"excerpt":{"rendered":"<p>Por Fernando Brito, do Tijola\u00e7o Escrevi aqui sobre o que, na minha opini\u00e3o, \u00e9 a tolice de acharem que as absten\u00e7\u00f5es \u201cexplodiram\u201d nesta elei\u00e7\u00e3o de forma generalizada, como recusa da popula\u00e7\u00e3o \u00e0 pol\u00edtica.<\/p>\n","protected":false},"author":1,"featured_media":0,"comment_status":"closed","ping_status":"open","sticky":false,"template":"","format":"standard","meta":{"_exactmetrics_skip_tracking":false,"_exactmetrics_sitenote_active":false,"_exactmetrics_sitenote_note":"","_exactmetrics_sitenote_category":0,"jetpack_post_was_ever_published":false,"_jetpack_newsletter_access":"","_jetpack_dont_email_post_to_subs":false,"_jetpack_newsletter_tier_id":0,"_jetpack_memberships_contains_paywalled_content":false,"_jetpack_memberships_contains_paid_content":false,"footnotes":"","jetpack_publicize_message":"","jetpack_publicize_feature_enabled":true,"jetpack_social_post_already_shared":true,"jetpack_social_options":{"image_generator_settings":{"template":"highway","enabled":false},"version":2}},"categories":[1],"tags":[],"class_list":["post-4855","post","type-post","status-publish","format-standard","hentry","category-notas"],"jetpack_publicize_connections":[],"jetpack_sharing_enabled":true,"jetpack_featured_media_url":"","jetpack_shortlink":"https:\/\/wp.me\/p7wKYW-1gj","jetpack-related-posts":[],"_links":{"self":[{"href":"http:\/\/blogdalucianaoliveira.com.br\/blog\/wp-json\/wp\/v2\/posts\/4855","targetHints":{"allow":["GET"]}}],"collection":[{"href":"http:\/\/blogdalucianaoliveira.com.br\/blog\/wp-json\/wp\/v2\/posts"}],"about":[{"href":"http:\/\/blogdalucianaoliveira.com.br\/blog\/wp-json\/wp\/v2\/types\/post"}],"author":[{"embeddable":true,"href":"http:\/\/blogdalucianaoliveira.com.br\/blog\/wp-json\/wp\/v2\/users\/1"}],"replies":[{"embeddable":true,"href":"http:\/\/blogdalucianaoliveira.com.br\/blog\/wp-json\/wp\/v2\/comments?post=4855"}],"version-history":[{"count":1,"href":"http:\/\/blogdalucianaoliveira.com.br\/blog\/wp-json\/wp\/v2\/posts\/4855\/revisions"}],"predecessor-version":[{"id":4857,"href":"http:\/\/blogdalucianaoliveira.com.br\/blog\/wp-json\/wp\/v2\/posts\/4855\/revisions\/4857"}],"wp:attachment":[{"href":"http:\/\/blogdalucianaoliveira.com.br\/blog\/wp-json\/wp\/v2\/media?parent=4855"}],"wp:term":[{"taxonomy":"category","embeddable":true,"href":"http:\/\/blogdalucianaoliveira.com.br\/blog\/wp-json\/wp\/v2\/categories?post=4855"},{"taxonomy":"post_tag","embeddable":true,"href":"http:\/\/blogdalucianaoliveira.com.br\/blog\/wp-json\/wp\/v2\/tags?post=4855"}],"curies":[{"name":"wp","href":"https:\/\/api.w.org\/{rel}","templated":true}]}}