{"id":4871,"date":"2016-10-06T10:33:44","date_gmt":"2016-10-06T14:33:44","guid":{"rendered":"http:\/\/blogdalucianaoliveira.com.br\/blog\/?p=4871"},"modified":"2016-10-06T11:21:01","modified_gmt":"2016-10-06T15:21:01","slug":"o-homem-vive-e-morre-pela-boca","status":"publish","type":"post","link":"http:\/\/blogdalucianaoliveira.com.br\/blog\/2016\/10\/06\/o-homem-vive-e-morre-pela-boca\/","title":{"rendered":"DITADO: &#8220;O HOMEM VIVE E MORRE PELA BOCA&#8221;"},"content":{"rendered":"<p><img data-recalc-dims=\"1\" loading=\"lazy\" decoding=\"async\" data-attachment-id=\"4872\" data-permalink=\"http:\/\/blogdalucianaoliveira.com.br\/blog\/2016\/10\/06\/o-homem-vive-e-morre-pela-boca\/mal\/\" data-orig-file=\"https:\/\/i0.wp.com\/blogdalucianaoliveira.com.br\/blog\/wp-content\/uploads\/2016\/10\/mal.jpg?fit=2400%2C2048\" data-orig-size=\"2400,2048\" data-comments-opened=\"0\" data-image-meta=\"{&quot;aperture&quot;:&quot;0&quot;,&quot;credit&quot;:&quot;&quot;,&quot;camera&quot;:&quot;&quot;,&quot;caption&quot;:&quot;&quot;,&quot;created_timestamp&quot;:&quot;0&quot;,&quot;copyright&quot;:&quot;&quot;,&quot;focal_length&quot;:&quot;0&quot;,&quot;iso&quot;:&quot;0&quot;,&quot;shutter_speed&quot;:&quot;0&quot;,&quot;title&quot;:&quot;&quot;,&quot;orientation&quot;:&quot;0&quot;}\" data-image-title=\"mal\" data-image-description=\"\" data-image-caption=\"\" data-medium-file=\"https:\/\/i0.wp.com\/blogdalucianaoliveira.com.br\/blog\/wp-content\/uploads\/2016\/10\/mal.jpg?fit=300%2C256\" data-large-file=\"https:\/\/i0.wp.com\/blogdalucianaoliveira.com.br\/blog\/wp-content\/uploads\/2016\/10\/mal.jpg?fit=600%2C512\" src=\"https:\/\/i0.wp.com\/blogdalucianaoliveira.com.br\/blog\/wp-content\/uploads\/2016\/10\/mal.jpg?resize=600%2C512\" alt=\"mal\" width=\"600\" height=\"512\" class=\"alignnone size-full wp-image-4872\" srcset=\"https:\/\/i0.wp.com\/blogdalucianaoliveira.com.br\/blog\/wp-content\/uploads\/2016\/10\/mal.jpg?w=2400 2400w, https:\/\/i0.wp.com\/blogdalucianaoliveira.com.br\/blog\/wp-content\/uploads\/2016\/10\/mal.jpg?resize=300%2C256 300w, https:\/\/i0.wp.com\/blogdalucianaoliveira.com.br\/blog\/wp-content\/uploads\/2016\/10\/mal.jpg?resize=768%2C655 768w, https:\/\/i0.wp.com\/blogdalucianaoliveira.com.br\/blog\/wp-content\/uploads\/2016\/10\/mal.jpg?resize=352%2C300 352w, https:\/\/i0.wp.com\/blogdalucianaoliveira.com.br\/blog\/wp-content\/uploads\/2016\/10\/mal.jpg?w=1200 1200w, https:\/\/i0.wp.com\/blogdalucianaoliveira.com.br\/blog\/wp-content\/uploads\/2016\/10\/mal.jpg?w=1800 1800w\" sizes=\"auto, (max-width: 600px) 100vw, 600px\" \/><\/p>\n<p>Ao comemorar o resultado que o levou ao segundo turno na corrida pela prefeitura de Porto Velho, o candidato tucano, Dr. Hildon, atribuiu o sucesso \u201c\u00e0 corrente do bem que foi criada e cresceu\u201d.<br \/>\nSem muito esfor\u00e7o, conclui-se que ele sugere a distin\u00e7\u00e3o de eleitores e que consagra os dele como do BEM e os dos outros como do MAL. <!--more--><\/p>\n<p>Aos advers\u00e1rios que ficaram pra tr\u00e1s, sem economizar na arrog\u00e2ncia disse: \u201cem que pese o meu respeito por eles, dispenso o apoio\u201d. O dos candidatos derrotados  Ribamar e Pimenta, n\u00e3o pediu, mas disse que aceitaria.<\/p>\n<p>Como \u2018porta-voz da independ\u00eancia\u2019 na pol\u00edtica prometeu n\u00e3o lotear a prefeitura em troca de apoio na reta final.<br \/>\nPegou mal, a pouca humildade, coer\u00eancia e franqueza e sim, j\u00e1 est\u00e1 costurando apoios.<\/p>\n<p>Um apoio de peso de pessoas do \u2018bem\u2019 \u00e9 o do vereador reeleito, Edwilson Negreiros, condenado por falsidade ideol\u00f3gica. <\/p>\n<p>Em senten\u00e7a que julgou procedente a a\u00e7\u00e3o penal de n\u00famero 0000232-24-2013.8.22.0501, o juiz de Direito Franklin Vieira dos Santos, da 3\u00aa Vara Criminal de Porto Velho, destacou a respeito do vereador: <\/p>\n<p>&#8220;Culpabilidade elevada, pois exercia o poder de mando da empresa sem sequer figurar como s\u00f3cio, valendo-se de pretens\u00f5es e interesses pessoais.&#8221;<\/p>\n<p>O velho esquema de empresa operada com laranjas. <\/p>\n<p>H\u00e1 recurso pendente de julgamento, mas n\u00e3o d\u00e1 pra considerar o vereador como um exemplo de pessoa do \u2018bem\u2019.<\/p>\n<p>Nesta semana, dois fatos desconhecidos pela popula\u00e7\u00e3o vieram \u00e0 tona, denunciados nas redes sociais, neste blog e no site Rondoniaovivo. <\/p>\n<p>O primeiro foi \u00e0 respeito de uma pris\u00e3o em abordagem da Opera\u00e7\u00e3o Lei Seca, o que desmoralizou a declara\u00e7\u00e3o do ex-promotor num debate em que afirmou jamais ter sido preso. <\/p>\n<div style=\"width: 600px;\" class=\"wp-video\"><video class=\"wp-video-shortcode\" id=\"video-4871-1\" width=\"600\" height=\"338\" preload=\"metadata\" controls=\"controls\"><source type=\"video\/mp4\" src=\"http:\/\/blogdalucianaoliveira.com.br\/blog\/wp-content\/uploads\/2016\/10\/IMG_5323.mp4?_=1\" \/><a href=\"http:\/\/blogdalucianaoliveira.com.br\/blog\/wp-content\/uploads\/2016\/10\/IMG_5323.mp4\">http:\/\/blogdalucianaoliveira.com.br\/blog\/wp-content\/uploads\/2016\/10\/IMG_5323.mp4<\/a><\/video><\/div>\n<p>O segundo foi uma den\u00fancia revelada com exclusividade pelo jornalista Paulo Andreolli, sobre a sociedade da esposa do ex-promotor com o ex-senador cassado, Expedito J\u00fanior. <\/p>\n<p>Dr. Hildon sempre fez quest\u00e3o de real\u00e7ar na sua propaganda eleitoral que n\u00e3o tem grupos pol\u00edticos, mas caso ven\u00e7a a esposa do ex-senador cassado ter\u00e1 um s\u00f3cio na prefeitura.<\/p>\n<p>Confira a mat\u00e9ria no link: http:\/\/www.rondoniaovivo.com\/noticia\/exclusivo-sociedade-levanta-suspeita-sobre-saida-de-hildon-do-mp\/164780<\/p>\n<p>Dr. Hildon escolheu o discurso mais f\u00e1cil, na pr\u00e1tica mais dif\u00edcil de cumprir, o que promete combate \u00e0 corrup\u00e7\u00e3o e independ\u00eancia de alian\u00e7as partid\u00e1rias. \u00c9 o mesmo que favoreceu o crescimento do seu partido nesta elei\u00e7\u00e3o ignorando todas as den\u00fancias e pol\u00edticos que em nada simbolizam as &#8216;pessoas de bem&#8217; do pa\u00eds.<\/p>\n<p>Em se tratando de corrup\u00e7\u00e3o, para os tucanos &#8220;o inferno s\u00e3o os outros&#8221;. <\/p>\n<p>A sociedade aguarda declara\u00e7\u00e3o do candidato que foi promotor de justi\u00e7a na vara de sa\u00fade, sobre a den\u00fancia de integrar quadro societ\u00e1rio com a esposa do ex-senador cassado e dois m\u00e9dicos donos de hospitais.<\/p>\n<p>Ah, o senador \u00e0 \u00e9poca enfrentava seu processo de cassa\u00e7\u00e3o por compra de votos e n\u00e3o se sabe quantos minutos e o que levou o candidato a se convencer de que era uma boa sociedade.<\/p>\n<p><img data-recalc-dims=\"1\" loading=\"lazy\" decoding=\"async\" data-attachment-id=\"4892\" data-permalink=\"http:\/\/blogdalucianaoliveira.com.br\/blog\/2016\/10\/06\/o-homem-vive-e-morre-pela-boca\/empresa3-2\/\" data-orig-file=\"https:\/\/i0.wp.com\/blogdalucianaoliveira.com.br\/blog\/wp-content\/uploads\/2016\/10\/empresa3-1.jpg?fit=640%2C421\" data-orig-size=\"640,421\" data-comments-opened=\"0\" data-image-meta=\"{&quot;aperture&quot;:&quot;0&quot;,&quot;credit&quot;:&quot;&quot;,&quot;camera&quot;:&quot;&quot;,&quot;caption&quot;:&quot;&quot;,&quot;created_timestamp&quot;:&quot;0&quot;,&quot;copyright&quot;:&quot;&quot;,&quot;focal_length&quot;:&quot;0&quot;,&quot;iso&quot;:&quot;0&quot;,&quot;shutter_speed&quot;:&quot;0&quot;,&quot;title&quot;:&quot;&quot;,&quot;orientation&quot;:&quot;0&quot;}\" data-image-title=\"empresa3\" data-image-description=\"\" data-image-caption=\"\" data-medium-file=\"https:\/\/i0.wp.com\/blogdalucianaoliveira.com.br\/blog\/wp-content\/uploads\/2016\/10\/empresa3-1.jpg?fit=300%2C197\" data-large-file=\"https:\/\/i0.wp.com\/blogdalucianaoliveira.com.br\/blog\/wp-content\/uploads\/2016\/10\/empresa3-1.jpg?fit=600%2C395\" src=\"https:\/\/i0.wp.com\/blogdalucianaoliveira.com.br\/blog\/wp-content\/uploads\/2016\/10\/empresa3-1.jpg?resize=600%2C395\" alt=\"empresa3\" width=\"600\" height=\"395\" class=\"alignnone size-full wp-image-4892\" srcset=\"https:\/\/i0.wp.com\/blogdalucianaoliveira.com.br\/blog\/wp-content\/uploads\/2016\/10\/empresa3-1.jpg?w=640 640w, https:\/\/i0.wp.com\/blogdalucianaoliveira.com.br\/blog\/wp-content\/uploads\/2016\/10\/empresa3-1.jpg?resize=300%2C197 300w, https:\/\/i0.wp.com\/blogdalucianaoliveira.com.br\/blog\/wp-content\/uploads\/2016\/10\/empresa3-1.jpg?resize=456%2C300 456w\" sizes=\"auto, (max-width: 600px) 100vw, 600px\" \/><\/p>\n","protected":false},"excerpt":{"rendered":"<p>Ao comemorar o resultado que o levou ao segundo turno na corrida pela prefeitura de Porto Velho, o candidato tucano, Dr. Hildon, atribuiu o sucesso \u201c\u00e0 corrente do bem que foi criada e cresceu\u201d. Sem muito esfor\u00e7o, conclui-se que ele sugere a distin\u00e7\u00e3o de eleitores e que consagra os dele como do BEM e os&#8230;<a class=\"more-link\" href=\"http:\/\/blogdalucianaoliveira.com.br\/blog\/2016\/10\/06\/o-homem-vive-e-morre-pela-boca\/\">Continue a leitura <span class=\"meta-nav\">&raquo;<\/span><\/a><\/p>\n","protected":false},"author":1,"featured_media":0,"comment_status":"closed","ping_status":"open","sticky":false,"template":"","format":"standard","meta":{"_exactmetrics_skip_tracking":false,"_exactmetrics_sitenote_active":false,"_exactmetrics_sitenote_note":"","_exactmetrics_sitenote_category":0,"jetpack_post_was_ever_published":false,"_jetpack_newsletter_access":"","_jetpack_dont_email_post_to_subs":false,"_jetpack_newsletter_tier_id":0,"_jetpack_memberships_contains_paywalled_content":false,"_jetpack_memberships_contains_paid_content":false,"footnotes":"","jetpack_publicize_message":"","jetpack_publicize_feature_enabled":true,"jetpack_social_post_already_shared":true,"jetpack_social_options":{"image_generator_settings":{"template":"highway","enabled":false},"version":2}},"categories":[1],"tags":[203,202,22],"class_list":["post-4871","post","type-post","status-publish","format-standard","hentry","category-notas","tag-eleicao","tag-hildon-chaves","tag-psdb"],"jetpack_publicize_connections":[],"jetpack_sharing_enabled":true,"jetpack_featured_media_url":"","jetpack_shortlink":"https:\/\/wp.me\/p7wKYW-1gz","jetpack-related-posts":[],"_links":{"self":[{"href":"http:\/\/blogdalucianaoliveira.com.br\/blog\/wp-json\/wp\/v2\/posts\/4871","targetHints":{"allow":["GET"]}}],"collection":[{"href":"http:\/\/blogdalucianaoliveira.com.br\/blog\/wp-json\/wp\/v2\/posts"}],"about":[{"href":"http:\/\/blogdalucianaoliveira.com.br\/blog\/wp-json\/wp\/v2\/types\/post"}],"author":[{"embeddable":true,"href":"http:\/\/blogdalucianaoliveira.com.br\/blog\/wp-json\/wp\/v2\/users\/1"}],"replies":[{"embeddable":true,"href":"http:\/\/blogdalucianaoliveira.com.br\/blog\/wp-json\/wp\/v2\/comments?post=4871"}],"version-history":[{"count":8,"href":"http:\/\/blogdalucianaoliveira.com.br\/blog\/wp-json\/wp\/v2\/posts\/4871\/revisions"}],"predecessor-version":[{"id":4894,"href":"http:\/\/blogdalucianaoliveira.com.br\/blog\/wp-json\/wp\/v2\/posts\/4871\/revisions\/4894"}],"wp:attachment":[{"href":"http:\/\/blogdalucianaoliveira.com.br\/blog\/wp-json\/wp\/v2\/media?parent=4871"}],"wp:term":[{"taxonomy":"category","embeddable":true,"href":"http:\/\/blogdalucianaoliveira.com.br\/blog\/wp-json\/wp\/v2\/categories?post=4871"},{"taxonomy":"post_tag","embeddable":true,"href":"http:\/\/blogdalucianaoliveira.com.br\/blog\/wp-json\/wp\/v2\/tags?post=4871"}],"curies":[{"name":"wp","href":"https:\/\/api.w.org\/{rel}","templated":true}]}}