{"id":4883,"date":"2016-10-06T11:03:46","date_gmt":"2016-10-06T15:03:46","guid":{"rendered":"http:\/\/blogdalucianaoliveira.com.br\/blog\/?p=4883"},"modified":"2016-10-06T11:03:46","modified_gmt":"2016-10-06T15:03:46","slug":"toda-vez-que-damos-um-passo-o-mundo-sai-do-lugar","status":"publish","type":"post","link":"http:\/\/blogdalucianaoliveira.com.br\/blog\/2016\/10\/06\/toda-vez-que-damos-um-passo-o-mundo-sai-do-lugar\/","title":{"rendered":"Toda vez que damos um passo o mundo sai do lugar"},"content":{"rendered":"<p><img data-recalc-dims=\"1\" loading=\"lazy\" decoding=\"async\" data-attachment-id=\"4884\" data-permalink=\"http:\/\/blogdalucianaoliveira.com.br\/blog\/2016\/10\/06\/toda-vez-que-damos-um-passo-o-mundo-sai-do-lugar\/protesto-polonia\/\" data-orig-file=\"https:\/\/i0.wp.com\/blogdalucianaoliveira.com.br\/blog\/wp-content\/uploads\/2016\/10\/protesto-polonia.jpg?fit=620%2C465\" data-orig-size=\"620,465\" data-comments-opened=\"0\" data-image-meta=\"{&quot;aperture&quot;:&quot;0&quot;,&quot;credit&quot;:&quot;&quot;,&quot;camera&quot;:&quot;&quot;,&quot;caption&quot;:&quot;&quot;,&quot;created_timestamp&quot;:&quot;0&quot;,&quot;copyright&quot;:&quot;&quot;,&quot;focal_length&quot;:&quot;0&quot;,&quot;iso&quot;:&quot;0&quot;,&quot;shutter_speed&quot;:&quot;0&quot;,&quot;title&quot;:&quot;&quot;,&quot;orientation&quot;:&quot;0&quot;}\" data-image-title=\"protesto-polonia\" data-image-description=\"\" data-image-caption=\"\" data-medium-file=\"https:\/\/i0.wp.com\/blogdalucianaoliveira.com.br\/blog\/wp-content\/uploads\/2016\/10\/protesto-polonia.jpg?fit=300%2C225\" data-large-file=\"https:\/\/i0.wp.com\/blogdalucianaoliveira.com.br\/blog\/wp-content\/uploads\/2016\/10\/protesto-polonia.jpg?fit=600%2C450\" src=\"https:\/\/i0.wp.com\/blogdalucianaoliveira.com.br\/blog\/wp-content\/uploads\/2016\/10\/protesto-polonia.jpg?resize=600%2C450\" alt=\"protesto-polonia\" width=\"600\" height=\"450\" class=\"alignnone size-full wp-image-4884\" srcset=\"https:\/\/i0.wp.com\/blogdalucianaoliveira.com.br\/blog\/wp-content\/uploads\/2016\/10\/protesto-polonia.jpg?w=620 620w, https:\/\/i0.wp.com\/blogdalucianaoliveira.com.br\/blog\/wp-content\/uploads\/2016\/10\/protesto-polonia.jpg?resize=300%2C225 300w, https:\/\/i0.wp.com\/blogdalucianaoliveira.com.br\/blog\/wp-content\/uploads\/2016\/10\/protesto-polonia.jpg?resize=400%2C300 400w\" sizes=\"auto, (max-width: 600px) 100vw, 600px\" \/><\/p>\n<p>Ap\u00f3s protestos, Parlamento da Pol\u00f4nia rejeita projeto de lei que proibia aborto totalmente<!--more--><\/p>\n<p>No Opera Mundi<\/p>\n<p>O parlamento da Pol\u00f4nia rejeitou nesta quinta-feira (06\/10) o texto de iniciativa popular que pedia a proibi\u00e7\u00e3o quase total do aborto e penas de pris\u00e3o para as mulheres que interrompessem a gravidez. A decis\u00e3o foi fortemente influenciada pelos protestos de mulheres da \u00faltima segunda-feira (03\/10), oportunidade em que elas sa\u00edram \u00e0s ruas contra a proposta, apoiada pela Igreja Cat\u00f3lica.<\/p>\n<p>As manifesta\u00e7\u00f5es fizeram com que o partido do governo, o Lei e Justi\u00e7a, retirasse o apoio ao texto. O texto come\u00e7ou a tramitar no legislativo no dia 23 de setembro com os votos favor\u00e1veis da agremia\u00e7\u00e3o, que afirma ter \u201crefletido\u201d sobre o assunto.<br \/>\nAlguns integrantes do Lei e Justi\u00e7a, como o vice-primeiro-ministro Jaroslaw Gowin, reconheceram que, ap\u00f3s os protestos dos \u00faltimos dias, era evidente que proibir o aborto para casos de estupro e grave risco para a vida da m\u00e3e ia contra os desejos da maioria da sociedade.<br \/>\nNo total, 353 dos 450 deputados que comp\u00f5em o parlamento polon\u00eas, que \u00e9 dominado pelo Lei e Justi\u00e7a e onde nenhuma for\u00e7a de esquerda ou centro-esquerda est\u00e1 representada, votaram em favor de rejeitar a medida. O partido do governo deu liberdade de voto a seus parlamentares, dos quais 186 foram contr\u00e1rios a endurecer a legisla\u00e7\u00e3o do aborto; 58 votaram a favor da medida.<br \/>\nEm seu pronunciamento na c\u00e2mara, o l\u00edder do Lei e Justi\u00e7a, Jaroslaw Kaczynski, afirmou que sua legenda segue &#8220;decididamente&#8221; comprometida com o respeito \u00e0 vida, e se mostrou partid\u00e1rio de proibir o aborto nos casos em que forem detectadas m\u00e1s-forma\u00e7\u00f5es e defici\u00eancias no feto, como a s\u00edndrome de Down.<\/p>\n<p>A primeira-ministra polonesa, Beata Szydlo, tamb\u00e9m compareceu ao parlamento para anunciar que o governo apresentar\u00e1 um programa at\u00e9 o fim deste ano para oferecer suporte \u00e0s m\u00e3es que decidirem dar \u00e0 luz a filhos com problemas de sa\u00fade ou m\u00e1s-forma\u00e7\u00f5es.<\/p>\n<p>J\u00e1 Ewa Kopacz, l\u00edder do principal partido de oposi\u00e7\u00e3o, o Plataforma C\u00edvica, e ex-primeira-ministra, considerou que o resultado da vota\u00e7\u00e3o significa uma vit\u00f3ria para a &#8220;liberdade&#8221; das mulheres que foram \u00e0s ruas para protestar contra uma poss\u00edvel mudan\u00e7a nas leis.<br \/>\nManifesta\u00e7\u00f5es<br \/>\nNa \u00faltima segunda-feira, por volta de 100 mil polonesas, vestidas de preto, protestaram em todo o pa\u00eds contra a possibilidade de endurecer a atual lei de aborto, que j\u00e1 \u00e9 considerada uma das mais restritivas da Europa.<\/p>\n<p>A iniciativa popular que buscava a proibi\u00e7\u00e3o quase total do aborto contava com cerca de 500 mil assinaturas. O n\u00famero de apoiadores foi a justificativa dada pelo pr\u00f3prio Lei e Justi\u00e7a para que o texto fosse admitido no Parlamento e discutido.<\/p>\n<p>Segundo uma pesquisa divulgada em setembro pela revista Newsweek Polska, 74% dos poloneses queriam manter a legisla\u00e7\u00e3o atual, que data de 1993 e s\u00f3 permite o aborto em tr\u00eas casos: grave m\u00e1-forma\u00e7\u00e3o do feto, risco para a vida da m\u00e3e e gravidez resultante de estupro.<\/p>\n<p>O pr\u00f3prio Kaczynski reconheceu hoje que \u00e9 necess\u00e1rio aumentar o consenso social de qualquer medida que pretenda modificar a lei do aborto.<\/p>\n<p>Na Pol\u00f4nia, um pa\u00eds fortemente cat\u00f3lico com 38 milh\u00f5es de habitantes, s\u00e3o realizados anualmente cerca de mil abortos legais, mas ONGs de defesa dos diretos da mulheres estimam que at\u00e9 150 mil polonesas abortam todos os anos de maneira ilegal ou no exterior. <\/p>\n<p>(*) Com Efe<\/p>\n","protected":false},"excerpt":{"rendered":"<p>Ap\u00f3s protestos, Parlamento da Pol\u00f4nia rejeita projeto de lei que proibia aborto totalmente<\/p>\n","protected":false},"author":1,"featured_media":0,"comment_status":"closed","ping_status":"open","sticky":false,"template":"","format":"standard","meta":{"_exactmetrics_skip_tracking":false,"_exactmetrics_sitenote_active":false,"_exactmetrics_sitenote_note":"","_exactmetrics_sitenote_category":0,"jetpack_post_was_ever_published":false,"_jetpack_newsletter_access":"","_jetpack_dont_email_post_to_subs":false,"_jetpack_newsletter_tier_id":0,"_jetpack_memberships_contains_paywalled_content":false,"_jetpack_memberships_contains_paid_content":false,"footnotes":"","jetpack_publicize_message":"","jetpack_publicize_feature_enabled":true,"jetpack_social_post_already_shared":true,"jetpack_social_options":{"image_generator_settings":{"template":"highway","enabled":false},"version":2}},"categories":[1],"tags":[],"class_list":["post-4883","post","type-post","status-publish","format-standard","hentry","category-notas"],"jetpack_publicize_connections":[],"jetpack_sharing_enabled":true,"jetpack_featured_media_url":"","jetpack_shortlink":"https:\/\/wp.me\/p7wKYW-1gL","jetpack-related-posts":[],"_links":{"self":[{"href":"http:\/\/blogdalucianaoliveira.com.br\/blog\/wp-json\/wp\/v2\/posts\/4883","targetHints":{"allow":["GET"]}}],"collection":[{"href":"http:\/\/blogdalucianaoliveira.com.br\/blog\/wp-json\/wp\/v2\/posts"}],"about":[{"href":"http:\/\/blogdalucianaoliveira.com.br\/blog\/wp-json\/wp\/v2\/types\/post"}],"author":[{"embeddable":true,"href":"http:\/\/blogdalucianaoliveira.com.br\/blog\/wp-json\/wp\/v2\/users\/1"}],"replies":[{"embeddable":true,"href":"http:\/\/blogdalucianaoliveira.com.br\/blog\/wp-json\/wp\/v2\/comments?post=4883"}],"version-history":[{"count":1,"href":"http:\/\/blogdalucianaoliveira.com.br\/blog\/wp-json\/wp\/v2\/posts\/4883\/revisions"}],"predecessor-version":[{"id":4885,"href":"http:\/\/blogdalucianaoliveira.com.br\/blog\/wp-json\/wp\/v2\/posts\/4883\/revisions\/4885"}],"wp:attachment":[{"href":"http:\/\/blogdalucianaoliveira.com.br\/blog\/wp-json\/wp\/v2\/media?parent=4883"}],"wp:term":[{"taxonomy":"category","embeddable":true,"href":"http:\/\/blogdalucianaoliveira.com.br\/blog\/wp-json\/wp\/v2\/categories?post=4883"},{"taxonomy":"post_tag","embeddable":true,"href":"http:\/\/blogdalucianaoliveira.com.br\/blog\/wp-json\/wp\/v2\/tags?post=4883"}],"curies":[{"name":"wp","href":"https:\/\/api.w.org\/{rel}","templated":true}]}}