{"id":4886,"date":"2016-10-06T11:08:54","date_gmt":"2016-10-06T15:08:54","guid":{"rendered":"http:\/\/blogdalucianaoliveira.com.br\/blog\/?p=4886"},"modified":"2016-10-06T11:08:54","modified_gmt":"2016-10-06T15:08:54","slug":"nos-programas-policialescos-do-oligopolio-midiatico-a-presuncao-da-inocencia-nunca-existiu","status":"publish","type":"post","link":"http:\/\/blogdalucianaoliveira.com.br\/blog\/2016\/10\/06\/nos-programas-policialescos-do-oligopolio-midiatico-a-presuncao-da-inocencia-nunca-existiu\/","title":{"rendered":"Nos programas policialescos do oligop\u00f3lio midi\u00e1tico a presun\u00e7\u00e3o da inoc\u00eancia nunca existiu"},"content":{"rendered":"<p><img data-recalc-dims=\"1\" loading=\"lazy\" decoding=\"async\" data-attachment-id=\"4887\" data-permalink=\"http:\/\/blogdalucianaoliveira.com.br\/blog\/2016\/10\/06\/nos-programas-policialescos-do-oligopolio-midiatico-a-presuncao-da-inocencia-nunca-existiu\/inoc\/\" data-orig-file=\"https:\/\/i0.wp.com\/blogdalucianaoliveira.com.br\/blog\/wp-content\/uploads\/2016\/10\/inoc.jpg?fit=663%2C378\" data-orig-size=\"663,378\" data-comments-opened=\"0\" data-image-meta=\"{&quot;aperture&quot;:&quot;0&quot;,&quot;credit&quot;:&quot;&quot;,&quot;camera&quot;:&quot;&quot;,&quot;caption&quot;:&quot;&quot;,&quot;created_timestamp&quot;:&quot;0&quot;,&quot;copyright&quot;:&quot;&quot;,&quot;focal_length&quot;:&quot;0&quot;,&quot;iso&quot;:&quot;0&quot;,&quot;shutter_speed&quot;:&quot;0&quot;,&quot;title&quot;:&quot;&quot;,&quot;orientation&quot;:&quot;0&quot;}\" data-image-title=\"inoc\" data-image-description=\"\" data-image-caption=\"\" data-medium-file=\"https:\/\/i0.wp.com\/blogdalucianaoliveira.com.br\/blog\/wp-content\/uploads\/2016\/10\/inoc.jpg?fit=300%2C171\" data-large-file=\"https:\/\/i0.wp.com\/blogdalucianaoliveira.com.br\/blog\/wp-content\/uploads\/2016\/10\/inoc.jpg?fit=600%2C342\" src=\"https:\/\/i0.wp.com\/blogdalucianaoliveira.com.br\/blog\/wp-content\/uploads\/2016\/10\/inoc.jpg?resize=600%2C342\" alt=\"inoc\" width=\"600\" height=\"342\" class=\"alignnone size-full wp-image-4887\" srcset=\"https:\/\/i0.wp.com\/blogdalucianaoliveira.com.br\/blog\/wp-content\/uploads\/2016\/10\/inoc.jpg?w=663 663w, https:\/\/i0.wp.com\/blogdalucianaoliveira.com.br\/blog\/wp-content\/uploads\/2016\/10\/inoc.jpg?resize=300%2C171 300w, https:\/\/i0.wp.com\/blogdalucianaoliveira.com.br\/blog\/wp-content\/uploads\/2016\/10\/inoc.jpg?resize=526%2C300 526w\" sizes=\"auto, (max-width: 600px) 100vw, 600px\" \/><\/p>\n<p>STF confirma o fim da presun\u00e7\u00e3o da inoc\u00eancia no Brasil<!--more--><\/p>\n<p>Por Pedro Breier, correspondente policial do Cafezinho<\/p>\n<p>Artigo 5\u00ba, inciso LVII da Constitui\u00e7\u00e3o Federal: ningu\u00e9m ser\u00e1 considerado culpado at\u00e9 o tr\u00e2nsito em julgado de senten\u00e7a penal condenat\u00f3ria.<\/p>\n<p>O artigo 283 do C\u00f3digo de Processo Penal praticamente reproduz a Constitui\u00e7\u00e3o: Ningu\u00e9m poder\u00e1 ser preso sen\u00e3o em flagrante delito ou por ordem escrita e fundamentada da autoridade judici\u00e1ria competente, em decorr\u00eancia de senten\u00e7a condenat\u00f3ria transitada em julgado ou, no curso da investiga\u00e7\u00e3o ou do processo, em virtude de pris\u00e3o tempor\u00e1ria ou pris\u00e3o preventiva.<\/p>\n<p>A interpreta\u00e7\u00e3o \u00e9 muito simples e clara: ningu\u00e9m poder\u00e1 ser preso a n\u00e3o ser em flagrante, em virtude de pris\u00e3o cautelar ou por ordem de autoridade judici\u00e1ria competente. Essa ordem deve sempre decorrer de senten\u00e7a condenat\u00f3ria transitada em julgado, isto \u00e9, senten\u00e7a da qual n\u00e3o cabe mais qualquer recurso.<\/p>\n<p>Ap\u00f3s a decis\u00e3o tomada em fevereiro pelo STF, em um julgamento de um habeas corpus, no sentido de que as pessoas podem ser presas mesmo que ainda seja poss\u00edvel recorrer da condena\u00e7\u00e3o, foram propostas duas a\u00e7\u00f5es declarat\u00f3rias de constitucionalidade, ou seja, o STF deveria dizer se o art. 283 do CPC \u00e9 compat\u00edvel com a Constitui\u00e7\u00e3o.<\/p>\n<p>Em um malabarismo jur\u00eddico e argumentativo inacredit\u00e1vel, os ministros do Supremo decidiram ontem, por 6 votos a 5, que a \u00fanica interpreta\u00e7\u00e3o poss\u00edvel para a senten\u00e7a \u2018ningu\u00e9m pode ser preso por condena\u00e7\u00e3o sem tr\u00e2nsito em julgado\u2019, a de que s\u00f3 cabe a pris\u00e3o ap\u00f3s esgotados todos os recursos, \u00e9 inconstitucional.<\/p>\n<p>Os argumentos para acabar com a presun\u00e7\u00e3o de inoc\u00eancia no Brasil foram qualquer coisa menos jur\u00eddicos: Barroso apelou para a emo\u00e7\u00e3o ao citar o caso do jornalista Pimenta Neves, que assassinou a sua esposa e aguardou em liberdade o tr\u00e2nsito em julgado de sua senten\u00e7a penal condenat\u00f3ria, Gilmar Mendes insinuou que a preocupa\u00e7\u00e3o dos advogados com a presun\u00e7\u00e3o de inoc\u00eancia tem a ver com a Lava Jato, Fux afirmou que existe um \u2018direito fundamental da sociedade em ver a aplica\u00e7\u00e3o da lei penal\u2019 que daria direito ao STF de contrariar texto literal da Constitui\u00e7\u00e3o e que \u2018o des\u00edgnio do processo penal \u00e9 alcan\u00e7ar a condena\u00e7\u00e3o do denunciado\u2019, uma aberra\u00e7\u00e3o para qualquer estudante de direito, que sabe que o processo n\u00e3o pode, por defini\u00e7\u00e3o, ter \u2018des\u00edgnio\u2019 por um dos resultados poss\u00edveis.<\/p>\n<p>Os ministros tomam essa decis\u00e3o esdr\u00faxula em um contexto de press\u00e3o da grande m\u00eddia, que faz populismo penal h\u00e1 anos, principalmente nos programas policialescos, mas intensificou-o com a Lava Jato, aplaudindo todas as viola\u00e7\u00f5es a direitos fundamentais cometidas por S\u00e9rgio Moro.<\/p>\n<p>O papel do juiz \u00e9 justamente ser contra-majorit\u00e1rio quando necess\u00e1rio, isto \u00e9, julgar de acordo com a Constitui\u00e7\u00e3o e n\u00e3o de acordo com a press\u00e3o de qualquer grupo ou da opini\u00e3o p\u00fablica.<\/p>\n<p>Na pr\u00e1tica, por\u00e9m, o cartel midi\u00e1tico brasileiro influencia nitidamente as decis\u00f5es do STF, mostrando que \u00e9 mais poderoso que o \u00f3rg\u00e3o supremo do Judici\u00e1rio.<\/p>\n<p>\u00c9 sempre bom lembrar que a presun\u00e7\u00e3o da inoc\u00eancia nunca existiu para os exclu\u00eddos da sociedade, especialmente para a popula\u00e7\u00e3o negra e pobre.<\/p>\n<p>Mas ao inv\u00e9s de evoluirmos e buscarmos estender as garantias legais a todos, n\u00f3s fazemos o caminho inverso: o STF, suposto guardi\u00e3o da Constitui\u00e7\u00e3o, estendeu a inexist\u00eancia da presun\u00e7\u00e3o de inoc\u00eancia para todos os brasileiros.<\/p>\n<p>\u00c9 a democratiza\u00e7\u00e3o do autoritarismo.<\/p>\n","protected":false},"excerpt":{"rendered":"<p>STF confirma o fim da presun\u00e7\u00e3o da inoc\u00eancia no Brasil<\/p>\n","protected":false},"author":1,"featured_media":0,"comment_status":"closed","ping_status":"open","sticky":false,"template":"","format":"standard","meta":{"_exactmetrics_skip_tracking":false,"_exactmetrics_sitenote_active":false,"_exactmetrics_sitenote_note":"","_exactmetrics_sitenote_category":0,"jetpack_post_was_ever_published":false,"_jetpack_newsletter_access":"","_jetpack_dont_email_post_to_subs":false,"_jetpack_newsletter_tier_id":0,"_jetpack_memberships_contains_paywalled_content":false,"_jetpack_memberships_contains_paid_content":false,"footnotes":"","jetpack_publicize_message":"","jetpack_publicize_feature_enabled":true,"jetpack_social_post_already_shared":true,"jetpack_social_options":{"image_generator_settings":{"template":"highway","enabled":false},"version":2}},"categories":[1],"tags":[],"class_list":["post-4886","post","type-post","status-publish","format-standard","hentry","category-notas"],"jetpack_publicize_connections":[],"jetpack_sharing_enabled":true,"jetpack_featured_media_url":"","jetpack_shortlink":"https:\/\/wp.me\/p7wKYW-1gO","jetpack-related-posts":[],"_links":{"self":[{"href":"http:\/\/blogdalucianaoliveira.com.br\/blog\/wp-json\/wp\/v2\/posts\/4886","targetHints":{"allow":["GET"]}}],"collection":[{"href":"http:\/\/blogdalucianaoliveira.com.br\/blog\/wp-json\/wp\/v2\/posts"}],"about":[{"href":"http:\/\/blogdalucianaoliveira.com.br\/blog\/wp-json\/wp\/v2\/types\/post"}],"author":[{"embeddable":true,"href":"http:\/\/blogdalucianaoliveira.com.br\/blog\/wp-json\/wp\/v2\/users\/1"}],"replies":[{"embeddable":true,"href":"http:\/\/blogdalucianaoliveira.com.br\/blog\/wp-json\/wp\/v2\/comments?post=4886"}],"version-history":[{"count":1,"href":"http:\/\/blogdalucianaoliveira.com.br\/blog\/wp-json\/wp\/v2\/posts\/4886\/revisions"}],"predecessor-version":[{"id":4888,"href":"http:\/\/blogdalucianaoliveira.com.br\/blog\/wp-json\/wp\/v2\/posts\/4886\/revisions\/4888"}],"wp:attachment":[{"href":"http:\/\/blogdalucianaoliveira.com.br\/blog\/wp-json\/wp\/v2\/media?parent=4886"}],"wp:term":[{"taxonomy":"category","embeddable":true,"href":"http:\/\/blogdalucianaoliveira.com.br\/blog\/wp-json\/wp\/v2\/categories?post=4886"},{"taxonomy":"post_tag","embeddable":true,"href":"http:\/\/blogdalucianaoliveira.com.br\/blog\/wp-json\/wp\/v2\/tags?post=4886"}],"curies":[{"name":"wp","href":"https:\/\/api.w.org\/{rel}","templated":true}]}}