{"id":4895,"date":"2016-10-06T15:11:44","date_gmt":"2016-10-06T19:11:44","guid":{"rendered":"http:\/\/blogdalucianaoliveira.com.br\/blog\/?p=4895"},"modified":"2016-10-06T15:20:13","modified_gmt":"2016-10-06T19:20:13","slug":"nao-temos-data-para-comemorar","status":"publish","type":"post","link":"http:\/\/blogdalucianaoliveira.com.br\/blog\/2016\/10\/06\/nao-temos-data-para-comemorar\/","title":{"rendered":"N\u00e3o temos data para comemorar"},"content":{"rendered":"<p> <img data-recalc-dims=\"1\" loading=\"lazy\" decoding=\"async\" data-attachment-id=\"4899\" data-permalink=\"http:\/\/blogdalucianaoliveira.com.br\/blog\/2016\/10\/06\/nao-temos-data-para-comemorar\/cazuza_mestre\/\" data-orig-file=\"https:\/\/i0.wp.com\/blogdalucianaoliveira.com.br\/blog\/wp-content\/uploads\/2016\/10\/cazuza_mestre.jpg?fit=300%2C200\" data-orig-size=\"300,200\" data-comments-opened=\"0\" data-image-meta=\"{&quot;aperture&quot;:&quot;0&quot;,&quot;credit&quot;:&quot;&quot;,&quot;camera&quot;:&quot;&quot;,&quot;caption&quot;:&quot;&quot;,&quot;created_timestamp&quot;:&quot;0&quot;,&quot;copyright&quot;:&quot;&quot;,&quot;focal_length&quot;:&quot;0&quot;,&quot;iso&quot;:&quot;0&quot;,&quot;shutter_speed&quot;:&quot;0&quot;,&quot;title&quot;:&quot;&quot;,&quot;orientation&quot;:&quot;0&quot;}\" data-image-title=\"cazuza_mestre\" data-image-description=\"\" data-image-caption=\"\" data-medium-file=\"https:\/\/i0.wp.com\/blogdalucianaoliveira.com.br\/blog\/wp-content\/uploads\/2016\/10\/cazuza_mestre.jpg?fit=300%2C200\" data-large-file=\"https:\/\/i0.wp.com\/blogdalucianaoliveira.com.br\/blog\/wp-content\/uploads\/2016\/10\/cazuza_mestre.jpg?fit=300%2C200\" src=\"https:\/\/i0.wp.com\/blogdalucianaoliveira.com.br\/blog\/wp-content\/uploads\/2016\/10\/cazuza_mestre.jpg?resize=300%2C200\" alt=\"cazuza_mestre\" width=\"300\" height=\"200\" class=\"alignnone size-full wp-image-4899\" \/><\/p>\n<p>Uma das m\u00fasicas mais emblem\u00e1ticas da transi\u00e7\u00e3o entre a ditadura e a democracia no Brasil, cai como uma luva \u00e0 ponte para o futuro que ningu\u00e9m sabe onde vai dar. <!--more--><\/p>\n<p>O Tempo N\u00e3o Para, com Cazuza, virou um hino de liberta\u00e7\u00e3o e desejo por justi\u00e7a social amplificado por Burguesia que veio logo em seguida.<\/p>\n<p>O cantor que perdia a luta contra a AIDS, desabafou o desgosto com os tempos medonhos vividos, mas n\u00e3o sem reafirmar sua esperan\u00e7a de que ao menos o pa\u00eds poderia sobreviver com mais liberdade e qualidade de vida.<\/p>\n<p>Na primeira estrofe, a confiss\u00e3o de cansa\u00e7o e raiva:<\/p>\n<p>\u201cMinha metralhadora cheia de m\u00e1goas<br \/>\nEu sou um cara<br \/>\nCansado de correr<br \/>\nNa dire\u00e7\u00e3o contr\u00e1ria\u201d<\/p>\n<p>Quem, 28 anos depois n\u00e3o sente amargura semelhante?<\/p>\n<p>A Constitui\u00e7\u00e3o Federal que nasceu junto com um dos maiores sucessos da m\u00fasica popular brasileira, h\u00e1 dois anos, vem sendo violentamente atacada. Quem lutou contra a ruptura democr\u00e1tica imposta com o impeachment de uma presidenta eleita, sem crime, denunciou um a um os ataques aplicados pela turba golpista. <\/p>\n<p>Quem fingiu n\u00e3o ver, agora reclama viola\u00e7\u00f5es que afetam n\u00e3o s\u00f3 petistas, mas a todos. <\/p>\n<p>Onde estavam os agora indignados com o fim da presun\u00e7\u00e3o de inoc\u00eancia quando o ex-presidente Lula foi conduzido coercitivamente a depor sem necessidade?<\/p>\n<p>Onde estavam quando Eduardo Cunha desprezou a soberania de uma vota\u00e7\u00e3o, anulou a sess\u00e3o e convocou outra para aprovar a redu\u00e7\u00e3o da maioridade?<\/p>\n<p>Onde estavam quando o sigilo telef\u00f4nico da ex-presidenta Dilma Rousseff foi violado por um juiz que exorbitou de sua compet\u00eancia?<\/p>\n<p>Onde estavam quando 21 jovens que participariam de uma manifesta\u00e7\u00e3o contra Michel Temer em S\u00e3o Paulo foram presos arbitrariamente?<\/p>\n<p>Onde estavam quando senadores admitiram voto ao impeachment por raz\u00f5es que n\u00e3o fundamentaram o pedido?<\/p>\n<p>Onde estavam h\u00e1 uma semana, quando o juiz S\u00e9rgio Moro defendeu o excesso de pris\u00f5es na Opera\u00e7\u00e3o Lava Jato por ser este um \u201ctempo de excepcionalidade\u201d? <\/p>\n<p>O Brasil seguiu em dire\u00e7\u00e3o contr\u00e1ria \u00e0 democracia, sem p\u00f3dio de chegada e beijo.<\/p>\n<p>Da elei\u00e7\u00e3o que segue em segundo turno em v\u00e1rias capitais, j\u00e1 se confirmou o crescimento do PSDB e PMDB, dois partidos l\u00edderes em dela\u00e7\u00f5es premiadas. <\/p>\n<p>O PT costurou a pr\u00f3pria mortalha ao deixar de dar a resposta certa e na hora certa \u00e0 sociedade sobre os esc\u00e2ndalos de corrup\u00e7\u00e3o envolvendo seus filiados. Isso, associado \u00e0 persegui\u00e7\u00e3o implac\u00e1vel da m\u00eddia e do judici\u00e1rio fizeram o partido cair da 1\u00aa pra 9\u00aa posi\u00e7\u00e3o entre os mais votados desde a elei\u00e7\u00e3o de 2012.<\/p>\n<p>Sobrou pra esquerda, dividida, em frangalhos, honrar a segunda estrofe da m\u00fasica de Cazuza:<\/p>\n<p>&#8220;Mas se voc\u00ea achar<br \/>\nQue eu t\u00f4 derrotado<br \/>\nSaiba que ainda est\u00e3o rolando os dados<br \/>\nPorque o tempo, o tempo n\u00e3o para&#8221;<\/p>\n<p>A 4\u00aa e 5\u00aa estrofes simbolizam as vozes dos derrotados que se submeteram \u00e0 soberania do voto sem questionar o sistema eletr\u00f4nico de vota\u00e7\u00e3o, sem insinuar fraudes e conscientes de que a hist\u00f3ria n\u00e3o segue em linha reta, mas s\u00f3 com unidade ir\u00e3o retomar o caminho.<\/p>\n<p>&#8220;Dias sim, dias n\u00e3o<br \/>\nEu vou sobrevivendo sem um arranh\u00e3o<br \/>\nDa caridade de quem me detesta&#8221;<\/p>\n<p>O caminho n\u00e3o est\u00e1 longe, porque os que tomaram o poder t\u00eam os p\u00e9s de barro e mais dia menos dia, ir\u00e3o esfarelar diante dos olhos que hoje os aplaudem.<\/p>\n<p>&#8220;A tua piscina t\u00e1 cheia de ratos<br \/>\nTuas ideias n\u00e3o correspondem aos fatos<br \/>\nO tempo n\u00e3o para<br \/>\nEu vejo o futuro repetir o passado<br \/>\nEu vejo um museu de grandes novidades<br \/>\nO tempo n\u00e3o para<br \/>\nN\u00e3o para, n\u00e3o, n\u00e3o para&#8221;<\/p>\n<p>Sobre o que o inspirou a compor O Tempo N\u00e3o Para, Cazuza disse uma frase absolutamente atual, com a qual encerro esta reflex\u00e3o: o mal t\u00e1 l\u00e1, as pessoas ruins est\u00e3o l\u00e1, pessoas mesquinhas, mas n\u00e3o v\u00e3o me atrapalhar mais. N\u00e3o vou mais sofrer por causa delas.\u201d<\/p>\n","protected":false},"excerpt":{"rendered":"<p>Uma das m\u00fasicas mais emblem\u00e1ticas da transi\u00e7\u00e3o entre a ditadura e a democracia no Brasil, cai como uma luva \u00e0 ponte para o futuro que ningu\u00e9m sabe onde vai dar.<\/p>\n","protected":false},"author":1,"featured_media":0,"comment_status":"closed","ping_status":"open","sticky":false,"template":"","format":"standard","meta":{"_exactmetrics_skip_tracking":false,"_exactmetrics_sitenote_active":false,"_exactmetrics_sitenote_note":"","_exactmetrics_sitenote_category":0,"jetpack_post_was_ever_published":false,"_jetpack_newsletter_access":"","_jetpack_dont_email_post_to_subs":false,"_jetpack_newsletter_tier_id":0,"_jetpack_memberships_contains_paywalled_content":false,"_jetpack_memberships_contains_paid_content":false,"footnotes":"","jetpack_publicize_message":"","jetpack_publicize_feature_enabled":true,"jetpack_social_post_already_shared":true,"jetpack_social_options":{"image_generator_settings":{"template":"highway","enabled":false},"version":2}},"categories":[1],"tags":[],"class_list":["post-4895","post","type-post","status-publish","format-standard","hentry","category-notas"],"jetpack_publicize_connections":[],"jetpack_sharing_enabled":true,"jetpack_featured_media_url":"","jetpack_shortlink":"https:\/\/wp.me\/p7wKYW-1gX","jetpack-related-posts":[],"_links":{"self":[{"href":"http:\/\/blogdalucianaoliveira.com.br\/blog\/wp-json\/wp\/v2\/posts\/4895","targetHints":{"allow":["GET"]}}],"collection":[{"href":"http:\/\/blogdalucianaoliveira.com.br\/blog\/wp-json\/wp\/v2\/posts"}],"about":[{"href":"http:\/\/blogdalucianaoliveira.com.br\/blog\/wp-json\/wp\/v2\/types\/post"}],"author":[{"embeddable":true,"href":"http:\/\/blogdalucianaoliveira.com.br\/blog\/wp-json\/wp\/v2\/users\/1"}],"replies":[{"embeddable":true,"href":"http:\/\/blogdalucianaoliveira.com.br\/blog\/wp-json\/wp\/v2\/comments?post=4895"}],"version-history":[{"count":3,"href":"http:\/\/blogdalucianaoliveira.com.br\/blog\/wp-json\/wp\/v2\/posts\/4895\/revisions"}],"predecessor-version":[{"id":4901,"href":"http:\/\/blogdalucianaoliveira.com.br\/blog\/wp-json\/wp\/v2\/posts\/4895\/revisions\/4901"}],"wp:attachment":[{"href":"http:\/\/blogdalucianaoliveira.com.br\/blog\/wp-json\/wp\/v2\/media?parent=4895"}],"wp:term":[{"taxonomy":"category","embeddable":true,"href":"http:\/\/blogdalucianaoliveira.com.br\/blog\/wp-json\/wp\/v2\/categories?post=4895"},{"taxonomy":"post_tag","embeddable":true,"href":"http:\/\/blogdalucianaoliveira.com.br\/blog\/wp-json\/wp\/v2\/tags?post=4895"}],"curies":[{"name":"wp","href":"https:\/\/api.w.org\/{rel}","templated":true}]}}