{"id":4902,"date":"2016-10-06T17:24:21","date_gmt":"2016-10-06T21:24:21","guid":{"rendered":"http:\/\/blogdalucianaoliveira.com.br\/blog\/?p=4902"},"modified":"2016-10-06T17:24:21","modified_gmt":"2016-10-06T21:24:21","slug":"valdir-raupp-esta-junto-a-15-do-nucleo-do-pmdb","status":"publish","type":"post","link":"http:\/\/blogdalucianaoliveira.com.br\/blog\/2016\/10\/06\/valdir-raupp-esta-junto-a-15-do-nucleo-do-pmdb\/","title":{"rendered":"VALDIR RAUPP EST\u00c1 JUNTO A 15 DO N\u00daCLEO DO PMDB"},"content":{"rendered":"<p><img data-recalc-dims=\"1\" loading=\"lazy\" decoding=\"async\" data-attachment-id=\"4903\" data-permalink=\"http:\/\/blogdalucianaoliveira.com.br\/blog\/2016\/10\/06\/valdir-raupp-esta-junto-a-15-do-nucleo-do-pmdb\/rara-2\/\" data-orig-file=\"https:\/\/i0.wp.com\/blogdalucianaoliveira.com.br\/blog\/wp-content\/uploads\/2016\/10\/rara.jpg?fit=1000%2C357\" data-orig-size=\"1000,357\" data-comments-opened=\"0\" data-image-meta=\"{&quot;aperture&quot;:&quot;0&quot;,&quot;credit&quot;:&quot;&quot;,&quot;camera&quot;:&quot;&quot;,&quot;caption&quot;:&quot;&quot;,&quot;created_timestamp&quot;:&quot;0&quot;,&quot;copyright&quot;:&quot;&quot;,&quot;focal_length&quot;:&quot;0&quot;,&quot;iso&quot;:&quot;0&quot;,&quot;shutter_speed&quot;:&quot;0&quot;,&quot;title&quot;:&quot;&quot;,&quot;orientation&quot;:&quot;0&quot;}\" data-image-title=\"rara\" data-image-description=\"\" data-image-caption=\"\" data-medium-file=\"https:\/\/i0.wp.com\/blogdalucianaoliveira.com.br\/blog\/wp-content\/uploads\/2016\/10\/rara.jpg?fit=300%2C107\" data-large-file=\"https:\/\/i0.wp.com\/blogdalucianaoliveira.com.br\/blog\/wp-content\/uploads\/2016\/10\/rara.jpg?fit=600%2C214\" src=\"https:\/\/i0.wp.com\/blogdalucianaoliveira.com.br\/blog\/wp-content\/uploads\/2016\/10\/rara.jpg?resize=600%2C214\" alt=\"rara\" width=\"600\" height=\"214\" class=\"alignnone size-full wp-image-4903\" srcset=\"https:\/\/i0.wp.com\/blogdalucianaoliveira.com.br\/blog\/wp-content\/uploads\/2016\/10\/rara.jpg?w=1000 1000w, https:\/\/i0.wp.com\/blogdalucianaoliveira.com.br\/blog\/wp-content\/uploads\/2016\/10\/rara.jpg?resize=300%2C107 300w, https:\/\/i0.wp.com\/blogdalucianaoliveira.com.br\/blog\/wp-content\/uploads\/2016\/10\/rara.jpg?resize=768%2C274 768w, https:\/\/i0.wp.com\/blogdalucianaoliveira.com.br\/blog\/wp-content\/uploads\/2016\/10\/rara.jpg?resize=800%2C286 800w\" sizes=\"auto, (max-width: 600px) 100vw, 600px\" \/><\/p>\n<p>STF DIVIDE INQU\u00c9RITO DA LAVA JATO E INCLUI LULA, RENAN E CUNHA<!--more--><\/p>\n<p>Mich\u00e8lle Canes \u2013 Rep\u00f3rter da Ag\u00eancia Brasil*<\/p>\n<p>O ministro Teori Zavascki, do Supremo Tribunal Federal (STF), autorizou o fatiamento do principal inqu\u00e9rito da Opera\u00e7\u00e3o Lava Jato. A decis\u00e3o atendeu a um pedido do Procurador-Geral da Rep\u00fablica, Rodrigo Janot, e dividiu o inqu\u00e9rito em quatro processos para investiga\u00e7\u00e3o.<\/p>\n<p>Segundo o pedido de Janot, o inqu\u00e9rito inicial foi aberto para investigar grupo criminoso que seria comandado e articulado por pol\u00edticos de diferentes partidos para viabilizar o \u201cenriquecimento il\u00edcito daqueles e de grupos empresariais, bem como financiar campanhas eleitorais, a partir de desvios p\u00fablicos de diversas empresas estatais e entes da administra\u00e7\u00e3o direta e indireta\u201d.<\/p>\n<p>Para o MPF o fatiamento \u00e9 importante para otimizar os trabalhos. \u201cEmbora, at\u00e9 o momento, tenha sido desvelada uma teia criminosa \u00fanica, mister, para melhor otimiza\u00e7\u00e3o do esfor\u00e7o investigativo, a cis\u00e3o do presente inqu\u00e9rito tendo como alicerce os agentes ligados aos n\u00facleos pol\u00edticos que comp\u00f5em a estrutura do grupo criminoso organizado\u201d, diz o pedido.<\/p>\n<p>Com o fatiamento, ser\u00e3o mantidos no inqu\u00e9rito inicial apenas os fatos relacionados aos investigados que integram o PP \u201ce aos que, como esses, atuaram em concurso de pessoas\u201d.<\/p>\n<p>Os outros investigados ser\u00e3o divididos em tr\u00eas inqu\u00e9ritos. No primeiro, ser\u00e3o investigados os fatos relacionados ao PT. \u201cUm inqu\u00e9rito para investigar poss\u00edveis fatos delitivos perpetrados por alguns membros do Partido dos Trabalhadores &#8211; PT integrados \u00e0 organiza\u00e7\u00e3o criminosa e aos que, com esses, atuaram em concurso de pessoas\u201d.<\/p>\n<p>Na lista dos investigados, est\u00e1 o ex-presidente Luiz In\u00e1cio Lula da Silva. O segundo inqu\u00e9rito, aberto pelo fatiamento, ser\u00e1 para investigar membros do PMDB com articula\u00e7\u00e3o no Senado Federal. Na lista, aparecer, por exemplo, o nome do presidente do Senado, Renan Calheiros (AL). J\u00e1 no terceiro inqu\u00e9rito resultante do desmembramento, ser\u00e3o investigados integrantes do PMDB na C\u00e2mara dos Deputados, como o ex-presidente da casa, Eduardo Cunha (RJ).<\/p>\n<p>Diante do pedido, o ministro Teori Zavascki autorizou o fatiamento. \u201cAnte o exposto, defiro a postula\u00e7\u00e3o do Minist\u00e9rio P\u00fablico e determino a instaura\u00e7\u00e3o dos inqu\u00e9ritos nos termos formulados pelo Procurador-Geral da Rep\u00fablica\u201d, diz o ministro. Em maio, o procurador-geral da Rep\u00fablica, Rodrigo Janot, pediu ao Supremo Tribunal Federal (STF) a inclus\u00e3o do ex-presidente Lula, de tr\u00eas ministros do governo, do ent\u00e3o presidente da C\u00e2mara dos Deputados, Eduardo Cunha, e de parlamentares do PMDB, entre outros acusados, no principal inqu\u00e9rito da Opera\u00e7\u00e3o Lava Jato.<\/p>\n<p>Com o desmembramento, a Opera\u00e7\u00e3o Lava Jato passa a ter no STF 105 investigados em 39 inqu\u00e9ritos. Entre estas a\u00e7\u00f5es, 10 j\u00e1 receberam den\u00fancias e duas viraram a\u00e7\u00f5es penais na Corte.<\/p>\n<p>Confira a lista completa dos investigados:<\/p>\n<p>N\u00facleo do PT (12 investigados)<br \/>\n&#8211; Antonio Palocci, ex-ministro<br \/>\n&#8211; Delc\u00eddio do Amaral (sem partido-MS), senador cassado<br \/>\n&#8211; Edinho Silva, ex-ministro e prefeito eleito de Araraquara (SP)<br \/>\n&#8211; Erenice Guerra, ex-ministra<br \/>\n&#8211; Giles Azevedo, ex-chefe de gabinete de Dilma<br \/>\n&#8211; Jaques Wagner, ex-governador da Bahia<br \/>\n&#8211; Jo\u00e3o Vaccari Neto, ex-tesoureiro do PT<br \/>\n&#8211; Jos\u00e9 Carlos Bumlai, pecuarista<br \/>\n&#8211; Luiz In\u00e1cio Lula da Silva, ex-presidente da Rep\u00fablica<br \/>\n&#8211; Paulo Okamoto, presidente do Instituto Lula<br \/>\n&#8211; Ricardo Berzoini (PT-SP), ex-ministro e ex-deputado<br \/>\n&#8211; S\u00e9rgio Gabrielli, ex-presidente da Petrobras<\/p>\n<p>N\u00facleo do PMDB da C\u00e2mara (15 investigados)<br \/>\n&#8211; Alexandre Santos (PMDB-RJ), ex-deputado federal<br \/>\n&#8211; Altineu Cort\u00eas (PMDB-RJ), deputado federal<br \/>\n&#8211; Andr\u00e9 Esteves, s\u00f3cio do banco BTG Pactual<br \/>\n&#8211; Andr\u00e9 Moura (PSC-SE), l\u00edder do governo na C\u00e2mara<br \/>\n&#8211; An\u00edbal Gomes (PMDB-CE), deputado federal<br \/>\n&#8211; Arnaldo Faria de S\u00e1 (PTB-SP), deputado federal<br \/>\n&#8211; Carlos Willian (PTC-MG), ex-deputado federal<br \/>\n&#8211; Eduardo Cunha (PMDB-RJ), deputado cassado e ex-presidente da C\u00e2mara<br \/>\n&#8211; Fernando Soares, conhecido como &#8220;Fernando Baiano&#8221;, lobista<br \/>\n&#8211; Henrique Eduardo Alves (PMDB-RN)<br \/>\n&#8211; L\u00facio Bolonha Funaro, doleiro<br \/>\n&#8211; Jo\u00e3o Magalh\u00e3es (PMDB-MG), deputado estadual<br \/>\n&#8211; Manoel J\u00fanior (PMDB-PB), deputado federal<br \/>\n&#8211; Nelson Bounier (PMDB-RJ), ex-deputado federal e prefeito de Nova Igua\u00e7u (RJ)<br \/>\n&#8211; Solange Almeida, ex-deputada e prefeita de Rio Bonito (RJ)<\/p>\n<p>N\u00facleo do PMDB do Senado (9 investigados)<br \/>\n&#8211; Edison Lob\u00e3o (PMDB-MA), senador e ex-ministro<br \/>\n&#8211; Jader Barbalho (PMDB-PA), senador<br \/>\n&#8211; Jorge Luz, lobista<br \/>\n&#8211; Milton Lyra, lobista<br \/>\n&#8211; Renan Calheiros (PMDB-AL), presidente do Senado<br \/>\n&#8211; Romero Juc\u00e1 (PMDB-RR), senador<br \/>\n&#8211; S\u00e9rgio Machado, ex-senador e ex-presidente da Transpetro<br \/>\n&#8211; Silas Rondeau, ex-ministro<br \/>\n&#8211; Valdir Raupp (PMDB-RO), senador<\/p>\n<p>N\u00facleo do PP (30 investigados)<br \/>\n&#8211; Aguinaldo Ribeiro (PP-PB), deputado federal e ex-ministro<br \/>\n&#8211; Aline Correa (PP-SP), ex-deputada federal<br \/>\n&#8211; Arthur Lira (PP-AL), deputado federal<br \/>\n&#8211; Benedito Lira (PP-AL), senador<br \/>\n&#8211; Carlos Magnos Ramos (PP-RO), ex-deputado federal<br \/>\n&#8211; Ciro Nogueira (PP-PI), senador<br \/>\n&#8211; Dilceu Sperafico (PP-PR), deputado federal<br \/>\n&#8211; Eduardo da Fonte (PP-PE), deputado federal<br \/>\n&#8211; Gladson Cameli (PP-AC), senador<br \/>\n&#8211; Jer\u00f4nimo Goergen (PP-RS), deputado federal<br \/>\n&#8211; Jo\u00e3o Pizzolatti (PP-SC), ex-deputado federal<br \/>\n&#8211; Jo\u00e3o Le\u00e3o (PP-BA), vice-governador da Bahia<br \/>\n&#8211; Jos\u00e9 Linhares (PP-CE), ex-deputado federal<br \/>\n&#8211; Jos\u00e9 Ot\u00e1vio Germano (PP-RS), deputado federal<br \/>\n&#8211; L\u00e1zaro Botelho (PP-TO), deputado federal<br \/>\n&#8211; Luis Carlos Heinze (PP-RS), deputado federal<br \/>\n&#8211; Luiz Fernando Faria (PP-MG), deputado federal<br \/>\n&#8211; Nelson Meurer (PP-PR), deputado federal<br \/>\n&#8211; Renato Molling (PP-RS), deputado federal<br \/>\n&#8211; Roberto Balestra (PP-GO), deputado federal<br \/>\n&#8211; Roberto Britto (PP-BA), deputado federal<br \/>\n&#8211; Sim\u00e3o Sessim (PP-RJ), deputado federal<br \/>\n&#8211; Vilson Covatti (PP-RS), ex-deputado federal<br \/>\n&#8211; Waldir Maranh\u00e3o (PP-MA), deputado federal<br \/>\n&#8211; Luiz Argolo (SD-BA), ex-deputado federal (era filiado ao PP)<br \/>\n&#8211; Pedro Correa (PP-PE), ex-deputado federal<br \/>\n&#8211; M\u00e1rio Negromonte (PP-BA), ex-deputado federal e conselheiro do TCE-BA<br \/>\n&#8211; Mission\u00e1rio Jos\u00e9 Ol\u00edmpio (DEM-SP), deputado federal (era filiado ao PP)<\/p>\n","protected":false},"excerpt":{"rendered":"<p>STF DIVIDE INQU\u00c9RITO DA LAVA JATO E INCLUI LULA, RENAN E CUNHA<\/p>\n","protected":false},"author":1,"featured_media":0,"comment_status":"closed","ping_status":"open","sticky":false,"template":"","format":"standard","meta":{"_exactmetrics_skip_tracking":false,"_exactmetrics_sitenote_active":false,"_exactmetrics_sitenote_note":"","_exactmetrics_sitenote_category":0,"jetpack_post_was_ever_published":false,"_jetpack_newsletter_access":"","_jetpack_dont_email_post_to_subs":false,"_jetpack_newsletter_tier_id":0,"_jetpack_memberships_contains_paywalled_content":false,"_jetpack_memberships_contains_paid_content":false,"footnotes":"","jetpack_publicize_message":"","jetpack_publicize_feature_enabled":true,"jetpack_social_post_already_shared":true,"jetpack_social_options":{"image_generator_settings":{"template":"highway","enabled":false},"version":2}},"categories":[1],"tags":[],"class_list":["post-4902","post","type-post","status-publish","format-standard","hentry","category-notas"],"jetpack_publicize_connections":[],"jetpack_sharing_enabled":true,"jetpack_featured_media_url":"","jetpack_shortlink":"https:\/\/wp.me\/p7wKYW-1h4","jetpack-related-posts":[],"_links":{"self":[{"href":"http:\/\/blogdalucianaoliveira.com.br\/blog\/wp-json\/wp\/v2\/posts\/4902","targetHints":{"allow":["GET"]}}],"collection":[{"href":"http:\/\/blogdalucianaoliveira.com.br\/blog\/wp-json\/wp\/v2\/posts"}],"about":[{"href":"http:\/\/blogdalucianaoliveira.com.br\/blog\/wp-json\/wp\/v2\/types\/post"}],"author":[{"embeddable":true,"href":"http:\/\/blogdalucianaoliveira.com.br\/blog\/wp-json\/wp\/v2\/users\/1"}],"replies":[{"embeddable":true,"href":"http:\/\/blogdalucianaoliveira.com.br\/blog\/wp-json\/wp\/v2\/comments?post=4902"}],"version-history":[{"count":1,"href":"http:\/\/blogdalucianaoliveira.com.br\/blog\/wp-json\/wp\/v2\/posts\/4902\/revisions"}],"predecessor-version":[{"id":4904,"href":"http:\/\/blogdalucianaoliveira.com.br\/blog\/wp-json\/wp\/v2\/posts\/4902\/revisions\/4904"}],"wp:attachment":[{"href":"http:\/\/blogdalucianaoliveira.com.br\/blog\/wp-json\/wp\/v2\/media?parent=4902"}],"wp:term":[{"taxonomy":"category","embeddable":true,"href":"http:\/\/blogdalucianaoliveira.com.br\/blog\/wp-json\/wp\/v2\/categories?post=4902"},{"taxonomy":"post_tag","embeddable":true,"href":"http:\/\/blogdalucianaoliveira.com.br\/blog\/wp-json\/wp\/v2\/tags?post=4902"}],"curies":[{"name":"wp","href":"https:\/\/api.w.org\/{rel}","templated":true}]}}