{"id":50,"date":"2016-05-02T21:03:35","date_gmt":"2016-05-03T01:03:35","guid":{"rendered":"http:\/\/blogdalucianaoliveira.com.br\/blog\/?p=50"},"modified":"2016-05-03T09:56:01","modified_gmt":"2016-05-03T13:56:01","slug":"mais-um-blog-o-meu","status":"publish","type":"post","link":"http:\/\/blogdalucianaoliveira.com.br\/blog\/2016\/05\/02\/mais-um-blog-o-meu\/","title":{"rendered":"Mais um blog, o meu!"},"content":{"rendered":"<p><img data-recalc-dims=\"1\" loading=\"lazy\" decoding=\"async\" data-attachment-id=\"37\" data-permalink=\"http:\/\/blogdalucianaoliveira.com.br\/blog\/pagina-exemplo\/sobre-luciana-oliveira\/luciana-oliveira-avatar\/\" data-orig-file=\"https:\/\/i0.wp.com\/blogdalucianaoliveira.com.br\/blog\/wp-content\/uploads\/2016\/05\/luciana-oliveira-avatar-e1462225355645.jpg?fit=500%2C560\" data-orig-size=\"500,560\" data-comments-opened=\"1\" data-image-meta=\"{&quot;aperture&quot;:&quot;0&quot;,&quot;credit&quot;:&quot;&quot;,&quot;camera&quot;:&quot;&quot;,&quot;caption&quot;:&quot;&quot;,&quot;created_timestamp&quot;:&quot;0&quot;,&quot;copyright&quot;:&quot;&quot;,&quot;focal_length&quot;:&quot;0&quot;,&quot;iso&quot;:&quot;0&quot;,&quot;shutter_speed&quot;:&quot;0&quot;,&quot;title&quot;:&quot;&quot;,&quot;orientation&quot;:&quot;0&quot;}\" data-image-title=\"luciana-oliveira-avatar\" data-image-description=\"\" data-image-caption=\"\" data-medium-file=\"https:\/\/i0.wp.com\/blogdalucianaoliveira.com.br\/blog\/wp-content\/uploads\/2016\/05\/luciana-oliveira-avatar-e1462225355645.jpg?fit=268%2C300\" data-large-file=\"https:\/\/i0.wp.com\/blogdalucianaoliveira.com.br\/blog\/wp-content\/uploads\/2016\/05\/luciana-oliveira-avatar-e1462225355645.jpg?fit=500%2C560\" class=\"alignnone size-medium wp-image-37\" src=\"https:\/\/i0.wp.com\/blogdalucianaoliveira.com.br\/blog\/wp-content\/uploads\/2016\/05\/luciana-oliveira-avatar.jpg?resize=268%2C300\" alt=\"luciana-oliveira-avatar\" width=\"268\" height=\"300\" \/><\/p>\n<p>Num universo sem fronteiras, com tr\u00e1fego intenso de informa\u00e7\u00f5es e fluxo constante de leitores, lan\u00e7ar um blog \u00e9 um ato de coragem que s\u00f3 ousa quem inspira, respira e transpira fatos cotidianos sobre os quais n\u00e3o se cont\u00e9m em dar pitaco.<br \/>\n<!--more--><\/p>\n<p>Os blogueiros se multiplicam diariamente e quem ganha \u00e9 a sociedade que pode desfrutar do jornalismo independente e interagir com o ativismo digital.<\/p>\n<p>O avan\u00e7o da comunica\u00e7\u00e3o sem algemas mercadol\u00f3gicas que padronizam e tornam preponderante uma linha de pensamento ou modos de comportamento, como uma onda no mar, ningu\u00e9m segura. Tem coisa melhor pra quem vive num pa\u00eds cada vez mais conectado que a op\u00e7\u00e3o de ler algo que a grande m\u00eddia n\u00e3o mostra e numa linguagem que n\u00e3o seja metida a besta?<\/p>\n<p>A \u00faltima Pesquisa Brasileira de Internet feita no Brasil, confirmou que a TV ainda lidera como fonte de informa\u00e7\u00e3o e desinforma\u00e7\u00e3o, mas quase metade da popula\u00e7\u00e3o recorre \u00e0 internet e para 76% desse percentual a m\u00e9dia de uso \u00e9 de cinco horas di\u00e1rias.<\/p>\n<p>A sociedade digital, no entanto, \u00e9 exigente e prestigia os espa\u00e7os com uma linguagem mais informal, cr\u00edtica e bem humorada. O prop\u00f3sito deste blog \u00e9 ser coloquial, factual e independente. O modo de dizer com informalidade \u00e9 para que seja compreendido e provoque \u00e0 reflex\u00e3o e ao debate, especialmente os que n\u00e3o concordarem com o que for publicado. A que serve um texto ou imagem que n\u00e3o provoque d\u00favida, riso ou raiva?<\/p>\n<p>Como na m\u00eddia impressa e televisiva ser\u00e1 factual, mas sem perder a oportunidade de ati\u00e7ar a curiosidade do leitor para o que acontece e corre de boca em boca, mas ningu\u00e9m divulga.<\/p>\n<p>N\u00e3o \u00e9 f\u00e1cil estabelecer uma comunica\u00e7\u00e3o atrativa com tantas op\u00e7\u00f5es no mundo digital, mas a irrever\u00eancia, bom humor e independ\u00eancia podem selar um compromisso di\u00e1rio com o leitor.<\/p>\n<p>Sob a prote\u00e7\u00e3o da livre manifesta\u00e7\u00e3o do pensamento, este blog nasce comprometido com todas as causas sociais, com as massas e minorias e com a transforma\u00e7\u00e3o da realidade que privilegia poucos \u00e0 custa do desprezo de muitos. <span class=\"_5yl5\">\u00c9 como um v\u00f4mito, grito ou riso de algu\u00e9m decente quando um cretino ou mau-car\u00e1ter se d\u00e1 mal.<\/span><\/p>\n<p>\u00c9 o atalho que Sebasti\u00e3o Nery sugere quando a estrada n\u00e3o d\u00e1 caminho. \u201c\u00c9 o jeito de dizer, pela boca dos outros, o tornado indiz\u00edvel\u201d.<\/p>\n<p>Seja bem-vindo!<\/p>\n","protected":false},"excerpt":{"rendered":"<p>Num universo sem fronteiras, com tr\u00e1fego intenso de informa\u00e7\u00f5es e fluxo constante de leitores, lan\u00e7ar um blog \u00e9 um ato de coragem que s\u00f3 ousa quem inspira, respira e transpira fatos cotidianos sobre os quais n\u00e3o se cont\u00e9m em dar pitaco.<\/p>\n","protected":false},"author":1,"featured_media":0,"comment_status":"closed","ping_status":"open","sticky":false,"template":"","format":"standard","meta":{"_exactmetrics_skip_tracking":false,"_exactmetrics_sitenote_active":false,"_exactmetrics_sitenote_note":"","_exactmetrics_sitenote_category":0,"jetpack_post_was_ever_published":false,"_jetpack_newsletter_access":"","_jetpack_dont_email_post_to_subs":false,"_jetpack_newsletter_tier_id":0,"_jetpack_memberships_contains_paywalled_content":false,"_jetpack_memberships_contains_paid_content":false,"footnotes":"","jetpack_publicize_message":"","jetpack_publicize_feature_enabled":true,"jetpack_social_post_already_shared":false,"jetpack_social_options":{"image_generator_settings":{"template":"highway","enabled":false},"version":2}},"categories":[1],"tags":[16,15,6],"class_list":["post-50","post","type-post","status-publish","format-standard","hentry","category-notas","tag-blog","tag-internet","tag-opiniao"],"jetpack_publicize_connections":[],"jetpack_sharing_enabled":true,"jetpack_featured_media_url":"","jetpack_shortlink":"https:\/\/wp.me\/p7wKYW-O","jetpack-related-posts":[],"_links":{"self":[{"href":"http:\/\/blogdalucianaoliveira.com.br\/blog\/wp-json\/wp\/v2\/posts\/50","targetHints":{"allow":["GET"]}}],"collection":[{"href":"http:\/\/blogdalucianaoliveira.com.br\/blog\/wp-json\/wp\/v2\/posts"}],"about":[{"href":"http:\/\/blogdalucianaoliveira.com.br\/blog\/wp-json\/wp\/v2\/types\/post"}],"author":[{"embeddable":true,"href":"http:\/\/blogdalucianaoliveira.com.br\/blog\/wp-json\/wp\/v2\/users\/1"}],"replies":[{"embeddable":true,"href":"http:\/\/blogdalucianaoliveira.com.br\/blog\/wp-json\/wp\/v2\/comments?post=50"}],"version-history":[{"count":4,"href":"http:\/\/blogdalucianaoliveira.com.br\/blog\/wp-json\/wp\/v2\/posts\/50\/revisions"}],"predecessor-version":[{"id":75,"href":"http:\/\/blogdalucianaoliveira.com.br\/blog\/wp-json\/wp\/v2\/posts\/50\/revisions\/75"}],"wp:attachment":[{"href":"http:\/\/blogdalucianaoliveira.com.br\/blog\/wp-json\/wp\/v2\/media?parent=50"}],"wp:term":[{"taxonomy":"category","embeddable":true,"href":"http:\/\/blogdalucianaoliveira.com.br\/blog\/wp-json\/wp\/v2\/categories?post=50"},{"taxonomy":"post_tag","embeddable":true,"href":"http:\/\/blogdalucianaoliveira.com.br\/blog\/wp-json\/wp\/v2\/tags?post=50"}],"curies":[{"name":"wp","href":"https:\/\/api.w.org\/{rel}","templated":true}]}}