{"id":5256,"date":"2016-10-21T10:38:05","date_gmt":"2016-10-21T14:38:05","guid":{"rendered":"http:\/\/blogdalucianaoliveira.com.br\/blog\/?p=5256"},"modified":"2016-10-21T10:38:05","modified_gmt":"2016-10-21T14:38:05","slug":"mec-pede-que-dirigentes-delatem-alunos-que-ocupam-institutos-federais-pelo-pais","status":"publish","type":"post","link":"http:\/\/blogdalucianaoliveira.com.br\/blog\/2016\/10\/21\/mec-pede-que-dirigentes-delatem-alunos-que-ocupam-institutos-federais-pelo-pais\/","title":{"rendered":"MEC pede que dirigentes delatem alunos que ocupam institutos federais pelo pa\u00eds"},"content":{"rendered":"<p><img data-recalc-dims=\"1\" loading=\"lazy\" decoding=\"async\" data-attachment-id=\"5257\" data-permalink=\"http:\/\/blogdalucianaoliveira.com.br\/blog\/2016\/10\/21\/mec-pede-que-dirigentes-delatem-alunos-que-ocupam-institutos-federais-pelo-pais\/mec1\/\" data-orig-file=\"https:\/\/i0.wp.com\/blogdalucianaoliveira.com.br\/blog\/wp-content\/uploads\/2016\/10\/mec1.jpg?fit=640%2C360\" data-orig-size=\"640,360\" data-comments-opened=\"0\" data-image-meta=\"{&quot;aperture&quot;:&quot;0&quot;,&quot;credit&quot;:&quot;&quot;,&quot;camera&quot;:&quot;&quot;,&quot;caption&quot;:&quot;&quot;,&quot;created_timestamp&quot;:&quot;0&quot;,&quot;copyright&quot;:&quot;&quot;,&quot;focal_length&quot;:&quot;0&quot;,&quot;iso&quot;:&quot;0&quot;,&quot;shutter_speed&quot;:&quot;0&quot;,&quot;title&quot;:&quot;&quot;,&quot;orientation&quot;:&quot;0&quot;}\" data-image-title=\"mec1\" data-image-description=\"\" data-image-caption=\"\" data-medium-file=\"https:\/\/i0.wp.com\/blogdalucianaoliveira.com.br\/blog\/wp-content\/uploads\/2016\/10\/mec1.jpg?fit=300%2C169\" data-large-file=\"https:\/\/i0.wp.com\/blogdalucianaoliveira.com.br\/blog\/wp-content\/uploads\/2016\/10\/mec1.jpg?fit=600%2C338\" src=\"https:\/\/i0.wp.com\/blogdalucianaoliveira.com.br\/blog\/wp-content\/uploads\/2016\/10\/mec1.jpg?resize=600%2C338\" alt=\"mec1\" width=\"600\" height=\"338\" class=\"alignnone size-full wp-image-5257\" srcset=\"https:\/\/i0.wp.com\/blogdalucianaoliveira.com.br\/blog\/wp-content\/uploads\/2016\/10\/mec1.jpg?w=640 640w, https:\/\/i0.wp.com\/blogdalucianaoliveira.com.br\/blog\/wp-content\/uploads\/2016\/10\/mec1.jpg?resize=300%2C169 300w\" sizes=\"auto, (max-width: 600px) 100vw, 600px\" \/><\/p>\n<p>Lilian Campelo\/ Brasil de Fato<\/p>\n<p>Uma carta do Minist\u00e9rio da Educa\u00e7\u00e3o (MEC), endere\u00e7ada aos dirigentes da Rede Federal de Educa\u00e7\u00e3o Profissional e Tecnol\u00f3gica na \u00faltima quarta-feira (19), pede que os alunos que ocupam os institutos federais contr\u00e1rios \u00e0 implanta\u00e7\u00e3o da PEC 241, que limita o teto de gastos do governo nos pr\u00f3ximos 20 anos, e as reformas do ensino m\u00e9dio sejam identificados em um prazo de cinco dias. <!--more--><\/p>\n<p>A carta tornou-se p\u00fablica pelas redes sociais da Frente Brasil Popular, grupo que re\u00fane movimentos populares e sindicatos de trabalhadores. O texto tamb\u00e9m aponta que as institui\u00e7\u00f5es devem preservar o &#8220;acesso \u00e0s atividades curriculares, a integridade da comunidade acad\u00eamica, a incolumidade do patrim\u00f4nio p\u00fablico e, ainda, a imin\u00eancia da aplica\u00e7\u00e3o do Exame Nacional do Ensino M\u00e9dio (Enem)&#8221;. <\/p>\n<p>O MEC solicita ainda uma \u201cmanifesta\u00e7\u00e3o formal acerca da exist\u00eancia de eventual ocupa\u00e7\u00e3o dos espa\u00e7os f\u00edsicos das institui\u00e7\u00f5es\u201d. <\/p>\n<p>\u201c\u00c9 um procedimento alheio ao hist\u00f3rico das universidades e dos institutos federais. Isso nunca foi visto, pelo menos desde o per\u00edodo da ditadura militar. \u00c9 uma prova de que estamos caminhando para um per\u00edodo de exce\u00e7\u00e3o travestido de legalidade\u201d, afirma Daniel Valen\u00e7a, da Frente Brasil Popular.<\/p>\n<p>O pedido de identifica\u00e7\u00e3o dos alunos pelo Minist\u00e9rio da Educa\u00e7\u00e3o trouxe \u00e0 tona a possibilidade de que eles sejam punidos e perseguidos dentro das institui\u00e7\u00f5es. <\/p>\n<p>Segundo Daniel, \u201cnesse momento, n\u00e3o h\u00e1 quem n\u00e3o esteja exposto\u201d. Para o integrante da Frente Brasil Popular \u201cou se amplia o poder de press\u00e3o dos movimentos populares e sindicatos, ou passaremos por tempos mais dif\u00edceis, tanto de perda de direito, mas tamb\u00e9m de persegui\u00e7\u00e3o pol\u00edtica\u201d, aponta.  <\/p>\n<p>Em nota divulgada na tarde desta quinta-feira (20), o MEC afirma que \u201ch\u00e1 relatos que d\u00e3o conta da presen\u00e7a de pessoas que n\u00e3o pertencem \u00e0 comunidade dos instituto federais ocupados\u201d e, por isso, solicitou a identifica\u00e7\u00e3o dos alunos. O minist\u00e9rio disse que n\u00e3o ir\u00e1 interferir nas ocupa\u00e7\u00f5es.<\/p>\n<p>\u201cCabe aos reitores, diretores e servidores p\u00fablicos zelar pelo patrim\u00f4nio das entidades que dirigem\u201d, afirma a nota.<\/p>\n<p>Confira a carta:<\/p>\n<p><img data-recalc-dims=\"1\" loading=\"lazy\" decoding=\"async\" data-attachment-id=\"5258\" data-permalink=\"http:\/\/blogdalucianaoliveira.com.br\/blog\/2016\/10\/21\/mec-pede-que-dirigentes-delatem-alunos-que-ocupam-institutos-federais-pelo-pais\/mec\/\" data-orig-file=\"https:\/\/i0.wp.com\/blogdalucianaoliveira.com.br\/blog\/wp-content\/uploads\/2016\/10\/mec.jpg?fit=693%2C960\" data-orig-size=\"693,960\" data-comments-opened=\"0\" data-image-meta=\"{&quot;aperture&quot;:&quot;0&quot;,&quot;credit&quot;:&quot;&quot;,&quot;camera&quot;:&quot;&quot;,&quot;caption&quot;:&quot;&quot;,&quot;created_timestamp&quot;:&quot;0&quot;,&quot;copyright&quot;:&quot;&quot;,&quot;focal_length&quot;:&quot;0&quot;,&quot;iso&quot;:&quot;0&quot;,&quot;shutter_speed&quot;:&quot;0&quot;,&quot;title&quot;:&quot;&quot;,&quot;orientation&quot;:&quot;0&quot;}\" data-image-title=\"mec\" data-image-description=\"\" data-image-caption=\"\" data-medium-file=\"https:\/\/i0.wp.com\/blogdalucianaoliveira.com.br\/blog\/wp-content\/uploads\/2016\/10\/mec.jpg?fit=217%2C300\" data-large-file=\"https:\/\/i0.wp.com\/blogdalucianaoliveira.com.br\/blog\/wp-content\/uploads\/2016\/10\/mec.jpg?fit=600%2C831\" src=\"https:\/\/i0.wp.com\/blogdalucianaoliveira.com.br\/blog\/wp-content\/uploads\/2016\/10\/mec.jpg?resize=600%2C831\" alt=\"mec\" width=\"600\" height=\"831\" class=\"alignnone size-full wp-image-5258\" srcset=\"https:\/\/i0.wp.com\/blogdalucianaoliveira.com.br\/blog\/wp-content\/uploads\/2016\/10\/mec.jpg?w=693 693w, https:\/\/i0.wp.com\/blogdalucianaoliveira.com.br\/blog\/wp-content\/uploads\/2016\/10\/mec.jpg?resize=217%2C300 217w\" sizes=\"auto, (max-width: 600px) 100vw, 600px\" \/><\/p>\n","protected":false},"excerpt":{"rendered":"<p>Lilian Campelo\/ Brasil de Fato Uma carta do Minist\u00e9rio da Educa\u00e7\u00e3o (MEC), endere\u00e7ada aos dirigentes da Rede Federal de Educa\u00e7\u00e3o Profissional e Tecnol\u00f3gica na \u00faltima quarta-feira (19), pede que os alunos que ocupam os institutos federais contr\u00e1rios \u00e0 implanta\u00e7\u00e3o da PEC 241, que limita o teto de gastos do governo nos pr\u00f3ximos 20 anos, e&#8230;<a class=\"more-link\" href=\"http:\/\/blogdalucianaoliveira.com.br\/blog\/2016\/10\/21\/mec-pede-que-dirigentes-delatem-alunos-que-ocupam-institutos-federais-pelo-pais\/\">Continue a leitura <span class=\"meta-nav\">&raquo;<\/span><\/a><\/p>\n","protected":false},"author":1,"featured_media":0,"comment_status":"closed","ping_status":"open","sticky":false,"template":"","format":"standard","meta":{"_exactmetrics_skip_tracking":false,"_exactmetrics_sitenote_active":false,"_exactmetrics_sitenote_note":"","_exactmetrics_sitenote_category":0,"jetpack_post_was_ever_published":false,"_jetpack_newsletter_access":"","_jetpack_dont_email_post_to_subs":false,"_jetpack_newsletter_tier_id":0,"_jetpack_memberships_contains_paywalled_content":false,"_jetpack_memberships_contains_paid_content":false,"footnotes":"","jetpack_publicize_message":"","jetpack_publicize_feature_enabled":true,"jetpack_social_post_already_shared":true,"jetpack_social_options":{"image_generator_settings":{"template":"highway","enabled":false},"version":2}},"categories":[1],"tags":[],"class_list":["post-5256","post","type-post","status-publish","format-standard","hentry","category-notas"],"jetpack_publicize_connections":[],"jetpack_sharing_enabled":true,"jetpack_featured_media_url":"","jetpack_shortlink":"https:\/\/wp.me\/p7wKYW-1mM","jetpack-related-posts":[],"_links":{"self":[{"href":"http:\/\/blogdalucianaoliveira.com.br\/blog\/wp-json\/wp\/v2\/posts\/5256","targetHints":{"allow":["GET"]}}],"collection":[{"href":"http:\/\/blogdalucianaoliveira.com.br\/blog\/wp-json\/wp\/v2\/posts"}],"about":[{"href":"http:\/\/blogdalucianaoliveira.com.br\/blog\/wp-json\/wp\/v2\/types\/post"}],"author":[{"embeddable":true,"href":"http:\/\/blogdalucianaoliveira.com.br\/blog\/wp-json\/wp\/v2\/users\/1"}],"replies":[{"embeddable":true,"href":"http:\/\/blogdalucianaoliveira.com.br\/blog\/wp-json\/wp\/v2\/comments?post=5256"}],"version-history":[{"count":1,"href":"http:\/\/blogdalucianaoliveira.com.br\/blog\/wp-json\/wp\/v2\/posts\/5256\/revisions"}],"predecessor-version":[{"id":5259,"href":"http:\/\/blogdalucianaoliveira.com.br\/blog\/wp-json\/wp\/v2\/posts\/5256\/revisions\/5259"}],"wp:attachment":[{"href":"http:\/\/blogdalucianaoliveira.com.br\/blog\/wp-json\/wp\/v2\/media?parent=5256"}],"wp:term":[{"taxonomy":"category","embeddable":true,"href":"http:\/\/blogdalucianaoliveira.com.br\/blog\/wp-json\/wp\/v2\/categories?post=5256"},{"taxonomy":"post_tag","embeddable":true,"href":"http:\/\/blogdalucianaoliveira.com.br\/blog\/wp-json\/wp\/v2\/tags?post=5256"}],"curies":[{"name":"wp","href":"https:\/\/api.w.org\/{rel}","templated":true}]}}