{"id":5260,"date":"2016-10-21T10:48:55","date_gmt":"2016-10-21T14:48:55","guid":{"rendered":"http:\/\/blogdalucianaoliveira.com.br\/blog\/?p=5260"},"modified":"2016-10-21T10:51:03","modified_gmt":"2016-10-21T14:51:03","slug":"com-ifro-ocupado-aulas-estao-suspensas-na-instituicao-em-vilhena","status":"publish","type":"post","link":"http:\/\/blogdalucianaoliveira.com.br\/blog\/2016\/10\/21\/com-ifro-ocupado-aulas-estao-suspensas-na-instituicao-em-vilhena\/","title":{"rendered":"Com IFRO ocupado, aulas est\u00e3o suspensas na institui\u00e7\u00e3o em Vilhena"},"content":{"rendered":"<p><img data-recalc-dims=\"1\" loading=\"lazy\" decoding=\"async\" data-attachment-id=\"5261\" data-permalink=\"http:\/\/blogdalucianaoliveira.com.br\/blog\/2016\/10\/21\/com-ifro-ocupado-aulas-estao-suspensas-na-instituicao-em-vilhena\/img_6776\/\" data-orig-file=\"https:\/\/i0.wp.com\/blogdalucianaoliveira.com.br\/blog\/wp-content\/uploads\/2016\/10\/IMG_6776.jpg?fit=1280%2C720\" data-orig-size=\"1280,720\" data-comments-opened=\"0\" data-image-meta=\"{&quot;aperture&quot;:&quot;0&quot;,&quot;credit&quot;:&quot;&quot;,&quot;camera&quot;:&quot;&quot;,&quot;caption&quot;:&quot;&quot;,&quot;created_timestamp&quot;:&quot;0&quot;,&quot;copyright&quot;:&quot;&quot;,&quot;focal_length&quot;:&quot;0&quot;,&quot;iso&quot;:&quot;0&quot;,&quot;shutter_speed&quot;:&quot;0&quot;,&quot;title&quot;:&quot;&quot;,&quot;orientation&quot;:&quot;0&quot;}\" data-image-title=\"img_6776\" data-image-description=\"\" data-image-caption=\"\" data-medium-file=\"https:\/\/i0.wp.com\/blogdalucianaoliveira.com.br\/blog\/wp-content\/uploads\/2016\/10\/IMG_6776.jpg?fit=300%2C169\" data-large-file=\"https:\/\/i0.wp.com\/blogdalucianaoliveira.com.br\/blog\/wp-content\/uploads\/2016\/10\/IMG_6776.jpg?fit=600%2C338\" src=\"https:\/\/i0.wp.com\/blogdalucianaoliveira.com.br\/blog\/wp-content\/uploads\/2016\/10\/IMG_6776.jpg?resize=600%2C338\" alt=\"img_6776\" width=\"600\" height=\"338\" class=\"alignnone size-full wp-image-5261\" srcset=\"https:\/\/i0.wp.com\/blogdalucianaoliveira.com.br\/blog\/wp-content\/uploads\/2016\/10\/IMG_6776.jpg?w=1280 1280w, https:\/\/i0.wp.com\/blogdalucianaoliveira.com.br\/blog\/wp-content\/uploads\/2016\/10\/IMG_6776.jpg?resize=300%2C169 300w, https:\/\/i0.wp.com\/blogdalucianaoliveira.com.br\/blog\/wp-content\/uploads\/2016\/10\/IMG_6776.jpg?resize=768%2C432 768w, https:\/\/i0.wp.com\/blogdalucianaoliveira.com.br\/blog\/wp-content\/uploads\/2016\/10\/IMG_6776.jpg?resize=533%2C300 533w, https:\/\/i0.wp.com\/blogdalucianaoliveira.com.br\/blog\/wp-content\/uploads\/2016\/10\/IMG_6776.jpg?w=1200 1200w\" sizes=\"auto, (max-width: 600px) 100vw, 600px\" \/><\/p>\n<p>Outras 972 escolas est\u00e3o ocupadas no pa\u00eds pelo mesmo motivo, 3 delas em Rond\u00f4nia. Estudantes protestam contra aprova\u00e7\u00e3o da PEC 241<!--more--><\/p>\n<p>Do Folha do Sul<br \/>\nAutor: Herbert Weil<\/p>\n<p>Dezenas de estudantes est\u00e3o, desde a noite de ontem, impedindo a realiza\u00e7\u00e3o de aulas no campus do IFRO (Instituto Federal de Educa\u00e7\u00e3o, Ci\u00eancia e Tecnologia de Rond\u00f4nia) de Vilhena. A ocupa\u00e7\u00e3o da institui\u00e7\u00e3o \u00e9 a forma que os jovens encontraram de chamar a aten\u00e7\u00e3o para seu protesto contra a PEC 241. <\/p>\n<p>De acordo com a lideran\u00e7a do movimento, quase 90% dos estudantes do Instituto s\u00e3o favor\u00e1veis \u00e0 ocupa\u00e7\u00e3o. A lideran\u00e7a do movimento n\u00e3o estipulou prazo para a ocupa\u00e7\u00e3o acabar, mas esperam ver as exig\u00eancias atendidas.<\/p>\n<p>Embora o movimento esteja ligado aos protestos de rua realizadas neste m\u00eas, que reivindicaram v\u00e1rias exig\u00eancias, como a rejei\u00e7\u00e3o da PL 257, reavalia\u00e7\u00e3o das redu\u00e7\u00f5es de or\u00e7amento do IFRO, implanta\u00e7\u00e3o do passe livre e transporte p\u00fablico, inaugura\u00e7\u00e3o do centro de conviv\u00eancia no complexo e outra, a ocupa\u00e7\u00e3o se concentra com uma \u00fanica exig\u00eancia: a rejei\u00e7\u00e3o da PEC 241.<\/p>\n<p>Apenas 30% das atividades do campus devem continuar. Contudo, as aulas est\u00e3o suspensas. Alunos, professores e qualquer pessoa \u201cn\u00e3o-autorizada\u201d pela lideran\u00e7a do movimento ser\u00e3o impedidos de entrar. A FOLHA DO SUL foi o \u00fanico jornal que acompanhou a mobiliza\u00e7\u00e3o desde a quarta-feira a noite, quando um \u201caul\u00e3o p\u00fablico\u201d se revelou ser a declara\u00e7\u00e3o oficial de ocupa\u00e7\u00e3o do pr\u00e9dio.<\/p>\n<p>Segundo os l\u00edderes do movimento, \u201ca inten\u00e7\u00e3o \u00e9 chamar a aten\u00e7\u00e3o. Queremos que todos saibam que somos contra a PEC 241. A paralisa\u00e7\u00e3o \u00e9 legal e n\u00e3o tem nada de criminosa. Em v\u00e1rias cidades de S\u00e3o Paulo os alunos conseguiram resultados, porque n\u00e3o podemos conseguir aqui tamb\u00e9m? Basta acreditar\u201d. <\/p>\n<p>Muitos pais se manifestaram contra a ocupa\u00e7\u00e3o, outros garantiram apoio integral. A mesma situa\u00e7\u00e3o se deu entre os professores e a comunidade presente. O deputado federal Expedito Neto, \u00fanico parlamentar rondoniense que votou contra a PEC 241, enviou v\u00eddeo apoiando o movimento. <\/p>\n<p>Outra 972 escolas est\u00e3o ocupadas no pa\u00eds pelo mesmo motivo, 3 delas em Rond\u00f4nia. <\/p>\n","protected":false},"excerpt":{"rendered":"<p>Outras 972 escolas est\u00e3o ocupadas no pa\u00eds pelo mesmo motivo, 3 delas em Rond\u00f4nia. Estudantes protestam contra aprova\u00e7\u00e3o da PEC 241<\/p>\n","protected":false},"author":1,"featured_media":0,"comment_status":"closed","ping_status":"open","sticky":false,"template":"","format":"standard","meta":{"_exactmetrics_skip_tracking":false,"_exactmetrics_sitenote_active":false,"_exactmetrics_sitenote_note":"","_exactmetrics_sitenote_category":0,"jetpack_post_was_ever_published":false,"_jetpack_newsletter_access":"","_jetpack_dont_email_post_to_subs":false,"_jetpack_newsletter_tier_id":0,"_jetpack_memberships_contains_paywalled_content":false,"_jetpack_memberships_contains_paid_content":false,"footnotes":"","jetpack_publicize_message":"","jetpack_publicize_feature_enabled":true,"jetpack_social_post_already_shared":true,"jetpack_social_options":{"image_generator_settings":{"template":"highway","enabled":false},"version":2}},"categories":[1],"tags":[],"class_list":["post-5260","post","type-post","status-publish","format-standard","hentry","category-notas"],"jetpack_publicize_connections":[],"jetpack_sharing_enabled":true,"jetpack_featured_media_url":"","jetpack_shortlink":"https:\/\/wp.me\/p7wKYW-1mQ","jetpack-related-posts":[],"_links":{"self":[{"href":"http:\/\/blogdalucianaoliveira.com.br\/blog\/wp-json\/wp\/v2\/posts\/5260","targetHints":{"allow":["GET"]}}],"collection":[{"href":"http:\/\/blogdalucianaoliveira.com.br\/blog\/wp-json\/wp\/v2\/posts"}],"about":[{"href":"http:\/\/blogdalucianaoliveira.com.br\/blog\/wp-json\/wp\/v2\/types\/post"}],"author":[{"embeddable":true,"href":"http:\/\/blogdalucianaoliveira.com.br\/blog\/wp-json\/wp\/v2\/users\/1"}],"replies":[{"embeddable":true,"href":"http:\/\/blogdalucianaoliveira.com.br\/blog\/wp-json\/wp\/v2\/comments?post=5260"}],"version-history":[{"count":2,"href":"http:\/\/blogdalucianaoliveira.com.br\/blog\/wp-json\/wp\/v2\/posts\/5260\/revisions"}],"predecessor-version":[{"id":5263,"href":"http:\/\/blogdalucianaoliveira.com.br\/blog\/wp-json\/wp\/v2\/posts\/5260\/revisions\/5263"}],"wp:attachment":[{"href":"http:\/\/blogdalucianaoliveira.com.br\/blog\/wp-json\/wp\/v2\/media?parent=5260"}],"wp:term":[{"taxonomy":"category","embeddable":true,"href":"http:\/\/blogdalucianaoliveira.com.br\/blog\/wp-json\/wp\/v2\/categories?post=5260"},{"taxonomy":"post_tag","embeddable":true,"href":"http:\/\/blogdalucianaoliveira.com.br\/blog\/wp-json\/wp\/v2\/tags?post=5260"}],"curies":[{"name":"wp","href":"https:\/\/api.w.org\/{rel}","templated":true}]}}