{"id":5270,"date":"2016-10-22T11:16:02","date_gmt":"2016-10-22T15:16:02","guid":{"rendered":"http:\/\/blogdalucianaoliveira.com.br\/blog\/?p=5270"},"modified":"2016-10-22T11:16:02","modified_gmt":"2016-10-22T15:16:02","slug":"leo-moraes-eleva-o-tom-e-cobra-participacao-do-adversario-em-debates","status":"publish","type":"post","link":"http:\/\/blogdalucianaoliveira.com.br\/blog\/2016\/10\/22\/leo-moraes-eleva-o-tom-e-cobra-participacao-do-adversario-em-debates\/","title":{"rendered":"L\u00c9O MORAES ELEVA O TOM E COBRA PARTICIPA\u00c7\u00c3O DO ADVERS\u00c1RIO EM DEBATES"},"content":{"rendered":"<p><img data-recalc-dims=\"1\" loading=\"lazy\" decoding=\"async\" data-attachment-id=\"5271\" data-permalink=\"http:\/\/blogdalucianaoliveira.com.br\/blog\/2016\/10\/22\/leo-moraes-eleva-o-tom-e-cobra-participacao-do-adversario-em-debates\/img_6807\/\" data-orig-file=\"https:\/\/i0.wp.com\/blogdalucianaoliveira.com.br\/blog\/wp-content\/uploads\/2016\/10\/IMG_6807.jpg?fit=1032%2C581\" data-orig-size=\"1032,581\" data-comments-opened=\"0\" data-image-meta=\"{&quot;aperture&quot;:&quot;0&quot;,&quot;credit&quot;:&quot;&quot;,&quot;camera&quot;:&quot;&quot;,&quot;caption&quot;:&quot;&quot;,&quot;created_timestamp&quot;:&quot;0&quot;,&quot;copyright&quot;:&quot;&quot;,&quot;focal_length&quot;:&quot;0&quot;,&quot;iso&quot;:&quot;0&quot;,&quot;shutter_speed&quot;:&quot;0&quot;,&quot;title&quot;:&quot;&quot;,&quot;orientation&quot;:&quot;0&quot;}\" data-image-title=\"img_6807\" data-image-description=\"\" data-image-caption=\"\" data-medium-file=\"https:\/\/i0.wp.com\/blogdalucianaoliveira.com.br\/blog\/wp-content\/uploads\/2016\/10\/IMG_6807.jpg?fit=300%2C169\" data-large-file=\"https:\/\/i0.wp.com\/blogdalucianaoliveira.com.br\/blog\/wp-content\/uploads\/2016\/10\/IMG_6807.jpg?fit=600%2C338\" src=\"https:\/\/i0.wp.com\/blogdalucianaoliveira.com.br\/blog\/wp-content\/uploads\/2016\/10\/IMG_6807.jpg?resize=600%2C338\" alt=\"img_6807\" width=\"600\" height=\"338\" class=\"alignnone size-full wp-image-5271\" srcset=\"https:\/\/i0.wp.com\/blogdalucianaoliveira.com.br\/blog\/wp-content\/uploads\/2016\/10\/IMG_6807.jpg?w=1032 1032w, https:\/\/i0.wp.com\/blogdalucianaoliveira.com.br\/blog\/wp-content\/uploads\/2016\/10\/IMG_6807.jpg?resize=300%2C169 300w, https:\/\/i0.wp.com\/blogdalucianaoliveira.com.br\/blog\/wp-content\/uploads\/2016\/10\/IMG_6807.jpg?resize=768%2C432 768w, https:\/\/i0.wp.com\/blogdalucianaoliveira.com.br\/blog\/wp-content\/uploads\/2016\/10\/IMG_6807.jpg?resize=533%2C300 533w\" sizes=\"auto, (max-width: 600px) 100vw, 600px\" \/><\/p>\n<p>Pelas contas do candidato L\u00e9o Moraes (PTB) \u00e9 a quinta vez que seu advers\u00e1rio na disputa pela prefeitura de Porto Velho alega falta de agenda para estar num debate.<!--more--><\/p>\n<p>Na oportunidade de confronto oferecida pela r\u00e1dio Cultura neste s\u00e1bado (22), L\u00e9o Moraes denunciou o preju\u00edzo que a aus\u00eancia de Hildon causa ao processo eleitoral democr\u00e1tico.<\/p>\n<p>Antes mesmo de iniciar a entrevista, em transmiss\u00e3o ao vivo pelo Facebook, o petebista mandou o recado:<\/p>\n<p>\u201cQuero deixar aqui minha manifesta\u00e7\u00e3o de protesto, de rep\u00fadio! \u00c9 muito f\u00e1cil se fazer de v\u00edtima, ficar ai inventando est\u00f3rias, se colocando como v\u00edtima do processo. N\u00e3o fui eu que critiquei todos os candidatos no primeiro turno, que acusei. Eu apresentei propostas! Nunca fugi de um debate, nem de uma discuss\u00e3o com a popula\u00e7\u00e3o de Porto Velho. Por que voc\u00ea foge de debates?\u201d <\/p>\n<p>Sem titubear, repetiu tr\u00eas vezes: \u201cExplica Hildon! Explica Hildon! Explica Hildon!<\/p>\n<p>Por duas horas, em entrevista com o jornalista Jotta J\u00fanior, o candidato L\u00e9o Moraes apresentou suas propostas para todas as \u00e1reas do munic\u00edpio e respondeu \u00e0s perguntas dos ouvintes. <\/p>\n<p>Entre um bloco e outro, elevou o tom contra o advers\u00e1rio que se apresenta como novidade na pol\u00edtica e diz ter dispensado apoio partid\u00e1rio no segundo turno.<\/p>\n<p>\u201cMeu projeto pol\u00edtico n\u00e3o nasceu em gabinete de senador! Me preparei, provei compet\u00eancia como vereador e deputado e conhe\u00e7o a cidade.\u201d<\/p>\n<p>O candidato Hildon Chaves sumiu dos debates, ap\u00f3s alguns ve\u00edculos de comunica\u00e7\u00e3o denunciarem a sociedade que integra com a esposa do presidente do PSDB (RO), o senador cassado, Expedito J\u00fanior. Uma empresa estabelecida no Rio de Janeiro, que segundo informou o candidato tucano nunca chegou a funcionar, mas sem mant\u00e9m \u201csem movimento\u201d.<\/p>\n<p>O debate ao vivo substitui a formalidade pela espontaneidade e permite aos candidatos discutir, apresentar argumentos e contra-argumentos acerca de um tema de interesse coletivo. <\/p>\n<p>Numa campanha pol\u00edtica \u00e9 o confronto de ideias que proporciona maior liberdade aos candidatos para convencer o eleitor.<\/p>\n<p>O vice-governador, Daniel Pereira que acompanhou debates anteriores estava presente na r\u00e1dio Cultura.<\/p>\n<p>A uma semana da vota\u00e7\u00e3o que determinar\u00e1 o futuro da capital, L\u00e9o Moraes sentenciou: \u201cum candidato que n\u00e3o participa de debates, n\u00e3o tem compet\u00eancia para administrar a cidade\u201d.<\/p>\n","protected":false},"excerpt":{"rendered":"<p>Pelas contas do candidato L\u00e9o Moraes (PTB) \u00e9 a quinta vez que seu advers\u00e1rio na disputa pela prefeitura de Porto Velho alega falta de agenda para estar num debate.<\/p>\n","protected":false},"author":1,"featured_media":0,"comment_status":"closed","ping_status":"open","sticky":false,"template":"","format":"standard","meta":{"_exactmetrics_skip_tracking":false,"_exactmetrics_sitenote_active":false,"_exactmetrics_sitenote_note":"","_exactmetrics_sitenote_category":0,"jetpack_post_was_ever_published":false,"_jetpack_newsletter_access":"","_jetpack_dont_email_post_to_subs":false,"_jetpack_newsletter_tier_id":0,"_jetpack_memberships_contains_paywalled_content":false,"_jetpack_memberships_contains_paid_content":false,"footnotes":"","jetpack_publicize_message":"","jetpack_publicize_feature_enabled":true,"jetpack_social_post_already_shared":true,"jetpack_social_options":{"image_generator_settings":{"template":"highway","enabled":false},"version":2}},"categories":[1],"tags":[],"class_list":["post-5270","post","type-post","status-publish","format-standard","hentry","category-notas"],"jetpack_publicize_connections":[],"jetpack_sharing_enabled":true,"jetpack_featured_media_url":"","jetpack_shortlink":"https:\/\/wp.me\/p7wKYW-1n0","jetpack-related-posts":[],"_links":{"self":[{"href":"http:\/\/blogdalucianaoliveira.com.br\/blog\/wp-json\/wp\/v2\/posts\/5270","targetHints":{"allow":["GET"]}}],"collection":[{"href":"http:\/\/blogdalucianaoliveira.com.br\/blog\/wp-json\/wp\/v2\/posts"}],"about":[{"href":"http:\/\/blogdalucianaoliveira.com.br\/blog\/wp-json\/wp\/v2\/types\/post"}],"author":[{"embeddable":true,"href":"http:\/\/blogdalucianaoliveira.com.br\/blog\/wp-json\/wp\/v2\/users\/1"}],"replies":[{"embeddable":true,"href":"http:\/\/blogdalucianaoliveira.com.br\/blog\/wp-json\/wp\/v2\/comments?post=5270"}],"version-history":[{"count":2,"href":"http:\/\/blogdalucianaoliveira.com.br\/blog\/wp-json\/wp\/v2\/posts\/5270\/revisions"}],"predecessor-version":[{"id":5273,"href":"http:\/\/blogdalucianaoliveira.com.br\/blog\/wp-json\/wp\/v2\/posts\/5270\/revisions\/5273"}],"wp:attachment":[{"href":"http:\/\/blogdalucianaoliveira.com.br\/blog\/wp-json\/wp\/v2\/media?parent=5270"}],"wp:term":[{"taxonomy":"category","embeddable":true,"href":"http:\/\/blogdalucianaoliveira.com.br\/blog\/wp-json\/wp\/v2\/categories?post=5270"},{"taxonomy":"post_tag","embeddable":true,"href":"http:\/\/blogdalucianaoliveira.com.br\/blog\/wp-json\/wp\/v2\/tags?post=5270"}],"curies":[{"name":"wp","href":"https:\/\/api.w.org\/{rel}","templated":true}]}}