{"id":5295,"date":"2016-10-23T19:48:43","date_gmt":"2016-10-23T23:48:43","guid":{"rendered":"http:\/\/blogdalucianaoliveira.com.br\/blog\/?p=5295"},"modified":"2016-10-23T19:48:43","modified_gmt":"2016-10-23T23:48:43","slug":"temer-no-palacio-e-cunha-no-presidio","status":"publish","type":"post","link":"http:\/\/blogdalucianaoliveira.com.br\/blog\/2016\/10\/23\/temer-no-palacio-e-cunha-no-presidio\/","title":{"rendered":"Temer no pal\u00e1cio e Cunha no pres\u00eddio"},"content":{"rendered":"<p><img data-recalc-dims=\"1\" loading=\"lazy\" decoding=\"async\" data-attachment-id=\"5296\" data-permalink=\"http:\/\/blogdalucianaoliveira.com.br\/blog\/2016\/10\/23\/temer-no-palacio-e-cunha-no-presidio\/palacio\/\" data-orig-file=\"https:\/\/i0.wp.com\/blogdalucianaoliveira.com.br\/blog\/wp-content\/uploads\/2016\/10\/palacio.jpg?fit=490%2C280\" data-orig-size=\"490,280\" data-comments-opened=\"0\" data-image-meta=\"{&quot;aperture&quot;:&quot;0&quot;,&quot;credit&quot;:&quot;&quot;,&quot;camera&quot;:&quot;&quot;,&quot;caption&quot;:&quot;&quot;,&quot;created_timestamp&quot;:&quot;0&quot;,&quot;copyright&quot;:&quot;&quot;,&quot;focal_length&quot;:&quot;0&quot;,&quot;iso&quot;:&quot;0&quot;,&quot;shutter_speed&quot;:&quot;0&quot;,&quot;title&quot;:&quot;&quot;,&quot;orientation&quot;:&quot;0&quot;}\" data-image-title=\"palacio\" data-image-description=\"\" data-image-caption=\"\" data-medium-file=\"https:\/\/i0.wp.com\/blogdalucianaoliveira.com.br\/blog\/wp-content\/uploads\/2016\/10\/palacio.jpg?fit=300%2C171\" data-large-file=\"https:\/\/i0.wp.com\/blogdalucianaoliveira.com.br\/blog\/wp-content\/uploads\/2016\/10\/palacio.jpg?fit=490%2C280\" src=\"https:\/\/i0.wp.com\/blogdalucianaoliveira.com.br\/blog\/wp-content\/uploads\/2016\/10\/palacio.jpg?resize=490%2C280\" alt=\"palacio\" width=\"490\" height=\"280\" class=\"alignnone size-full wp-image-5296\" srcset=\"https:\/\/i0.wp.com\/blogdalucianaoliveira.com.br\/blog\/wp-content\/uploads\/2016\/10\/palacio.jpg?w=490 490w, https:\/\/i0.wp.com\/blogdalucianaoliveira.com.br\/blog\/wp-content\/uploads\/2016\/10\/palacio.jpg?resize=300%2C171 300w\" sizes=\"auto, (max-width: 490px) 100vw, 490px\" \/><\/p>\n<p>LAUREZ CERQUEIRA<br \/>\nNo 247<\/p>\n<p>O barulho do ferrolho da grade ao fechar a porta da cela onde reside agora o ex-poderoso presidente da C\u00e2mara, Eduardo Cunha, deve estar ecoando nas profundezas da consci\u00eancia dele.<!--more--><\/p>\n<p>Se havia o plano de derrubar Dilma e em seguida estancar as investiga\u00e7\u00f5es, se safar das a\u00e7\u00f5es na justi\u00e7a, continuar comandando o conglomerado de lobbies de corpora\u00e7\u00f5es empresariais e eleger quem quisesse com uma montanha de dinheiro de propinas, parece que deram com os burros n&#8217;\u00e1gua.<\/p>\n<p>Temer est\u00e1 no Pal\u00e1cio, mas Cunha no pres\u00eddio.<\/p>\n<p>Ao olhar ao redor dentro da cela, Cunha deve ter ca\u00eddo na real e percebido que, tudo bem, sua pris\u00e3o n\u00e3o teve espet\u00e1culo, n\u00e3o teve algemas, mas s\u00f3 restou-lhe a dela\u00e7\u00e3o premiada e nada mais.<\/p>\n<p>O ferrolho da porta da cela lacrou a carreira pol\u00edtica de Cunha. Tudo indica que todos os compromissos que ele tinha no meio pol\u00edtico zeraram. N\u00e3o h\u00e1 mais perspectiva de volta ao cen\u00e1rio do poder.<\/p>\n<p>Cunha vai cuidar da pele dele e da pele da sua fam\u00edlia. J\u00e1 contratou um advogado especialista em dela\u00e7\u00e3o premiada. Por isso o Pal\u00e1cio do Planalto foi tomado pelo sentimento de interinidade. Tudo pode acontecer.<\/p>\n<p>Imagina se Cunha resolver divulgar grava\u00e7\u00f5es que por ventura fez para se proteger, ou de todos os encontros que teve em tratativas com pol\u00edticos, magistrados, policiais, jornalistas, empres\u00e1rios, durante todo o per\u00edodo que atuou como operador de lobbyes no Congresso Nacional e nos governos.<\/p>\n<p>Curiosamente, ao inv\u00e9s de apenas os pol\u00edticos mais ligados a Cunha estarem suando frio, de medo, comentaristas, porta-vozes dos bar\u00f5es da m\u00eddia, tamb\u00e9m est\u00e3o roendo as unhas. Come\u00e7aram a desqualificar o instituto da dela\u00e7\u00e3o premiada.<\/p>\n<p>Reinaldo Azevedo, o mais rabugento deles, em sua coluna, demonstrou estar em p\u00e2nico com um poss\u00edvel acordo de dela\u00e7\u00e3o premiada de Eduardo Cunha. Estranho, n\u00e3o?<\/p>\n<p>De todos os ramais do propinoduto investigado pela Opera\u00e7\u00e3o Lava-Jato, os do Porto de Santos e de Furnas devem estar tirando o sono de Michel Temer, Elizeu Padilha, seu bra\u00e7o direito na Casa Civil, e de A\u00e9cio Neves.<\/p>\n<p>A famosa \u201cemenda Tio Patinhas\u201d, pendurada como um jabuti na Medida Provis\u00f3ria dos Portos, em 2013, sob comando de Eduardo Cunha, quando era l\u00edder da bancada do PMDB, na C\u00e2mara, resultou em gordas doa\u00e7\u00f5es de campanha eleitoral, do Grupo Libra, que opera no Porto de Santos, para eleger Temer Vice-Presidente da Rep\u00fablica e deputados do partido dele. Esse \u00e9 apenas um exemplo do que Eduardo Cunha pode querer delatar. Sem falar nos rolos da Petrobras e outros setores.<\/p>\n<p>Mas isso, perto das investiga\u00e7\u00f5es sobre esc\u00e2ndalos no Porto de Santos \u00e9 pouco. A influ\u00eancia e as nomea\u00e7\u00f5es de Temer no Porto de Santos s\u00e3o velhas conhecidas da Pol\u00edcia Federal, do Minist\u00e9rio P\u00fablico, do Judici\u00e1rio e da impressa, desde o tempo que Eliseu Padilha era Ministro dos Transportes do governo Fernando Henrique. Os processos est\u00e3o parados desde ent\u00e3o.<\/p>\n<p>Os ministros Moreira Franco, Eliseu Padilha e o Presidente da C\u00e2mara, Marco Maia, est\u00e3o atravessados na garganta de Cunha desde o acachapante placar de 450 votos a 10, na vota\u00e7\u00e3o que cassou o mandato dele.<\/p>\n<p>Cunha deve ter se sentindo usado e descartado como baga\u00e7o de laranja. Chegou a hora da vingan\u00e7a e ele sabe, como ningu\u00e9m, servi-la em banquete aos inimigos. Para quem elegeu mais de 200 parlamentares e mantinha sob seu tac\u00e3o, obter apenas 10 votos fi\u00e9is na vota\u00e7\u00e3o n\u00e3o \u00e9 para menos.<\/p>\n<p>A\u00e9cio sumiu. Fugiu da imprensa quando foi indagado sobre a pris\u00e3o de Cunha. Ele sabe que a represa dos esc\u00e2ndalos de Furnas, em Minas, est\u00e1 rachada, prestes a ser rompida com uma dela\u00e7\u00e3o de Cunha e a lama descer\u00e1 com ele morro abaixo.<\/p>\n<p>\u00c9 poss\u00edvel que desta vez a Funda\u00e7\u00e3o Bogard &#038; Taylor, sediada na capital Vaduz, no Liechtenstein, o mais fechado para\u00edso fiscal do mundo, venha \u00e0 tona. At\u00e9 agora conseguiram mant\u00ea-la debaixo de sete chaves.<\/p>\n<p>Documentos em poder da Pol\u00edcia Federal, constantes de uma pasta amarela, de n\u00famero 41, apreendida no escrit\u00f3rio e na resid\u00eancia do doleiro Robert Muller, no Rio de Janeiro, provam que ele abriu uma conta secreta, de nome Bogard &#038; Taylor, num banco no para\u00edso fiscal em Vaduz.<\/p>\n<p>Segundo os documentos, o nome da conta teria sido escolhido por In\u00eas Maria Neves Faria, m\u00e3e e s\u00f3cia de A\u00e9cio Neves. Qual finalidade de uma conta de uma funda\u00e7\u00e3o dessa num para\u00edso fiscal?<\/p>\n<p>Segundo reportagem da revista \u00c9poca, https:\/\/goo.gl\/KmunYw, a apreens\u00e3o dos documentos comprobat\u00f3rios da conta secreta foi realizada no dia 08 de fevereiro de 2007, numa opera\u00e7\u00e3o da Pol\u00edcia Federal. De l\u00e1 para c\u00e1, o assunto dorme pesado sono nos arquivos do Minist\u00e9rio P\u00fablico Federal.<\/p>\n<p>O doleiro \u00e9 um velho conhecido da Pol\u00edcia Federal, processado por crimes contra o sistema financeiro e fraude cambial. Ele comandava uma das maiores redes banc\u00e1rias clandestinas, nos anos 1990, no Rio de Janeiro, segundo a revista.<\/p>\n<p>O pa\u00eds est\u00e1 parado h\u00e1 mais de dois anos enredado no golpe, agora nas m\u00e3os de um incompetente, rejeitado por cerca de 70% dos brasileiros, segundo pesquisas, prestes a ver seu arremedo de governo desabar. Um governo que s\u00f3 pensa em privatizar, subtrair direitos sociais e desfazer o que estava sendo feito.<\/p>\n<p>Os investidores est\u00e3o sem horizonte, arredios, enquanto a economia afunda e o desemprego dispara. Por mais que se anuncie a venda do patrim\u00f4nio p\u00fablico, ningu\u00e9m aposta uma pataca sequer no governo Temer. O risco Temer \u00e9 o impasse.<\/p>\n","protected":false},"excerpt":{"rendered":"<p>LAUREZ CERQUEIRA No 247 O barulho do ferrolho da grade ao fechar a porta da cela onde reside agora o ex-poderoso presidente da C\u00e2mara, Eduardo Cunha, deve estar ecoando nas profundezas da consci\u00eancia dele.<\/p>\n","protected":false},"author":1,"featured_media":0,"comment_status":"closed","ping_status":"open","sticky":false,"template":"","format":"standard","meta":{"_exactmetrics_skip_tracking":false,"_exactmetrics_sitenote_active":false,"_exactmetrics_sitenote_note":"","_exactmetrics_sitenote_category":0,"jetpack_post_was_ever_published":false,"_jetpack_newsletter_access":"","_jetpack_dont_email_post_to_subs":false,"_jetpack_newsletter_tier_id":0,"_jetpack_memberships_contains_paywalled_content":false,"_jetpack_memberships_contains_paid_content":false,"footnotes":"","jetpack_publicize_message":"","jetpack_publicize_feature_enabled":true,"jetpack_social_post_already_shared":true,"jetpack_social_options":{"image_generator_settings":{"template":"highway","enabled":false},"version":2}},"categories":[1],"tags":[],"class_list":["post-5295","post","type-post","status-publish","format-standard","hentry","category-notas"],"jetpack_publicize_connections":[],"jetpack_sharing_enabled":true,"jetpack_featured_media_url":"","jetpack_shortlink":"https:\/\/wp.me\/p7wKYW-1np","jetpack-related-posts":[],"_links":{"self":[{"href":"http:\/\/blogdalucianaoliveira.com.br\/blog\/wp-json\/wp\/v2\/posts\/5295","targetHints":{"allow":["GET"]}}],"collection":[{"href":"http:\/\/blogdalucianaoliveira.com.br\/blog\/wp-json\/wp\/v2\/posts"}],"about":[{"href":"http:\/\/blogdalucianaoliveira.com.br\/blog\/wp-json\/wp\/v2\/types\/post"}],"author":[{"embeddable":true,"href":"http:\/\/blogdalucianaoliveira.com.br\/blog\/wp-json\/wp\/v2\/users\/1"}],"replies":[{"embeddable":true,"href":"http:\/\/blogdalucianaoliveira.com.br\/blog\/wp-json\/wp\/v2\/comments?post=5295"}],"version-history":[{"count":1,"href":"http:\/\/blogdalucianaoliveira.com.br\/blog\/wp-json\/wp\/v2\/posts\/5295\/revisions"}],"predecessor-version":[{"id":5297,"href":"http:\/\/blogdalucianaoliveira.com.br\/blog\/wp-json\/wp\/v2\/posts\/5295\/revisions\/5297"}],"wp:attachment":[{"href":"http:\/\/blogdalucianaoliveira.com.br\/blog\/wp-json\/wp\/v2\/media?parent=5295"}],"wp:term":[{"taxonomy":"category","embeddable":true,"href":"http:\/\/blogdalucianaoliveira.com.br\/blog\/wp-json\/wp\/v2\/categories?post=5295"},{"taxonomy":"post_tag","embeddable":true,"href":"http:\/\/blogdalucianaoliveira.com.br\/blog\/wp-json\/wp\/v2\/tags?post=5295"}],"curies":[{"name":"wp","href":"https:\/\/api.w.org\/{rel}","templated":true}]}}