{"id":5307,"date":"2016-10-24T10:17:49","date_gmt":"2016-10-24T14:17:49","guid":{"rendered":"http:\/\/blogdalucianaoliveira.com.br\/blog\/?p=5307"},"modified":"2016-10-24T11:17:21","modified_gmt":"2016-10-24T15:17:21","slug":"agora-sim-debate-deve-focar-so-em-propostas-hildon-assume-e-sociedade-com-grupo-politico","status":"publish","type":"post","link":"http:\/\/blogdalucianaoliveira.com.br\/blog\/2016\/10\/24\/agora-sim-debate-deve-focar-so-em-propostas-hildon-assume-e-sociedade-com-grupo-politico\/","title":{"rendered":"AGORA SIM, DEBATE DEVE FOCAR S\u00d3 EM PROPOSTAS. HILDON ASSUME AMIZADE E SOCIEDADE COM GRUPO POL\u00cdTICO"},"content":{"rendered":"<p><img data-recalc-dims=\"1\" loading=\"lazy\" decoding=\"async\" data-attachment-id=\"5309\" data-permalink=\"http:\/\/blogdalucianaoliveira.com.br\/blog\/2016\/10\/24\/agora-sim-debate-deve-focar-so-em-propostas-hildon-assume-e-sociedade-com-grupo-politico\/hildo\/\" data-orig-file=\"https:\/\/i0.wp.com\/blogdalucianaoliveira.com.br\/blog\/wp-content\/uploads\/2016\/10\/hildo.jpg?fit=615%2C316\" data-orig-size=\"615,316\" data-comments-opened=\"0\" data-image-meta=\"{&quot;aperture&quot;:&quot;0&quot;,&quot;credit&quot;:&quot;&quot;,&quot;camera&quot;:&quot;&quot;,&quot;caption&quot;:&quot;&quot;,&quot;created_timestamp&quot;:&quot;0&quot;,&quot;copyright&quot;:&quot;&quot;,&quot;focal_length&quot;:&quot;0&quot;,&quot;iso&quot;:&quot;0&quot;,&quot;shutter_speed&quot;:&quot;0&quot;,&quot;title&quot;:&quot;&quot;,&quot;orientation&quot;:&quot;0&quot;}\" data-image-title=\"hildo\" data-image-description=\"\" data-image-caption=\"\" data-medium-file=\"https:\/\/i0.wp.com\/blogdalucianaoliveira.com.br\/blog\/wp-content\/uploads\/2016\/10\/hildo.jpg?fit=300%2C154\" data-large-file=\"https:\/\/i0.wp.com\/blogdalucianaoliveira.com.br\/blog\/wp-content\/uploads\/2016\/10\/hildo.jpg?fit=600%2C308\" src=\"https:\/\/i0.wp.com\/blogdalucianaoliveira.com.br\/blog\/wp-content\/uploads\/2016\/10\/hildo.jpg?resize=600%2C308\" alt=\"hildo\" width=\"600\" height=\"308\" class=\"alignnone size-full wp-image-5309\" srcset=\"https:\/\/i0.wp.com\/blogdalucianaoliveira.com.br\/blog\/wp-content\/uploads\/2016\/10\/hildo.jpg?w=615 615w, https:\/\/i0.wp.com\/blogdalucianaoliveira.com.br\/blog\/wp-content\/uploads\/2016\/10\/hildo.jpg?resize=300%2C154 300w, https:\/\/i0.wp.com\/blogdalucianaoliveira.com.br\/blog\/wp-content\/uploads\/2016\/10\/hildo.jpg?resize=584%2C300 584w\" sizes=\"auto, (max-width: 600px) 100vw, 600px\" \/><\/p>\n<p>\u00c9 uma pena que a disputa eleitoral n\u00e3o tenha se dado s\u00f3 no campo das propostas, mas a sociedade precisa conhecer verdadeiramente os candidatos para que elas fa\u00e7am sentido. <\/p>\n<p>O debate na Record n\u00e3o agradou de um modo geral, mas nivelou por baixo os candidatos, pondo fim a estrat\u00e9gia de vitimiza\u00e7\u00e3o por ataques pessoais. <!--more--><\/p>\n<p>No que diz respeito a tratar de assuntos que nada t\u00eam a ver com a prefeitura de Porto Velho, Hildon Chaves foi rasteiro ao cobrar do advers\u00e1rio a inscri\u00e7\u00e3o na OAB e ao afirmar que filhos herdam por DNA os erros cometidos pelos pais.<\/p>\n<p>Hildon apelou a idiotices que desmontam seu t\u00e3o alardeado grau de superioridade intelectual ao fugir completamente do campo da racionalidade.<\/p>\n<p>Por mais que o debate tenha desagradado nos primeiros tr\u00eas blocos, cumpriu a finalidade de revelar o que venho denunciando desde o in\u00edcio a corrida eleitoral.<\/p>\n<p>Agora o senador cassado Expedito J\u00fanior pode aparecer na campanha, pois Hildon admitiu que \u00e9 amigo e s\u00f3cio da sua esposa numa empresa no Rio de Janeiro. Os amigos e s\u00f3cios ningu\u00e9m transfere ou herda, mas escolhe.<\/p>\n<div style=\"width: 600px;\" class=\"wp-video\"><video class=\"wp-video-shortcode\" id=\"video-5307-1\" width=\"600\" height=\"338\" preload=\"metadata\" controls=\"controls\"><source type=\"video\/mp4\" src=\"http:\/\/blogdalucianaoliveira.com.br\/blog\/wp-content\/uploads\/2016\/10\/IMG_6919.mp4?_=1\" \/><a href=\"http:\/\/blogdalucianaoliveira.com.br\/blog\/wp-content\/uploads\/2016\/10\/IMG_6919.mp4\">http:\/\/blogdalucianaoliveira.com.br\/blog\/wp-content\/uploads\/2016\/10\/IMG_6919.mp4<\/a><\/video><\/div>\n<p>O quanto essa sociedade o envergonha, \u2018queima seu filme\u2019, fica expl\u00edcito na aus\u00eancia em campanha, do amigo, s\u00f3cio, ex-senador, presidente do partido no estado, que at\u00e9 foi ao segundo turno na elei\u00e7\u00e3o para o governo em 2014.<\/p>\n<p><img data-recalc-dims=\"1\" loading=\"lazy\" decoding=\"async\" data-attachment-id=\"5308\" data-permalink=\"http:\/\/blogdalucianaoliveira.com.br\/blog\/2016\/10\/24\/agora-sim-debate-deve-focar-so-em-propostas-hildon-assume-e-sociedade-com-grupo-politico\/expedito2\/\" data-orig-file=\"https:\/\/i0.wp.com\/blogdalucianaoliveira.com.br\/blog\/wp-content\/uploads\/2016\/10\/expedito2.jpg?fit=600%2C398\" data-orig-size=\"600,398\" data-comments-opened=\"0\" data-image-meta=\"{&quot;aperture&quot;:&quot;5.6&quot;,&quot;credit&quot;:&quot;&quot;,&quot;camera&quot;:&quot;NIKON D90&quot;,&quot;caption&quot;:&quot;&quot;,&quot;created_timestamp&quot;:&quot;1389867708&quot;,&quot;copyright&quot;:&quot;&quot;,&quot;focal_length&quot;:&quot;105&quot;,&quot;iso&quot;:&quot;1000&quot;,&quot;shutter_speed&quot;:&quot;0.0333333333333&quot;,&quot;title&quot;:&quot;&quot;,&quot;orientation&quot;:&quot;1&quot;}\" data-image-title=\"expedito2\" data-image-description=\"\" data-image-caption=\"\" data-medium-file=\"https:\/\/i0.wp.com\/blogdalucianaoliveira.com.br\/blog\/wp-content\/uploads\/2016\/10\/expedito2.jpg?fit=300%2C199\" data-large-file=\"https:\/\/i0.wp.com\/blogdalucianaoliveira.com.br\/blog\/wp-content\/uploads\/2016\/10\/expedito2.jpg?fit=600%2C398\" src=\"https:\/\/i0.wp.com\/blogdalucianaoliveira.com.br\/blog\/wp-content\/uploads\/2016\/10\/expedito2.jpg?resize=600%2C398\" alt=\"expedito2\" width=\"600\" height=\"398\" class=\"alignnone size-full wp-image-5308\" srcset=\"https:\/\/i0.wp.com\/blogdalucianaoliveira.com.br\/blog\/wp-content\/uploads\/2016\/10\/expedito2.jpg?w=600 600w, https:\/\/i0.wp.com\/blogdalucianaoliveira.com.br\/blog\/wp-content\/uploads\/2016\/10\/expedito2.jpg?resize=300%2C199 300w, https:\/\/i0.wp.com\/blogdalucianaoliveira.com.br\/blog\/wp-content\/uploads\/2016\/10\/expedito2.jpg?resize=452%2C300 452w\" sizes=\"auto, (max-width: 600px) 100vw, 600px\" \/><\/p>\n<p>Foi gra\u00e7as aos momentos de \u2018baixaria\u2019 no debate que tamb\u00e9m vimos Hildon confessar que a empresa que sua esposa administra firmou contratos com a \u00e1rea da sa\u00fade quando ele era promotor na vara da sa\u00fade. O velho e eficaz \u2018jeitinho brasileiro\u2019 para driblar veda\u00e7\u00f5es \u00e0 parcerias entre o p\u00fablico e o privado, em que o servidor integra sociedade como cotista. <\/p>\n<p>Muitos eleitores n\u00e3o sabiam e outros at\u00e9 duvidavam das rela\u00e7\u00f5es que Hildon mant\u00e9m com grupos pol\u00edticos.<br \/>\nA lorota de que n\u00e3o \u00e9 pol\u00edtico, tamb\u00e9m j\u00e1 n\u00e3o pode usar.<\/p>\n<p>O que restou de positivo desse debate foi a desconstru\u00e7\u00e3o da imagem de coer\u00eancia, pureza e independ\u00eancia do candidato tucano.<\/p>\n<p>O ataque e contra-ataque nervoso em debates \u00e9 um rem\u00e9dio amargo, mas indiscutivelmente necess\u00e1rio.<\/p>\n<p>E, claro, restou provada a falta de preparo de Hildon para comandar a prefeitura.<\/p>\n<p>Desde o in\u00edcio da campanha ele utiliza o discurso vazio, aquele em que se diz muito e ao mesmo tempo nada.<\/p>\n<p>\u00c9 flagrante que n\u00e3o conhece a cidade e seus problemas, portanto, \u00e9 menos capaz de realizar transforma\u00e7\u00f5es a m\u00e9dio prazo. Nem \u00e9 preciso que L\u00e9o repita insistentemente que sabe de tudo que est\u00e1 fora do lugar. <\/p>\n<p>Se estivesse na coordena\u00e7\u00e3o de campanha dele diria para simplesmente nadar de bra\u00e7ada com as informa\u00e7\u00f5es que obteve com sua experi\u00eancia pol\u00edtica, sem olhar pro lado e dar golpes no seu advers\u00e1rio.  <\/p>\n<p>At\u00e9 disse informalmente isso a L\u00e9o, mas ele tem uma personalidade muito franca e quando acusado injustamente manda as estrat\u00e9gias pro belel\u00e9u. <\/p>\n<p>O certo \u00e9 que o debate nivelou os dois por baixo.<\/p>\n<p>Por cima, Hildon perdeu muito e at\u00e9 seus mais devotos militantes ficam constrangidos com a dificuldade que tem para responder uma pergunta sobre creches. O que ele fala, qualquer um poderia falar.<\/p>\n<p>Das nossas desgra\u00e7as por mau uso do dinheiro p\u00fablico ou incompet\u00eancia, sabemos de cor. <\/p>\n<p>Como trunfo, Hildon s\u00f3 tem a ret\u00f3rica adequada ao voto irracional.<\/p>\n","protected":false},"excerpt":{"rendered":"<p>\u00c9 uma pena que a disputa eleitoral n\u00e3o tenha se dado s\u00f3 no campo das propostas, mas a sociedade precisa conhecer verdadeiramente os candidatos para que elas fa\u00e7am sentido. O debate na Record n\u00e3o agradou de um modo geral, mas nivelou por baixo os candidatos, pondo fim a estrat\u00e9gia de vitimiza\u00e7\u00e3o por ataques pessoais.<\/p>\n","protected":false},"author":1,"featured_media":0,"comment_status":"closed","ping_status":"open","sticky":false,"template":"","format":"standard","meta":{"_exactmetrics_skip_tracking":false,"_exactmetrics_sitenote_active":false,"_exactmetrics_sitenote_note":"","_exactmetrics_sitenote_category":0,"jetpack_post_was_ever_published":false,"_jetpack_newsletter_access":"","_jetpack_dont_email_post_to_subs":false,"_jetpack_newsletter_tier_id":0,"_jetpack_memberships_contains_paywalled_content":false,"_jetpack_memberships_contains_paid_content":false,"footnotes":"","jetpack_publicize_message":"","jetpack_publicize_feature_enabled":true,"jetpack_social_post_already_shared":true,"jetpack_social_options":{"image_generator_settings":{"template":"highway","enabled":false},"version":2}},"categories":[1],"tags":[],"class_list":["post-5307","post","type-post","status-publish","format-standard","hentry","category-notas"],"jetpack_publicize_connections":[],"jetpack_sharing_enabled":true,"jetpack_featured_media_url":"","jetpack_shortlink":"https:\/\/wp.me\/p7wKYW-1nB","jetpack-related-posts":[],"_links":{"self":[{"href":"http:\/\/blogdalucianaoliveira.com.br\/blog\/wp-json\/wp\/v2\/posts\/5307","targetHints":{"allow":["GET"]}}],"collection":[{"href":"http:\/\/blogdalucianaoliveira.com.br\/blog\/wp-json\/wp\/v2\/posts"}],"about":[{"href":"http:\/\/blogdalucianaoliveira.com.br\/blog\/wp-json\/wp\/v2\/types\/post"}],"author":[{"embeddable":true,"href":"http:\/\/blogdalucianaoliveira.com.br\/blog\/wp-json\/wp\/v2\/users\/1"}],"replies":[{"embeddable":true,"href":"http:\/\/blogdalucianaoliveira.com.br\/blog\/wp-json\/wp\/v2\/comments?post=5307"}],"version-history":[{"count":5,"href":"http:\/\/blogdalucianaoliveira.com.br\/blog\/wp-json\/wp\/v2\/posts\/5307\/revisions"}],"predecessor-version":[{"id":5316,"href":"http:\/\/blogdalucianaoliveira.com.br\/blog\/wp-json\/wp\/v2\/posts\/5307\/revisions\/5316"}],"wp:attachment":[{"href":"http:\/\/blogdalucianaoliveira.com.br\/blog\/wp-json\/wp\/v2\/media?parent=5307"}],"wp:term":[{"taxonomy":"category","embeddable":true,"href":"http:\/\/blogdalucianaoliveira.com.br\/blog\/wp-json\/wp\/v2\/categories?post=5307"},{"taxonomy":"post_tag","embeddable":true,"href":"http:\/\/blogdalucianaoliveira.com.br\/blog\/wp-json\/wp\/v2\/tags?post=5307"}],"curies":[{"name":"wp","href":"https:\/\/api.w.org\/{rel}","templated":true}]}}