{"id":5317,"date":"2016-10-24T12:12:24","date_gmt":"2016-10-24T16:12:24","guid":{"rendered":"http:\/\/blogdalucianaoliveira.com.br\/blog\/?p=5317"},"modified":"2016-10-24T12:12:24","modified_gmt":"2016-10-24T16:12:24","slug":"ex-tucano-promete-detalhar-esquema-de-corrupcao-no-governo-geraldo-alckmin-psdb","status":"publish","type":"post","link":"http:\/\/blogdalucianaoliveira.com.br\/blog\/2016\/10\/24\/ex-tucano-promete-detalhar-esquema-de-corrupcao-no-governo-geraldo-alckmin-psdb\/","title":{"rendered":"Ex-tucano promete detalhar esquema de corrup\u00e7\u00e3o no governo Geraldo Alckmin (PSDB)"},"content":{"rendered":"<p><img decoding=\"async\" src=\"http:\/\/blogdalucianaoliveira.com.br\/blog\/wp-content\/uploads\/2016\/10\/Alckmin.jpg\" alt=\"SP \n\nNo Debatee Progressista\n\nExpulso do PSDB ap\u00f3s se tornar alvo de investiga\u00e7\u00f5es sobre fraudes em licita\u00e7\u00f5es e corrup\u00e7\u00e3o, o prefeito afastado de Ferraz de Vasconcelos (Grande S\u00e3o Paulo), Acir Fill\u00f3, protocolou no Minist\u00e9rio P\u00fablico de S\u00e3o Paulo, no \u00faltimo dia 17, pedido para firmar acordo de dela\u00e7\u00e3o premiada no qual promete detalhar um suposto esquema de corrup\u00e7\u00e3o no governo Geraldo Alckmin (PSDB).<!--more--><\/p>\n<p>Na pe\u00e7a, endere\u00e7ada ao procurador-geral, Gianpaolo Smanio, Fill\u00f3 cita \u201cilegalidades envolvendo o PSDB na esfera estadual\u201d, mas n\u00e3o apresenta provas.<\/p>\n<p>Em agosto deste ano, Fill\u00f3 levou ao Pal\u00e1cio dos Bandeirantes uma acusa\u00e7\u00e3o na qual afirma ter sido achacado por dirigentes tucanos \u2013primeiro de seu munic\u00edpio e, depois, da executiva estadual.<\/p>\n<p>Na semana passada, ap\u00f3s ir ao Minist\u00e9rio P\u00fablico, remeteu documento igual \u00e0 dire\u00e7\u00e3o nacional do PSDB. O prefeito afastado entregou \u00e0 Folha c\u00f3pias de todos esses documentos. Na pe\u00e7a enviada ao tucanato, ele diz que, j\u00e1 afastado do cargo pela Justi\u00e7a, tentou convencer o partido a deix\u00e1-lo concorrer \u00e0 reelei\u00e7\u00e3o e que o presidente municipal do PSDB de Ferraz, Cl\u00f3vis Caetano, teria pedido suborno.<\/p>\n<p>\u201cPor mais de uma vez procurei a executiva estadual, solicitando que interviesse e tomasse provid\u00eancias quanto ao absurdo que l\u00e1 ocorria\u201d, diz. \u201cPara meu espanto, Cesar Gontijo me chamou em uma sala e me abordou com a seguinte frase: Fill\u00f3, voc\u00ea tem que ajudar. O Cl\u00f3vis n\u00e3o falou com voc\u00ea? Voc\u00ea tem que ajudar ou n\u00e3o tem jeito.\u201d<\/p>\n<p>Gontijo \u00e9 vice-presidente do PSDB estadual. Ele ainda \u00e9 alvo de uma segunda acusa\u00e7\u00e3o de Fill\u00f3, que diz ter sido amea\u00e7ado pelo dirigente.<\/p>\n<p>Leia mais na Folha de S\u00e3o Paulo.<\/p>\n","protected":false},"excerpt":{"rendered":"","protected":false},"author":1,"featured_media":0,"comment_status":"closed","ping_status":"open","sticky":false,"template":"","format":"standard","meta":{"_exactmetrics_skip_tracking":false,"_exactmetrics_sitenote_active":false,"_exactmetrics_sitenote_note":"","_exactmetrics_sitenote_category":0,"jetpack_post_was_ever_published":false,"_jetpack_newsletter_access":"","_jetpack_dont_email_post_to_subs":false,"_jetpack_newsletter_tier_id":0,"_jetpack_memberships_contains_paywalled_content":false,"_jetpack_memberships_contains_paid_content":false,"footnotes":"","jetpack_publicize_message":"","jetpack_publicize_feature_enabled":true,"jetpack_social_post_already_shared":true,"jetpack_social_options":{"image_generator_settings":{"template":"highway","enabled":false},"version":2}},"categories":[1],"tags":[],"class_list":["post-5317","post","type-post","status-publish","format-standard","hentry","category-notas"],"jetpack_publicize_connections":[],"jetpack_sharing_enabled":true,"jetpack_featured_media_url":"","jetpack_shortlink":"https:\/\/wp.me\/p7wKYW-1nL","jetpack-related-posts":[],"_links":{"self":[{"href":"http:\/\/blogdalucianaoliveira.com.br\/blog\/wp-json\/wp\/v2\/posts\/5317","targetHints":{"allow":["GET"]}}],"collection":[{"href":"http:\/\/blogdalucianaoliveira.com.br\/blog\/wp-json\/wp\/v2\/posts"}],"about":[{"href":"http:\/\/blogdalucianaoliveira.com.br\/blog\/wp-json\/wp\/v2\/types\/post"}],"author":[{"embeddable":true,"href":"http:\/\/blogdalucianaoliveira.com.br\/blog\/wp-json\/wp\/v2\/users\/1"}],"replies":[{"embeddable":true,"href":"http:\/\/blogdalucianaoliveira.com.br\/blog\/wp-json\/wp\/v2\/comments?post=5317"}],"version-history":[{"count":2,"href":"http:\/\/blogdalucianaoliveira.com.br\/blog\/wp-json\/wp\/v2\/posts\/5317\/revisions"}],"predecessor-version":[{"id":5320,"href":"http:\/\/blogdalucianaoliveira.com.br\/blog\/wp-json\/wp\/v2\/posts\/5317\/revisions\/5320"}],"wp:attachment":[{"href":"http:\/\/blogdalucianaoliveira.com.br\/blog\/wp-json\/wp\/v2\/media?parent=5317"}],"wp:term":[{"taxonomy":"category","embeddable":true,"href":"http:\/\/blogdalucianaoliveira.com.br\/blog\/wp-json\/wp\/v2\/categories?post=5317"},{"taxonomy":"post_tag","embeddable":true,"href":"http:\/\/blogdalucianaoliveira.com.br\/blog\/wp-json\/wp\/v2\/tags?post=5317"}],"curies":[{"name":"wp","href":"https:\/\/api.w.org\/{rel}","templated":true}]}}