{"id":5321,"date":"2016-10-24T12:23:40","date_gmt":"2016-10-24T16:23:40","guid":{"rendered":"http:\/\/blogdalucianaoliveira.com.br\/blog\/?p=5321"},"modified":"2016-10-24T12:23:40","modified_gmt":"2016-10-24T16:23:40","slug":"tucanos-em-panico-paulo-preto-vai-delatar","status":"publish","type":"post","link":"http:\/\/blogdalucianaoliveira.com.br\/blog\/2016\/10\/24\/tucanos-em-panico-paulo-preto-vai-delatar\/","title":{"rendered":"TUCANOS EM P\u00c2NICO: PAULO PRETO VAI DELATAR"},"content":{"rendered":"<p><img data-recalc-dims=\"1\" loading=\"lazy\" decoding=\"async\" data-attachment-id=\"5322\" data-permalink=\"http:\/\/blogdalucianaoliveira.com.br\/blog\/2016\/10\/24\/tucanos-em-panico-paulo-preto-vai-delatar\/tuca\/\" data-orig-file=\"https:\/\/i0.wp.com\/blogdalucianaoliveira.com.br\/blog\/wp-content\/uploads\/2016\/10\/tuca.jpg?fit=1000%2C357\" data-orig-size=\"1000,357\" data-comments-opened=\"0\" data-image-meta=\"{&quot;aperture&quot;:&quot;0&quot;,&quot;credit&quot;:&quot;&quot;,&quot;camera&quot;:&quot;&quot;,&quot;caption&quot;:&quot;&quot;,&quot;created_timestamp&quot;:&quot;0&quot;,&quot;copyright&quot;:&quot;&quot;,&quot;focal_length&quot;:&quot;0&quot;,&quot;iso&quot;:&quot;0&quot;,&quot;shutter_speed&quot;:&quot;0&quot;,&quot;title&quot;:&quot;&quot;,&quot;orientation&quot;:&quot;0&quot;}\" data-image-title=\"tuca\" data-image-description=\"\" data-image-caption=\"\" data-medium-file=\"https:\/\/i0.wp.com\/blogdalucianaoliveira.com.br\/blog\/wp-content\/uploads\/2016\/10\/tuca.jpg?fit=300%2C107\" data-large-file=\"https:\/\/i0.wp.com\/blogdalucianaoliveira.com.br\/blog\/wp-content\/uploads\/2016\/10\/tuca.jpg?fit=600%2C214\" src=\"https:\/\/i0.wp.com\/blogdalucianaoliveira.com.br\/blog\/wp-content\/uploads\/2016\/10\/tuca.jpg?resize=600%2C214\" alt=\"tuca\" width=\"600\" height=\"214\" class=\"alignnone size-full wp-image-5322\" srcset=\"https:\/\/i0.wp.com\/blogdalucianaoliveira.com.br\/blog\/wp-content\/uploads\/2016\/10\/tuca.jpg?w=1000 1000w, https:\/\/i0.wp.com\/blogdalucianaoliveira.com.br\/blog\/wp-content\/uploads\/2016\/10\/tuca.jpg?resize=300%2C107 300w, https:\/\/i0.wp.com\/blogdalucianaoliveira.com.br\/blog\/wp-content\/uploads\/2016\/10\/tuca.jpg?resize=768%2C274 768w, https:\/\/i0.wp.com\/blogdalucianaoliveira.com.br\/blog\/wp-content\/uploads\/2016\/10\/tuca.jpg?resize=800%2C286 800w\" sizes=\"auto, (max-width: 600px) 100vw, 600px\" \/><\/p>\n<p>247 \u2013 Um dos principais arrecadadores do PSDB nos \u00faltimos anos, o engenheiro Paulo Vieira de Souza, decidiu formalizar um acordo de dela\u00e7\u00e3o premiada, que j\u00e1 &#8220;apavora tucanos&#8221;, segundo informa a colunista Vera Magalh\u00e3es na nota abaixo:<\/p>\n<p>Paulo Preto negocia falar sobre sua atua\u00e7\u00e3o e apavora tucanos<!--more--><\/p>\n<p>Paulo Vieira de Souza, o Paulo Preto, come\u00e7ou a negociar com o Minist\u00e9rio P\u00fablico para admitir sua atua\u00e7\u00e3o na arrecada\u00e7\u00e3o de propinas para o PSDB em obras importantes do governo de S\u00e3o Paulo nos \u00faltimos anos. O ex-diretor da Dersa foi tragado pela Lava Jato no recall dos acordos de dela\u00e7\u00e3o da Camargo Corr\u00eaa, depois de ter sido citado por executivos da Odebrecht. O clima no PSDB paulista \u00e9 de tens\u00e3o total.<\/p>\n<p>Paulo Preto foi delatado por ningu\u00e9m menos que Luiz Nascimento, dono da Camargo, nesse recall citado por Vera (leia reportagem do 247 a respeito).<\/p>\n<p>Antes disso, ele j\u00e1 havia sido denunciado por fraude no Rodoanel (leia reportagem do 247).<\/p>\n","protected":false},"excerpt":{"rendered":"<p>247 \u2013 Um dos principais arrecadadores do PSDB nos \u00faltimos anos, o engenheiro Paulo Vieira de Souza, decidiu formalizar um acordo de dela\u00e7\u00e3o premiada, que j\u00e1 &#8220;apavora tucanos&#8221;, segundo informa a colunista Vera Magalh\u00e3es na nota abaixo: Paulo Preto negocia falar sobre sua atua\u00e7\u00e3o e apavora tucanos<\/p>\n","protected":false},"author":1,"featured_media":0,"comment_status":"closed","ping_status":"open","sticky":false,"template":"","format":"standard","meta":{"_exactmetrics_skip_tracking":false,"_exactmetrics_sitenote_active":false,"_exactmetrics_sitenote_note":"","_exactmetrics_sitenote_category":0,"jetpack_post_was_ever_published":false,"_jetpack_newsletter_access":"","_jetpack_dont_email_post_to_subs":false,"_jetpack_newsletter_tier_id":0,"_jetpack_memberships_contains_paywalled_content":false,"_jetpack_memberships_contains_paid_content":false,"footnotes":"","jetpack_publicize_message":"","jetpack_publicize_feature_enabled":true,"jetpack_social_post_already_shared":true,"jetpack_social_options":{"image_generator_settings":{"template":"highway","enabled":false},"version":2}},"categories":[1],"tags":[],"class_list":["post-5321","post","type-post","status-publish","format-standard","hentry","category-notas"],"jetpack_publicize_connections":[],"jetpack_sharing_enabled":true,"jetpack_featured_media_url":"","jetpack_shortlink":"https:\/\/wp.me\/p7wKYW-1nP","jetpack-related-posts":[],"_links":{"self":[{"href":"http:\/\/blogdalucianaoliveira.com.br\/blog\/wp-json\/wp\/v2\/posts\/5321","targetHints":{"allow":["GET"]}}],"collection":[{"href":"http:\/\/blogdalucianaoliveira.com.br\/blog\/wp-json\/wp\/v2\/posts"}],"about":[{"href":"http:\/\/blogdalucianaoliveira.com.br\/blog\/wp-json\/wp\/v2\/types\/post"}],"author":[{"embeddable":true,"href":"http:\/\/blogdalucianaoliveira.com.br\/blog\/wp-json\/wp\/v2\/users\/1"}],"replies":[{"embeddable":true,"href":"http:\/\/blogdalucianaoliveira.com.br\/blog\/wp-json\/wp\/v2\/comments?post=5321"}],"version-history":[{"count":1,"href":"http:\/\/blogdalucianaoliveira.com.br\/blog\/wp-json\/wp\/v2\/posts\/5321\/revisions"}],"predecessor-version":[{"id":5323,"href":"http:\/\/blogdalucianaoliveira.com.br\/blog\/wp-json\/wp\/v2\/posts\/5321\/revisions\/5323"}],"wp:attachment":[{"href":"http:\/\/blogdalucianaoliveira.com.br\/blog\/wp-json\/wp\/v2\/media?parent=5321"}],"wp:term":[{"taxonomy":"category","embeddable":true,"href":"http:\/\/blogdalucianaoliveira.com.br\/blog\/wp-json\/wp\/v2\/categories?post=5321"},{"taxonomy":"post_tag","embeddable":true,"href":"http:\/\/blogdalucianaoliveira.com.br\/blog\/wp-json\/wp\/v2\/tags?post=5321"}],"curies":[{"name":"wp","href":"https:\/\/api.w.org\/{rel}","templated":true}]}}