{"id":5324,"date":"2016-10-24T20:47:43","date_gmt":"2016-10-25T00:47:43","guid":{"rendered":"http:\/\/blogdalucianaoliveira.com.br\/blog\/?p=5324"},"modified":"2016-10-24T21:17:49","modified_gmt":"2016-10-25T01:17:49","slug":"peca-desculpas","status":"publish","type":"post","link":"http:\/\/blogdalucianaoliveira.com.br\/blog\/2016\/10\/24\/peca-desculpas\/","title":{"rendered":"PE\u00c7A DESCULPAS"},"content":{"rendered":"<p><img data-recalc-dims=\"1\" loading=\"lazy\" decoding=\"async\" data-attachment-id=\"5325\" data-permalink=\"http:\/\/blogdalucianaoliveira.com.br\/blog\/2016\/10\/24\/peca-desculpas\/erro\/\" data-orig-file=\"https:\/\/i0.wp.com\/blogdalucianaoliveira.com.br\/blog\/wp-content\/uploads\/2016\/10\/ERRO.jpg?fit=900%2C397\" data-orig-size=\"900,397\" data-comments-opened=\"0\" data-image-meta=\"{&quot;aperture&quot;:&quot;0&quot;,&quot;credit&quot;:&quot;&quot;,&quot;camera&quot;:&quot;&quot;,&quot;caption&quot;:&quot;&quot;,&quot;created_timestamp&quot;:&quot;0&quot;,&quot;copyright&quot;:&quot;&quot;,&quot;focal_length&quot;:&quot;0&quot;,&quot;iso&quot;:&quot;0&quot;,&quot;shutter_speed&quot;:&quot;0&quot;,&quot;title&quot;:&quot;&quot;,&quot;orientation&quot;:&quot;0&quot;}\" data-image-title=\"erro\" data-image-description=\"\" data-image-caption=\"\" data-medium-file=\"https:\/\/i0.wp.com\/blogdalucianaoliveira.com.br\/blog\/wp-content\/uploads\/2016\/10\/ERRO.jpg?fit=300%2C132\" data-large-file=\"https:\/\/i0.wp.com\/blogdalucianaoliveira.com.br\/blog\/wp-content\/uploads\/2016\/10\/ERRO.jpg?fit=600%2C265\" src=\"https:\/\/i0.wp.com\/blogdalucianaoliveira.com.br\/blog\/wp-content\/uploads\/2016\/10\/ERRO.jpg?resize=600%2C265\" alt=\"erro\" width=\"600\" height=\"265\" class=\"alignnone size-full wp-image-5325\" srcset=\"https:\/\/i0.wp.com\/blogdalucianaoliveira.com.br\/blog\/wp-content\/uploads\/2016\/10\/ERRO.jpg?w=900 900w, https:\/\/i0.wp.com\/blogdalucianaoliveira.com.br\/blog\/wp-content\/uploads\/2016\/10\/ERRO.jpg?resize=300%2C132 300w, https:\/\/i0.wp.com\/blogdalucianaoliveira.com.br\/blog\/wp-content\/uploads\/2016\/10\/ERRO.jpg?resize=768%2C339 768w, https:\/\/i0.wp.com\/blogdalucianaoliveira.com.br\/blog\/wp-content\/uploads\/2016\/10\/ERRO.jpg?resize=680%2C300 680w\" sizes=\"auto, (max-width: 600px) 100vw, 600px\" \/><\/p>\n<p>N\u00e3o ia falar sobre isso, porque o grito de revolta j\u00e1 ecoou pelos ares e o meu a princ\u00edpio, pensei ser desnecess\u00e1rio.<br \/>\nVoc\u00ea foi meu professor no curso de direito, brincamos alguns carnavais e simplesmente, n\u00e3o consegui escrever tamanha a tristeza que me tomou. N\u00e3o de s\u00fabito, mas em gotas, minuto a minuto, h\u00e1 quatro dias.<!--more--><\/p>\n<p>Da disputa presidencial que fez amigos e parentes se estranharem por conta de declara\u00e7\u00f5es nas redes sociais n\u00e3o escapamos, rompemos o conv\u00edvio social. N\u00e3o deu pra estabelecer um di\u00e1logo com civilidade por sua postura sempre muito conservadora que restou intolerante.<\/p>\n<p>Deixei pra l\u00e1, afinal, em campanha todos se excedem, pensei.<\/p>\n<p>Quando recebi o \u00e1udio den\u00fancia em que voc\u00ea chamou a advogada e mestra em Direito pela Universidade de Bras\u00edlia (UnB) e pesquisadora da Anis \u2013 Instituto de Bio\u00e9tica, Sinara Gumiere, de vagabunda, senti uma faca atravessar meu cora\u00e7\u00e3o, aberto a todos independentemente de posi\u00e7\u00f5es ideol\u00f3gicas.<\/p>\n<p>\u201cAquela vagabunda, entendeu? Defensora de aborto, de g\u00eanero. Vagabunda. Mande pra ela me processar, que eu provo que ela \u00e9.\u201d<\/p>\n<p>Isso foi dito s\u00f3, repito, s\u00f3 porque voc\u00ea resolveu censurar numa sala de aula a advogada que havia dado uma palestra com o tema: &#8220;Por que \u00e9 preciso falar de g\u00eanero no Direito?\u201d, como atividade extraclasse. <\/p>\n<p>Uma estudante gravou um \u00e1udio de 15 minutos da conversa em sala de aula, porque voc\u00ea pediu, o que revela a consci\u00eancia plena do ato machista, homof\u00f3bico, autorit\u00e1rio, motivado por um \u00f3dio descomunal ao PT e aos demais partidos de esquerda que defendem causas que voc\u00ea despreza.<\/p>\n<p>E n\u00e3o adianta dizer agora que se referia s\u00f3 a \u201cesquerdopatas\u201d, porque n\u00e3o sou filiada a nenhum partido, mas milito ativamente contra a homofobia, pela liberdade de express\u00e3o e a favor de qualquer um que esteja sob a mira desta onda conservadora abomin\u00e1vel.<\/p>\n<p>Voc\u00ea sabe&#8230;<\/p>\n<p>Discutimos muito sobre movimentos sociais criminalizados pela m\u00eddia, pelo estado e pela extrema-direita. Foi um al\u00edvio pra mim e certamente pra voc\u00ea, o rompimento virtual.<br \/>\nMas, chegou a hora do te avisei.<\/p>\n<p>N\u00e3o foi uma, nem duas, mas v\u00e1rias vezes em que o alertei sobre declara\u00e7\u00f5es incompat\u00edveis com a advocacia e com a miss\u00e3o docente.<\/p>\n<p>Neste epis\u00f3dio dram\u00e1tico, voc\u00ea usou palavras como &#8220;bostinha&#8221; e &#8220;coc\u00f4&#8221; para demonstrar inconformismo com a palestrante.<\/p>\n<p>A estudante que lhe encarou corajosamente com um equil\u00edbrio exemplar, agiu como eu n\u00e3o conseguiria e por isso, me senti representada e adiei esse desabafo.<\/p>\n<p>Mas, n\u00e3o d\u00e1 pra calar, pois seria renunciar \u00e0 minha capacidade de indigna\u00e7\u00e3o.<br \/>\nEssa jovem \u00e9 a cara do novo tempo, \u201capesar dos perigos, da for\u00e7a mais bruta, da noite que assusta\u201d. <\/p>\n<p>O tempo em que sua mentalidade estacionou n\u00e3o volta, \u201cestamos crescidos, estamos atentos, estamos mais vivos pra nos socorrer.\u201d<\/p>\n<p>\u00c9 in\u00fatil, felizmente, lutar contra essa sociedade amadurecida, contra essa juventude que resiste bravamente nas salas de aula para que n\u00e3o haja mesmo um partido impondo limites \u00e0 liberdade de opini\u00e3o. <\/p>\n<p>\u00c9 claro que voc\u00ea tem o direito de pensar o que quiser sobre direitos fundamentais, mas como professor universit\u00e1rio, de curso de direito, n\u00e3o pode querer fazer prevalecer sua opini\u00e3o.<\/p>\n<p>Esse linguajar chulo, as ofensas graves \u00e0 honra da advogada, a tentativa tresloucada de calar a estudante que contra argumentava, s\u00e3o simplesmente inadmiss\u00edveis.<\/p>\n<p>Foi com voc\u00ea que aprendi o que significa cal\u00fania, inj\u00faria e difama\u00e7\u00e3o, mas \u00e0 \u00e9poca o pa\u00eds n\u00e3o estava tomado por essa pandemia de preconceito e \u00f3dio partid\u00e1rio e de voc\u00ea extrai s\u00f3 conhecimento. Foi um professor bem humorado, do tipo que d\u00e1 gosto de em assistir as aulas.<\/p>\n<p>Pelo que conheci de bom em voc\u00ea, pe\u00e7o que se desculpe. <\/p>\n<p>Todas as cr\u00edticas que tem recebido s\u00e3o justas e necess\u00e1rias, o que de t\u00e1 s\u00f3 como op\u00e7\u00e3o, a humildade de reconhecer o erro. <\/p>\n<p>Apague, reescreva a li\u00e7\u00e3o.<\/p>\n<p>http:\/\/www.debateprogressista.com.br\/professor-universitario-chama-advogada-da-unb-de-sapatona-doida\/<\/p>\n","protected":false},"excerpt":{"rendered":"<p>N\u00e3o ia falar sobre isso, porque o grito de revolta j\u00e1 ecoou pelos ares e o meu a princ\u00edpio, pensei ser desnecess\u00e1rio. Voc\u00ea foi meu professor no curso de direito, brincamos alguns carnavais e simplesmente, n\u00e3o consegui escrever tamanha a tristeza que me tomou. N\u00e3o de s\u00fabito, mas em gotas, minuto a minuto, h\u00e1 quatro&#8230;<a class=\"more-link\" href=\"http:\/\/blogdalucianaoliveira.com.br\/blog\/2016\/10\/24\/peca-desculpas\/\">Continue a leitura <span class=\"meta-nav\">&raquo;<\/span><\/a><\/p>\n","protected":false},"author":1,"featured_media":0,"comment_status":"closed","ping_status":"open","sticky":false,"template":"","format":"standard","meta":{"_exactmetrics_skip_tracking":false,"_exactmetrics_sitenote_active":false,"_exactmetrics_sitenote_note":"","_exactmetrics_sitenote_category":0,"jetpack_post_was_ever_published":false,"_jetpack_newsletter_access":"","_jetpack_dont_email_post_to_subs":false,"_jetpack_newsletter_tier_id":0,"_jetpack_memberships_contains_paywalled_content":false,"_jetpack_memberships_contains_paid_content":false,"footnotes":"","jetpack_publicize_message":"","jetpack_publicize_feature_enabled":true,"jetpack_social_post_already_shared":true,"jetpack_social_options":{"image_generator_settings":{"template":"highway","enabled":false},"version":2}},"categories":[1],"tags":[],"class_list":["post-5324","post","type-post","status-publish","format-standard","hentry","category-notas"],"jetpack_publicize_connections":[],"jetpack_sharing_enabled":true,"jetpack_featured_media_url":"","jetpack_shortlink":"https:\/\/wp.me\/p7wKYW-1nS","jetpack-related-posts":[],"_links":{"self":[{"href":"http:\/\/blogdalucianaoliveira.com.br\/blog\/wp-json\/wp\/v2\/posts\/5324","targetHints":{"allow":["GET"]}}],"collection":[{"href":"http:\/\/blogdalucianaoliveira.com.br\/blog\/wp-json\/wp\/v2\/posts"}],"about":[{"href":"http:\/\/blogdalucianaoliveira.com.br\/blog\/wp-json\/wp\/v2\/types\/post"}],"author":[{"embeddable":true,"href":"http:\/\/blogdalucianaoliveira.com.br\/blog\/wp-json\/wp\/v2\/users\/1"}],"replies":[{"embeddable":true,"href":"http:\/\/blogdalucianaoliveira.com.br\/blog\/wp-json\/wp\/v2\/comments?post=5324"}],"version-history":[{"count":2,"href":"http:\/\/blogdalucianaoliveira.com.br\/blog\/wp-json\/wp\/v2\/posts\/5324\/revisions"}],"predecessor-version":[{"id":5327,"href":"http:\/\/blogdalucianaoliveira.com.br\/blog\/wp-json\/wp\/v2\/posts\/5324\/revisions\/5327"}],"wp:attachment":[{"href":"http:\/\/blogdalucianaoliveira.com.br\/blog\/wp-json\/wp\/v2\/media?parent=5324"}],"wp:term":[{"taxonomy":"category","embeddable":true,"href":"http:\/\/blogdalucianaoliveira.com.br\/blog\/wp-json\/wp\/v2\/categories?post=5324"},{"taxonomy":"post_tag","embeddable":true,"href":"http:\/\/blogdalucianaoliveira.com.br\/blog\/wp-json\/wp\/v2\/tags?post=5324"}],"curies":[{"name":"wp","href":"https:\/\/api.w.org\/{rel}","templated":true}]}}