{"id":5328,"date":"2016-10-24T21:34:38","date_gmt":"2016-10-25T01:34:38","guid":{"rendered":"http:\/\/blogdalucianaoliveira.com.br\/blog\/?p=5328"},"modified":"2016-10-24T21:35:34","modified_gmt":"2016-10-25T01:35:34","slug":"se-nao-e-o-fim-estamos-proximos","status":"publish","type":"post","link":"http:\/\/blogdalucianaoliveira.com.br\/blog\/2016\/10\/24\/se-nao-e-o-fim-estamos-proximos\/","title":{"rendered":"Se n\u00e3o \u00e9 o fim, estamos pr\u00f3ximos"},"content":{"rendered":"<p><img data-recalc-dims=\"1\" loading=\"lazy\" decoding=\"async\" data-attachment-id=\"5329\" data-permalink=\"http:\/\/blogdalucianaoliveira.com.br\/blog\/2016\/10\/24\/se-nao-e-o-fim-estamos-proximos\/img_6926\/\" data-orig-file=\"https:\/\/i0.wp.com\/blogdalucianaoliveira.com.br\/blog\/wp-content\/uploads\/2016\/10\/IMG_6926.jpg?fit=601%2C437\" data-orig-size=\"601,437\" data-comments-opened=\"0\" data-image-meta=\"{&quot;aperture&quot;:&quot;0&quot;,&quot;credit&quot;:&quot;&quot;,&quot;camera&quot;:&quot;&quot;,&quot;caption&quot;:&quot;&quot;,&quot;created_timestamp&quot;:&quot;0&quot;,&quot;copyright&quot;:&quot;&quot;,&quot;focal_length&quot;:&quot;0&quot;,&quot;iso&quot;:&quot;0&quot;,&quot;shutter_speed&quot;:&quot;0&quot;,&quot;title&quot;:&quot;&quot;,&quot;orientation&quot;:&quot;0&quot;}\" data-image-title=\"img_6926\" data-image-description=\"\" data-image-caption=\"\" data-medium-file=\"https:\/\/i0.wp.com\/blogdalucianaoliveira.com.br\/blog\/wp-content\/uploads\/2016\/10\/IMG_6926.jpg?fit=300%2C218\" data-large-file=\"https:\/\/i0.wp.com\/blogdalucianaoliveira.com.br\/blog\/wp-content\/uploads\/2016\/10\/IMG_6926.jpg?fit=600%2C436\" src=\"https:\/\/i0.wp.com\/blogdalucianaoliveira.com.br\/blog\/wp-content\/uploads\/2016\/10\/IMG_6926.jpg?resize=600%2C436\" alt=\"img_6926\" width=\"600\" height=\"436\" class=\"alignnone size-full wp-image-5329\" srcset=\"https:\/\/i0.wp.com\/blogdalucianaoliveira.com.br\/blog\/wp-content\/uploads\/2016\/10\/IMG_6926.jpg?w=601 601w, https:\/\/i0.wp.com\/blogdalucianaoliveira.com.br\/blog\/wp-content\/uploads\/2016\/10\/IMG_6926.jpg?resize=300%2C218 300w, https:\/\/i0.wp.com\/blogdalucianaoliveira.com.br\/blog\/wp-content\/uploads\/2016\/10\/IMG_6926.jpg?resize=413%2C300 413w\" sizes=\"auto, (max-width: 600px) 100vw, 600px\" \/><\/p>\n<p>Vizinhos n\u00e3o gostam que Ivete leve crian\u00e7as carentes para casa<!--more--><\/p>\n<p>Laila Lovatto<\/p>\n<p>Como diz o ditado, \u201c\u00e9 imposs\u00edvel agradar a todos\u201d. Ivete Sangalo que o diga: segundo o colunista Leo Dias, do jornal \u201cO Dia\u201d, a cantora tem levado crian\u00e7as carentes para brincar com seu filho Marcelo, de 6 anos, e isso tem desagrado muito aos vizinhos da artista no condom\u00ednio Mans\u00e3o Morada dos Cardeais.<\/p>\n<p>Ainda segundo a coluna, os \u201ccardeais\u201d do edif\u00edcio n\u00e3o apenas reclamam, como j\u00e1 discutem outras provid\u00eancias para resolver o problema. As crian\u00e7as convidadas s\u00e3o da comunidade vizinha, a Gamboa de Baixo.<\/p>\n<p>No blog Almanaqueiras <\/p>\n","protected":false},"excerpt":{"rendered":"<p>Vizinhos n\u00e3o gostam que Ivete leve crian\u00e7as carentes para casa<\/p>\n","protected":false},"author":1,"featured_media":0,"comment_status":"closed","ping_status":"open","sticky":false,"template":"","format":"standard","meta":{"_exactmetrics_skip_tracking":false,"_exactmetrics_sitenote_active":false,"_exactmetrics_sitenote_note":"","_exactmetrics_sitenote_category":0,"jetpack_post_was_ever_published":false,"_jetpack_newsletter_access":"","_jetpack_dont_email_post_to_subs":false,"_jetpack_newsletter_tier_id":0,"_jetpack_memberships_contains_paywalled_content":false,"_jetpack_memberships_contains_paid_content":false,"footnotes":"","jetpack_publicize_message":"","jetpack_publicize_feature_enabled":true,"jetpack_social_post_already_shared":true,"jetpack_social_options":{"image_generator_settings":{"template":"highway","enabled":false},"version":2}},"categories":[1],"tags":[],"class_list":["post-5328","post","type-post","status-publish","format-standard","hentry","category-notas"],"jetpack_publicize_connections":[],"jetpack_sharing_enabled":true,"jetpack_featured_media_url":"","jetpack_shortlink":"https:\/\/wp.me\/p7wKYW-1nW","jetpack-related-posts":[],"_links":{"self":[{"href":"http:\/\/blogdalucianaoliveira.com.br\/blog\/wp-json\/wp\/v2\/posts\/5328","targetHints":{"allow":["GET"]}}],"collection":[{"href":"http:\/\/blogdalucianaoliveira.com.br\/blog\/wp-json\/wp\/v2\/posts"}],"about":[{"href":"http:\/\/blogdalucianaoliveira.com.br\/blog\/wp-json\/wp\/v2\/types\/post"}],"author":[{"embeddable":true,"href":"http:\/\/blogdalucianaoliveira.com.br\/blog\/wp-json\/wp\/v2\/users\/1"}],"replies":[{"embeddable":true,"href":"http:\/\/blogdalucianaoliveira.com.br\/blog\/wp-json\/wp\/v2\/comments?post=5328"}],"version-history":[{"count":3,"href":"http:\/\/blogdalucianaoliveira.com.br\/blog\/wp-json\/wp\/v2\/posts\/5328\/revisions"}],"predecessor-version":[{"id":5332,"href":"http:\/\/blogdalucianaoliveira.com.br\/blog\/wp-json\/wp\/v2\/posts\/5328\/revisions\/5332"}],"wp:attachment":[{"href":"http:\/\/blogdalucianaoliveira.com.br\/blog\/wp-json\/wp\/v2\/media?parent=5328"}],"wp:term":[{"taxonomy":"category","embeddable":true,"href":"http:\/\/blogdalucianaoliveira.com.br\/blog\/wp-json\/wp\/v2\/categories?post=5328"},{"taxonomy":"post_tag","embeddable":true,"href":"http:\/\/blogdalucianaoliveira.com.br\/blog\/wp-json\/wp\/v2\/tags?post=5328"}],"curies":[{"name":"wp","href":"https:\/\/api.w.org\/{rel}","templated":true}]}}