{"id":5333,"date":"2016-10-25T09:40:28","date_gmt":"2016-10-25T13:40:28","guid":{"rendered":"http:\/\/blogdalucianaoliveira.com.br\/blog\/?p=5333"},"modified":"2016-10-25T09:51:01","modified_gmt":"2016-10-25T13:51:01","slug":"redetv-cancela-debate-hoje-para-transmitir-partidas-que-acontecem-na-quinta","status":"publish","type":"post","link":"http:\/\/blogdalucianaoliveira.com.br\/blog\/2016\/10\/25\/redetv-cancela-debate-hoje-para-transmitir-partidas-que-acontecem-na-quinta\/","title":{"rendered":"REDETV CANCELA DEBATE HOJE PARA &#8216;TRANSMITIR&#8217; PARTIDAS QUE ACONTECEM NA QUINTA"},"content":{"rendered":"<p><img data-recalc-dims=\"1\" loading=\"lazy\" decoding=\"async\" data-attachment-id=\"5334\" data-permalink=\"http:\/\/blogdalucianaoliveira.com.br\/blog\/2016\/10\/25\/redetv-cancela-debate-hoje-para-transmitir-partidas-que-acontecem-na-quinta\/fullsizerender-1\/\" data-orig-file=\"https:\/\/i0.wp.com\/blogdalucianaoliveira.com.br\/blog\/wp-content\/uploads\/2016\/10\/FullSizeRender-1.jpg?fit=749%2C1254\" data-orig-size=\"749,1254\" data-comments-opened=\"0\" data-image-meta=\"{&quot;aperture&quot;:&quot;0&quot;,&quot;credit&quot;:&quot;&quot;,&quot;camera&quot;:&quot;&quot;,&quot;caption&quot;:&quot;&quot;,&quot;created_timestamp&quot;:&quot;0&quot;,&quot;copyright&quot;:&quot;&quot;,&quot;focal_length&quot;:&quot;0&quot;,&quot;iso&quot;:&quot;0&quot;,&quot;shutter_speed&quot;:&quot;0&quot;,&quot;title&quot;:&quot;&quot;,&quot;orientation&quot;:&quot;0&quot;}\" data-image-title=\"fullsizerender-1\" data-image-description=\"\" data-image-caption=\"\" data-medium-file=\"https:\/\/i0.wp.com\/blogdalucianaoliveira.com.br\/blog\/wp-content\/uploads\/2016\/10\/FullSizeRender-1.jpg?fit=179%2C300\" data-large-file=\"https:\/\/i0.wp.com\/blogdalucianaoliveira.com.br\/blog\/wp-content\/uploads\/2016\/10\/FullSizeRender-1.jpg?fit=600%2C1005\" src=\"https:\/\/i0.wp.com\/blogdalucianaoliveira.com.br\/blog\/wp-content\/uploads\/2016\/10\/FullSizeRender-1.jpg?resize=600%2C1005\" alt=\"fullsizerender-1\" width=\"600\" height=\"1005\" class=\"alignnone size-full wp-image-5334\" srcset=\"https:\/\/i0.wp.com\/blogdalucianaoliveira.com.br\/blog\/wp-content\/uploads\/2016\/10\/FullSizeRender-1.jpg?w=749 749w, https:\/\/i0.wp.com\/blogdalucianaoliveira.com.br\/blog\/wp-content\/uploads\/2016\/10\/FullSizeRender-1.jpg?resize=179%2C300 179w\" sizes=\"auto, (max-width: 600px) 100vw, 600px\" \/><\/p>\n<p>O convite ao debate que aconteceria nesta ter\u00e7a-feira foi manchete no jornal Di\u00e1rio da Amaz\u00f4nia, um dia antes de ser cancelado.<!--more--><\/p>\n<p>A data e hor\u00e1rio teriam sido informadas ao Tribunal Regional Eleitoral (TRE-RO), definidas \u201cem reuni\u00e3o do diretor de Jornalismo e Comercial do SGC, Alessandro Lubiana; e o editor-chefe do Di\u00e1rio, Marcelo Freire.\u201d<\/p>\n<p><img data-recalc-dims=\"1\" loading=\"lazy\" decoding=\"async\" data-attachment-id=\"5335\" data-permalink=\"http:\/\/blogdalucianaoliveira.com.br\/blog\/2016\/10\/25\/redetv-cancela-debate-hoje-para-transmitir-partidas-que-acontecem-na-quinta\/img_6935\/\" data-orig-file=\"https:\/\/i0.wp.com\/blogdalucianaoliveira.com.br\/blog\/wp-content\/uploads\/2016\/10\/IMG_6935.jpg?fit=2400%2C2400\" data-orig-size=\"2400,2400\" data-comments-opened=\"0\" data-image-meta=\"{&quot;aperture&quot;:&quot;0&quot;,&quot;credit&quot;:&quot;&quot;,&quot;camera&quot;:&quot;&quot;,&quot;caption&quot;:&quot;&quot;,&quot;created_timestamp&quot;:&quot;0&quot;,&quot;copyright&quot;:&quot;&quot;,&quot;focal_length&quot;:&quot;0&quot;,&quot;iso&quot;:&quot;0&quot;,&quot;shutter_speed&quot;:&quot;0&quot;,&quot;title&quot;:&quot;&quot;,&quot;orientation&quot;:&quot;1&quot;}\" data-image-title=\"img_6935\" data-image-description=\"\" data-image-caption=\"\" data-medium-file=\"https:\/\/i0.wp.com\/blogdalucianaoliveira.com.br\/blog\/wp-content\/uploads\/2016\/10\/IMG_6935.jpg?fit=300%2C300\" data-large-file=\"https:\/\/i0.wp.com\/blogdalucianaoliveira.com.br\/blog\/wp-content\/uploads\/2016\/10\/IMG_6935.jpg?fit=600%2C600\" src=\"https:\/\/i0.wp.com\/blogdalucianaoliveira.com.br\/blog\/wp-content\/uploads\/2016\/10\/IMG_6935.jpg?resize=600%2C600\" alt=\"img_6935\" width=\"600\" height=\"600\" class=\"alignnone size-full wp-image-5335\" srcset=\"https:\/\/i0.wp.com\/blogdalucianaoliveira.com.br\/blog\/wp-content\/uploads\/2016\/10\/IMG_6935.jpg?w=2400 2400w, https:\/\/i0.wp.com\/blogdalucianaoliveira.com.br\/blog\/wp-content\/uploads\/2016\/10\/IMG_6935.jpg?resize=150%2C150 150w, https:\/\/i0.wp.com\/blogdalucianaoliveira.com.br\/blog\/wp-content\/uploads\/2016\/10\/IMG_6935.jpg?resize=300%2C300 300w, https:\/\/i0.wp.com\/blogdalucianaoliveira.com.br\/blog\/wp-content\/uploads\/2016\/10\/IMG_6935.jpg?w=1200 1200w, https:\/\/i0.wp.com\/blogdalucianaoliveira.com.br\/blog\/wp-content\/uploads\/2016\/10\/IMG_6935.jpg?w=1800 1800w\" sizes=\"auto, (max-width: 600px) 100vw, 600px\" \/><\/p>\n<p>O cancelamento pegou todos de surpresa e principalmente a \u2018justificativa\u2019 de \u201cfalta de compatibilidade na grade nacional da emissora.<\/p>\n<p>A Rede TV nacional firmou contrato de exclusividade para transmitir na TV aberta 52 partidas da Super Liga de V\u00f4lei.\u201d<\/p>\n<p>S\u00f3 que no site da RedeTV, no \u00faltimo dia 05, a emissora informou que \u201creservou um hor\u00e1rio nobre para a exibi\u00e7\u00e3o dos jogos, todas \u00e0s quintas-feiras, \u00e0s 21h45, ao vivo. O campeonato tamb\u00e9m ter\u00e1 espa\u00e7o garantido aos s\u00e1bados com partidas transmitidas \u00e0s 14h, tamb\u00e9m ao vivo&#8221;. <\/p>\n<p>Na grade de programa\u00e7\u00e3o nacional n\u00e3o consta que na data reservada ao debate a alegada transmiss\u00e3o de partida da Super Liga.<\/p>\n<p><img data-recalc-dims=\"1\" loading=\"lazy\" decoding=\"async\" data-attachment-id=\"5337\" data-permalink=\"http:\/\/blogdalucianaoliveira.com.br\/blog\/2016\/10\/25\/redetv-cancela-debate-hoje-para-transmitir-partidas-que-acontecem-na-quinta\/img_6936\/\" data-orig-file=\"https:\/\/i0.wp.com\/blogdalucianaoliveira.com.br\/blog\/wp-content\/uploads\/2016\/10\/IMG_6936.jpg?fit=750%2C1334\" data-orig-size=\"750,1334\" data-comments-opened=\"0\" data-image-meta=\"{&quot;aperture&quot;:&quot;0&quot;,&quot;credit&quot;:&quot;&quot;,&quot;camera&quot;:&quot;&quot;,&quot;caption&quot;:&quot;&quot;,&quot;created_timestamp&quot;:&quot;0&quot;,&quot;copyright&quot;:&quot;&quot;,&quot;focal_length&quot;:&quot;0&quot;,&quot;iso&quot;:&quot;0&quot;,&quot;shutter_speed&quot;:&quot;0&quot;,&quot;title&quot;:&quot;&quot;,&quot;orientation&quot;:&quot;0&quot;}\" data-image-title=\"img_6936\" data-image-description=\"\" data-image-caption=\"\" data-medium-file=\"https:\/\/i0.wp.com\/blogdalucianaoliveira.com.br\/blog\/wp-content\/uploads\/2016\/10\/IMG_6936.jpg?fit=169%2C300\" data-large-file=\"https:\/\/i0.wp.com\/blogdalucianaoliveira.com.br\/blog\/wp-content\/uploads\/2016\/10\/IMG_6936.jpg?fit=576%2C1024\" src=\"https:\/\/i0.wp.com\/blogdalucianaoliveira.com.br\/blog\/wp-content\/uploads\/2016\/10\/IMG_6936.jpg?resize=600%2C1067\" alt=\"img_6936\" width=\"600\" height=\"1067\" class=\"alignnone size-full wp-image-5337\" srcset=\"https:\/\/i0.wp.com\/blogdalucianaoliveira.com.br\/blog\/wp-content\/uploads\/2016\/10\/IMG_6936.jpg?w=750 750w, https:\/\/i0.wp.com\/blogdalucianaoliveira.com.br\/blog\/wp-content\/uploads\/2016\/10\/IMG_6936.jpg?resize=169%2C300 169w\" sizes=\"auto, (max-width: 600px) 100vw, 600px\" \/><\/p>\n<p>Nas redes sociais a not\u00edcia gerou muitas cr\u00edticas \u00e0 emissora que deixar\u00e1 de cumprir papel fundamental numa elei\u00e7\u00e3o majorit\u00e1ria, fato inusitado e prejudicial ao processo eleitoral.<\/p>\n<p>Os eleitores de L\u00e9o Moraes afirmam que foi um golpe para ajudar o advers\u00e1rio que recusou participa\u00e7\u00e3o em cinco debates e no \u00faltimo se enrolou novamente para responder perguntas, o que causou desgastes \u00e0 campanha.<\/p>\n<p>\u201c\u00c9 despreparado, gagueja e treme e, pra ele quanto menos debate, melhor\u201d, disse um militante inconformado.<\/p>\n<p>No debate realizado pela SICTV, Hildon Chaves (PSDB) chegou a prometer regularizar im\u00f3veis rurais, uma compet\u00eancia da Uni\u00e3o  e dos Estados.<\/p>\n<p>Na p\u00e1gina do tucano, at\u00e9 o momento n\u00e3o h\u00e1 declara\u00e7\u00e3o a respeito do debate cancelado.<\/p>\n","protected":false},"excerpt":{"rendered":"<p>O convite ao debate que aconteceria nesta ter\u00e7a-feira foi manchete no jornal Di\u00e1rio da Amaz\u00f4nia, um dia antes de ser cancelado.<\/p>\n","protected":false},"author":1,"featured_media":0,"comment_status":"closed","ping_status":"open","sticky":false,"template":"","format":"standard","meta":{"_exactmetrics_skip_tracking":false,"_exactmetrics_sitenote_active":false,"_exactmetrics_sitenote_note":"","_exactmetrics_sitenote_category":0,"jetpack_post_was_ever_published":false,"_jetpack_newsletter_access":"","_jetpack_dont_email_post_to_subs":false,"_jetpack_newsletter_tier_id":0,"_jetpack_memberships_contains_paywalled_content":false,"_jetpack_memberships_contains_paid_content":false,"footnotes":"","jetpack_publicize_message":"","jetpack_publicize_feature_enabled":true,"jetpack_social_post_already_shared":true,"jetpack_social_options":{"image_generator_settings":{"template":"highway","enabled":false},"version":2}},"categories":[1],"tags":[],"class_list":["post-5333","post","type-post","status-publish","format-standard","hentry","category-notas"],"jetpack_publicize_connections":[],"jetpack_sharing_enabled":true,"jetpack_featured_media_url":"","jetpack_shortlink":"https:\/\/wp.me\/p7wKYW-1o1","jetpack-related-posts":[],"_links":{"self":[{"href":"http:\/\/blogdalucianaoliveira.com.br\/blog\/wp-json\/wp\/v2\/posts\/5333","targetHints":{"allow":["GET"]}}],"collection":[{"href":"http:\/\/blogdalucianaoliveira.com.br\/blog\/wp-json\/wp\/v2\/posts"}],"about":[{"href":"http:\/\/blogdalucianaoliveira.com.br\/blog\/wp-json\/wp\/v2\/types\/post"}],"author":[{"embeddable":true,"href":"http:\/\/blogdalucianaoliveira.com.br\/blog\/wp-json\/wp\/v2\/users\/1"}],"replies":[{"embeddable":true,"href":"http:\/\/blogdalucianaoliveira.com.br\/blog\/wp-json\/wp\/v2\/comments?post=5333"}],"version-history":[{"count":6,"href":"http:\/\/blogdalucianaoliveira.com.br\/blog\/wp-json\/wp\/v2\/posts\/5333\/revisions"}],"predecessor-version":[{"id":5344,"href":"http:\/\/blogdalucianaoliveira.com.br\/blog\/wp-json\/wp\/v2\/posts\/5333\/revisions\/5344"}],"wp:attachment":[{"href":"http:\/\/blogdalucianaoliveira.com.br\/blog\/wp-json\/wp\/v2\/media?parent=5333"}],"wp:term":[{"taxonomy":"category","embeddable":true,"href":"http:\/\/blogdalucianaoliveira.com.br\/blog\/wp-json\/wp\/v2\/categories?post=5333"},{"taxonomy":"post_tag","embeddable":true,"href":"http:\/\/blogdalucianaoliveira.com.br\/blog\/wp-json\/wp\/v2\/tags?post=5333"}],"curies":[{"name":"wp","href":"https:\/\/api.w.org\/{rel}","templated":true}]}}