{"id":5345,"date":"2016-10-25T10:33:01","date_gmt":"2016-10-25T14:33:01","guid":{"rendered":"http:\/\/blogdalucianaoliveira.com.br\/blog\/?p=5345"},"modified":"2016-10-25T10:33:01","modified_gmt":"2016-10-25T14:33:01","slug":"sera-este-um-exemplo-de-absoluta-tranquilidade-institucional-como-alegou-temer","status":"publish","type":"post","link":"http:\/\/blogdalucianaoliveira.com.br\/blog\/2016\/10\/25\/sera-este-um-exemplo-de-absoluta-tranquilidade-institucional-como-alegou-temer\/","title":{"rendered":"Ser\u00e1 este um exemplo de &#8220;absoluta tranquilidade institucional&#8221; como alegou Temer?"},"content":{"rendered":"<p><img data-recalc-dims=\"1\" loading=\"lazy\" decoding=\"async\" data-attachment-id=\"5346\" data-permalink=\"http:\/\/blogdalucianaoliveira.com.br\/blog\/2016\/10\/25\/sera-este-um-exemplo-de-absoluta-tranquilidade-institucional-como-alegou-temer\/carmem-2\/\" data-orig-file=\"https:\/\/i0.wp.com\/blogdalucianaoliveira.com.br\/blog\/wp-content\/uploads\/2016\/10\/carmem.jpg?fit=1000%2C357\" data-orig-size=\"1000,357\" data-comments-opened=\"0\" data-image-meta=\"{&quot;aperture&quot;:&quot;0&quot;,&quot;credit&quot;:&quot;&quot;,&quot;camera&quot;:&quot;&quot;,&quot;caption&quot;:&quot;&quot;,&quot;created_timestamp&quot;:&quot;0&quot;,&quot;copyright&quot;:&quot;&quot;,&quot;focal_length&quot;:&quot;0&quot;,&quot;iso&quot;:&quot;0&quot;,&quot;shutter_speed&quot;:&quot;0&quot;,&quot;title&quot;:&quot;&quot;,&quot;orientation&quot;:&quot;0&quot;}\" data-image-title=\"carmem\" data-image-description=\"\" data-image-caption=\"\" data-medium-file=\"https:\/\/i0.wp.com\/blogdalucianaoliveira.com.br\/blog\/wp-content\/uploads\/2016\/10\/carmem.jpg?fit=300%2C107\" data-large-file=\"https:\/\/i0.wp.com\/blogdalucianaoliveira.com.br\/blog\/wp-content\/uploads\/2016\/10\/carmem.jpg?fit=600%2C214\" src=\"https:\/\/i0.wp.com\/blogdalucianaoliveira.com.br\/blog\/wp-content\/uploads\/2016\/10\/carmem.jpg?resize=600%2C214\" alt=\"carmem\" width=\"600\" height=\"214\" class=\"alignnone size-full wp-image-5346\" srcset=\"https:\/\/i0.wp.com\/blogdalucianaoliveira.com.br\/blog\/wp-content\/uploads\/2016\/10\/carmem.jpg?w=1000 1000w, https:\/\/i0.wp.com\/blogdalucianaoliveira.com.br\/blog\/wp-content\/uploads\/2016\/10\/carmem.jpg?resize=300%2C107 300w, https:\/\/i0.wp.com\/blogdalucianaoliveira.com.br\/blog\/wp-content\/uploads\/2016\/10\/carmem.jpg?resize=768%2C274 768w, https:\/\/i0.wp.com\/blogdalucianaoliveira.com.br\/blog\/wp-content\/uploads\/2016\/10\/carmem.jpg?resize=800%2C286 800w\" sizes=\"auto, (max-width: 600px) 100vw, 600px\" \/><\/p>\n<p>CARMEN L\u00daCIA REBATE RENAN E PEDE RESPEITO AO JUDICI\u00c1RIO<!--more--><\/p>\n<p>247 \u2013 Ao abrir sess\u00e3o do Conselho Nacional de Justi\u00e7a (CNJ) na manh\u00e3 desta ter\u00e7a-feira 25, a presidente do Supremo Tribunal Federal (STF), C\u00e1rmen L\u00facia, respondeu afirma\u00e7\u00f5es feitas ontem pelo presidente do Senado, Renan Calheiros (PMDB-AL). &#8220;O que n\u00e3o \u00e9 admiss\u00edvel aqui, fora dos autos, \u00e9 que qualquer juiz seja diminu\u00eddo ou desmoralizado&#8221;, rebateu a ministra.<\/p>\n<p>Ontem, em coletiva de imprensa, Renan chamou de &#8220;juizeco de primeira inst\u00e2ncia&#8221; o magistrado Vallisney Oliveira, da 10\u00aa Vara Federal de Bras\u00edlia, que autorizou a opera\u00e7\u00e3o M\u00e9tis, da Pol\u00edcia Federal, no Senado na \u00faltima sexta-feira 21, chamada de &#8220;invas\u00e3o&#8221; por Renan.<\/p>\n<p>Quatro agentes da Pol\u00edcia Legislativa do Senado foram presos e o diretor, afastado. O presidente do Congresso tamb\u00e9m acusou o ministro da Justi\u00e7a, Alexandre de Moraes, de ser &#8220;chefete de Pol\u00edcia&#8221; e classificou como &#8220;fascistas&#8221; os atos da Pol\u00edcia Federal.<\/p>\n<p>&#8220;Todas as vezes que um juiz \u00e9 agredido, eu e cada um de n\u00f3s ju\u00edzes \u00e9 agredido&#8221;, prosseguiu C\u00e1rmen L\u00facia. &#8220;E n\u00e3o h\u00e1 a menor necessidade de, numa conviv\u00eancia democr\u00e1tica, livre e harm\u00f4nica, haver qualquer tipo de questionamento que n\u00e3o seja nos estreitos limites da constitucionalidade e da legalidade&#8221;, completou. &#8220;Onde um juiz for destratado, eu tamb\u00e9m sou. Qualquer um de n\u00f3s ju\u00edzes \u00e9&#8221;, disse.<\/p>\n<p>Confira abaixo o trecho da fala da ministra sobre esse assunto no CNJ:<\/p>\n<p>Declaro aberta esta sess\u00e3o do Conselho Nacional de Justi\u00e7a, \u00f3rg\u00e3o do Poder Judici\u00e1rio brasileiro, constitucionalmente institu\u00eddo para o fim especifico de n\u00e3o apenas nos zelarmos e zelar pelas melhores pr\u00e1ticas do Poder Judici\u00e1rio, como para garantir a for\u00e7a, a independ\u00eancia, a autonomia do Poder Judici\u00e1rio. Respeito que n\u00f3s devemos e guardamos com os poderes e evidentemente exigimos igualmente de todos os poderes em rela\u00e7\u00e3o a n\u00f3s.<\/p>\n<p>O juiz brasileiro \u00e9 um juiz que tem trabalhado pela Rep\u00fablica, como trabalhou pelo imp\u00e9rio. Somos humanos, temos erros. Por isso existe esse Conselho Nacional de Justi\u00e7a, para fortalecer um poder Judici\u00e1rio coerente com os princ\u00edpios constitucionais, com as demandas e aspira\u00e7\u00f5es do povo brasileiro.<\/p>\n<p>Mas por isso mesmo n\u00f3s nos portamos com dignidade em rela\u00e7\u00e3o \u00e0 Constitui\u00e7\u00e3o, uma vez que n\u00f3s juramos \u00e0 Constitui\u00e7\u00e3o, todos n\u00f3s ju\u00edzes brasileiros. E nessa Constitui\u00e7\u00e3o, em seu artigo 2\u00ba, se tem que s\u00e3o poderes da Rep\u00fablica independentes e harm\u00f4nicos, o Legislativo, O Executivo e o Judici\u00e1rio. Numa democracia, o juiz \u00e9 essencial como s\u00e3o essenciais os membros de todos os outros poderes, repito que n\u00f3s respeitamos.<\/p>\n<p>Mas queremos tamb\u00e9m, queremos n\u00e3o, exigimos o mesmo e igual respeito para que a gente tenha democracia fundada nos princ\u00edpios constitucionais, nos valores que nortearam n\u00e3o apenas a formula\u00e7\u00e3o, mas a pr\u00e1tica dessa Constitui\u00e7\u00e3o.<\/p>\n<p>Todas as vezes que um juiz \u00e9 agredido, eu e cada um de n\u00f3s ju\u00edzes \u00e9 agredido. E n\u00e3o h\u00e1 a menor necessidade de numa conviv\u00eancia democr\u00e1tica livre e harm\u00f4nica, haver qualquer tipo de questionamento que n\u00e3o seja nos estreitos limites da constitucionalidade e da legalidade.<\/p>\n<p>O Poder Judici\u00e1rio forte \u00e9 uma garantia para o cidad\u00e3o. Todos os erros, jurisdicionais ou administrativos que eventualmente venham a ser praticados por n\u00f3s ju\u00edzes, humanos que somos, portanto sujeitos a erros, no caso jurisdicional, o Brasil \u00e9 prodigo que qualquer pessoa possa questionar e questione pelos meios recursais pr\u00f3prios os atos. O que n\u00e3o \u00e9 admiss\u00edvel aqui, fora dos autos, qualquer juiz seja diminu\u00eddo ou desmoralizado. Porque como eu disse, onde um juiz for destratado, eu tamb\u00e9m sou. Qualquer um de n\u00f3s ju\u00edzes \u00e9.<\/p>\n<p>Esse Conselho Nacional de Justi\u00e7a, como todos os \u00f3rg\u00e3os do Poder Judici\u00e1rio, est\u00e1 cumprindo a sua fun\u00e7\u00e3o da melhor maneira e sabendo que nossos atos s\u00e3o question\u00e1veis. Os meus, no Supremo, o juiz do Tribunal Regional do trabalho, um juiz de primeira inst\u00e2ncia. Somos todos igualmente ju\u00edzes brasileiros querendo cumprir nossas fun\u00e7\u00f5es.<\/p>\n<p>Espero que isso seja de compreens\u00e3o geral, de respeito integral. O mesmo respeito que n\u00f3s Poder Judici\u00e1rio dedicamos a todos os \u00f3rg\u00e3os da Rep\u00fablica, afinal somos sim independentes e estamos buscando a harmonia em benef\u00edcio do cidad\u00e3o brasileiro. Espero que isso n\u00e3o seja esquecido por ningu\u00e9m, porque n\u00f3s ju\u00edzes n\u00e3o temos nos esquecido disso.<\/p>\n","protected":false},"excerpt":{"rendered":"<p>CARMEN L\u00daCIA REBATE RENAN E PEDE RESPEITO AO JUDICI\u00c1RIO<\/p>\n","protected":false},"author":1,"featured_media":0,"comment_status":"closed","ping_status":"open","sticky":false,"template":"","format":"standard","meta":{"_exactmetrics_skip_tracking":false,"_exactmetrics_sitenote_active":false,"_exactmetrics_sitenote_note":"","_exactmetrics_sitenote_category":0,"jetpack_post_was_ever_published":false,"_jetpack_newsletter_access":"","_jetpack_dont_email_post_to_subs":false,"_jetpack_newsletter_tier_id":0,"_jetpack_memberships_contains_paywalled_content":false,"_jetpack_memberships_contains_paid_content":false,"footnotes":"","jetpack_publicize_message":"","jetpack_publicize_feature_enabled":true,"jetpack_social_post_already_shared":true,"jetpack_social_options":{"image_generator_settings":{"template":"highway","enabled":false},"version":2}},"categories":[1],"tags":[],"class_list":["post-5345","post","type-post","status-publish","format-standard","hentry","category-notas"],"jetpack_publicize_connections":[],"jetpack_sharing_enabled":true,"jetpack_featured_media_url":"","jetpack_shortlink":"https:\/\/wp.me\/p7wKYW-1od","jetpack-related-posts":[],"_links":{"self":[{"href":"http:\/\/blogdalucianaoliveira.com.br\/blog\/wp-json\/wp\/v2\/posts\/5345","targetHints":{"allow":["GET"]}}],"collection":[{"href":"http:\/\/blogdalucianaoliveira.com.br\/blog\/wp-json\/wp\/v2\/posts"}],"about":[{"href":"http:\/\/blogdalucianaoliveira.com.br\/blog\/wp-json\/wp\/v2\/types\/post"}],"author":[{"embeddable":true,"href":"http:\/\/blogdalucianaoliveira.com.br\/blog\/wp-json\/wp\/v2\/users\/1"}],"replies":[{"embeddable":true,"href":"http:\/\/blogdalucianaoliveira.com.br\/blog\/wp-json\/wp\/v2\/comments?post=5345"}],"version-history":[{"count":1,"href":"http:\/\/blogdalucianaoliveira.com.br\/blog\/wp-json\/wp\/v2\/posts\/5345\/revisions"}],"predecessor-version":[{"id":5347,"href":"http:\/\/blogdalucianaoliveira.com.br\/blog\/wp-json\/wp\/v2\/posts\/5345\/revisions\/5347"}],"wp:attachment":[{"href":"http:\/\/blogdalucianaoliveira.com.br\/blog\/wp-json\/wp\/v2\/media?parent=5345"}],"wp:term":[{"taxonomy":"category","embeddable":true,"href":"http:\/\/blogdalucianaoliveira.com.br\/blog\/wp-json\/wp\/v2\/categories?post=5345"},{"taxonomy":"post_tag","embeddable":true,"href":"http:\/\/blogdalucianaoliveira.com.br\/blog\/wp-json\/wp\/v2\/tags?post=5345"}],"curies":[{"name":"wp","href":"https:\/\/api.w.org\/{rel}","templated":true}]}}