{"id":5368,"date":"2016-10-25T21:26:00","date_gmt":"2016-10-26T01:26:00","guid":{"rendered":"http:\/\/blogdalucianaoliveira.com.br\/blog\/?p=5368"},"modified":"2016-10-25T21:26:00","modified_gmt":"2016-10-26T01:26:00","slug":"com-359-votos-camara-aprova-pec-241-em-2o-turno","status":"publish","type":"post","link":"http:\/\/blogdalucianaoliveira.com.br\/blog\/2016\/10\/25\/com-359-votos-camara-aprova-pec-241-em-2o-turno\/","title":{"rendered":"COM 359 VOTOS, C\u00c2MARA APROVA PEC 241 EM 2\u00ba TURNO"},"content":{"rendered":"<p><img data-recalc-dims=\"1\" loading=\"lazy\" decoding=\"async\" data-attachment-id=\"5369\" data-permalink=\"http:\/\/blogdalucianaoliveira.com.br\/blog\/2016\/10\/25\/com-359-votos-camara-aprova-pec-241-em-2o-turno\/img_6972\/\" data-orig-file=\"https:\/\/i0.wp.com\/blogdalucianaoliveira.com.br\/blog\/wp-content\/uploads\/2016\/10\/IMG_6972.jpg?fit=1000%2C357\" data-orig-size=\"1000,357\" data-comments-opened=\"0\" data-image-meta=\"{&quot;aperture&quot;:&quot;0&quot;,&quot;credit&quot;:&quot;&quot;,&quot;camera&quot;:&quot;&quot;,&quot;caption&quot;:&quot;&quot;,&quot;created_timestamp&quot;:&quot;0&quot;,&quot;copyright&quot;:&quot;&quot;,&quot;focal_length&quot;:&quot;0&quot;,&quot;iso&quot;:&quot;0&quot;,&quot;shutter_speed&quot;:&quot;0&quot;,&quot;title&quot;:&quot;&quot;,&quot;orientation&quot;:&quot;0&quot;}\" data-image-title=\"img_6972\" data-image-description=\"\" data-image-caption=\"\" data-medium-file=\"https:\/\/i0.wp.com\/blogdalucianaoliveira.com.br\/blog\/wp-content\/uploads\/2016\/10\/IMG_6972.jpg?fit=300%2C107\" data-large-file=\"https:\/\/i0.wp.com\/blogdalucianaoliveira.com.br\/blog\/wp-content\/uploads\/2016\/10\/IMG_6972.jpg?fit=600%2C214\" src=\"https:\/\/i0.wp.com\/blogdalucianaoliveira.com.br\/blog\/wp-content\/uploads\/2016\/10\/IMG_6972.jpg?resize=600%2C214\" alt=\"img_6972\" width=\"600\" height=\"214\" class=\"alignnone size-full wp-image-5369\" srcset=\"https:\/\/i0.wp.com\/blogdalucianaoliveira.com.br\/blog\/wp-content\/uploads\/2016\/10\/IMG_6972.jpg?w=1000 1000w, https:\/\/i0.wp.com\/blogdalucianaoliveira.com.br\/blog\/wp-content\/uploads\/2016\/10\/IMG_6972.jpg?resize=300%2C107 300w, https:\/\/i0.wp.com\/blogdalucianaoliveira.com.br\/blog\/wp-content\/uploads\/2016\/10\/IMG_6972.jpg?resize=768%2C274 768w, https:\/\/i0.wp.com\/blogdalucianaoliveira.com.br\/blog\/wp-content\/uploads\/2016\/10\/IMG_6972.jpg?resize=800%2C286 800w\" sizes=\"auto, (max-width: 600px) 100vw, 600px\" \/><\/p>\n<p>247 &#8211; C\u00e2mara dos Deputados aprovou na noite desta ter\u00e7a-feira, 25, em segundo turno, o texto principal da Proposta de Emenda \u00e0 Constitui\u00e7\u00e3o que limita por 20 anos os gastos p\u00fablicos, indexando-os \u00e0 infla\u00e7\u00e3o. <!--more--><\/p>\n<p>PEC 241 foi aprovada com 359 votos a favor, 116 votos contra e 2 absten\u00e7\u00f5es. Deputados votam no momento os destaques ao texto. <\/p>\n<p>O texto estabelece que, pelos pr\u00f3ximos 20 anos, as despesas da Executivo, Legislativo e Judici\u00e1rio s\u00f3 poder\u00e3o crescer conforme a infla\u00e7\u00e3o do ano anterior. A partir do d\u00e9cimo ano, o presidente da Rep\u00fablica poder\u00e1 propor uma nova base de c\u00e1lculo ao Congresso.<\/p>\n<p>Ao longo de toda a sess\u00e3o, a oposi\u00e7\u00e3o apresentou uma s\u00e9rie de requerimentos. Parlamentares apresentaram um pedido com 330 mil assinaturas contra a aprova\u00e7\u00e3o da PEC. Da galeria do plen\u00e1rio, manifestantes gritavam a todo instante palavras de ordem contra a PEC, como &#8220;Ou para essa PEC ou para o Brasil&#8221;.<\/p>\n<p>Leia reportagem da Ag\u00eancia Brasil sobre o assunto: <\/p>\n<p>Depois de mais de sete horas de discuss\u00e3o e obstru\u00e7\u00e3o da oposi\u00e7\u00e3o, o plen\u00e1rio da C\u00e2mara dos Deputados aprovou na noite de hoje (25), em segundo turno, o texto principal da proposta de emenda \u00e0 Constitui\u00e7\u00e3o (PEC) 241\/2016, que limita os gastos p\u00fablicos pelos pr\u00f3ximos 20 anos \u00e0 corre\u00e7\u00e3o da infla\u00e7\u00e3o do ano anterior. Foram 359 votos a favor, 116 contr\u00e1rios e duas absten\u00e7\u00f5es. Seis destaques ao texto apresentados pela oposi\u00e7\u00e3o ainda precisam ser votados.<\/p>\n<p>Pouco antes de encerrar a vota\u00e7\u00e3o, o presidente da C\u00e2mara, Rodrigo Maia (DEM-RJ), mandou que a Pol\u00edcia Legislativa retirasse das galerias cerca de 50 manifestantes que protestavam contra a aprova\u00e7\u00e3o da PEC.<\/p>\n<p>Ao orientar os deputados da base governista a votarem a favor da aprova\u00e7\u00e3o da PEC, o l\u00edder do governo, deputado Andr\u00e9 Moura (PSC-SE), disse que a limita\u00e7\u00e3o de gastos \u00e9 fundamental para a retomada do crescimento econ\u00f4mico e do emprego e para o fim da recess\u00e3o. Segundo Moura, a PEC n\u00e3o mexe nos recursos das \u00e1reas priorit\u00e1rias como a sa\u00fade e a educa\u00e7\u00e3o.<\/p>\n<p>Desde o in\u00edcio da discuss\u00e3o da PEC dos Gastos P\u00fablicos, a oposi\u00e7\u00e3o critica a medida e diz que a limita\u00e7\u00e3o vai retirar recursos das \u00e1reas sociais, principalmente da sa\u00fade e da educa\u00e7\u00e3o. Os governistas rebatem os argumentos e garantem que n\u00e3o haver\u00e1 cortes nessas \u00e1reas.<\/p>\n<p>Para que a PEC 241 seja encaminhada para discuss\u00e3o e vota\u00e7\u00e3o no Senado, os deputados precisam agora votar os destaques ao texto.<\/p>\n<p>O presidente do Senado, Renan Calheiros (PMDB-AL), e os aliados do governo esperam concluir a aprecia\u00e7\u00e3o da PEC na Casa em novembro para que a proposta seja promulgada e anexada \u00e0 Constitui\u00e7\u00e3o Federal.<\/p>\n","protected":false},"excerpt":{"rendered":"<p>247 &#8211; C\u00e2mara dos Deputados aprovou na noite desta ter\u00e7a-feira, 25, em segundo turno, o texto principal da Proposta de Emenda \u00e0 Constitui\u00e7\u00e3o que limita por 20 anos os gastos p\u00fablicos, indexando-os \u00e0 infla\u00e7\u00e3o.<\/p>\n","protected":false},"author":1,"featured_media":0,"comment_status":"closed","ping_status":"open","sticky":false,"template":"","format":"standard","meta":{"_exactmetrics_skip_tracking":false,"_exactmetrics_sitenote_active":false,"_exactmetrics_sitenote_note":"","_exactmetrics_sitenote_category":0,"jetpack_post_was_ever_published":false,"_jetpack_newsletter_access":"","_jetpack_dont_email_post_to_subs":false,"_jetpack_newsletter_tier_id":0,"_jetpack_memberships_contains_paywalled_content":false,"_jetpack_memberships_contains_paid_content":false,"footnotes":"","jetpack_publicize_message":"","jetpack_publicize_feature_enabled":true,"jetpack_social_post_already_shared":true,"jetpack_social_options":{"image_generator_settings":{"template":"highway","enabled":false},"version":2}},"categories":[1],"tags":[],"class_list":["post-5368","post","type-post","status-publish","format-standard","hentry","category-notas"],"jetpack_publicize_connections":[],"jetpack_sharing_enabled":true,"jetpack_featured_media_url":"","jetpack_shortlink":"https:\/\/wp.me\/p7wKYW-1oA","jetpack-related-posts":[],"_links":{"self":[{"href":"http:\/\/blogdalucianaoliveira.com.br\/blog\/wp-json\/wp\/v2\/posts\/5368","targetHints":{"allow":["GET"]}}],"collection":[{"href":"http:\/\/blogdalucianaoliveira.com.br\/blog\/wp-json\/wp\/v2\/posts"}],"about":[{"href":"http:\/\/blogdalucianaoliveira.com.br\/blog\/wp-json\/wp\/v2\/types\/post"}],"author":[{"embeddable":true,"href":"http:\/\/blogdalucianaoliveira.com.br\/blog\/wp-json\/wp\/v2\/users\/1"}],"replies":[{"embeddable":true,"href":"http:\/\/blogdalucianaoliveira.com.br\/blog\/wp-json\/wp\/v2\/comments?post=5368"}],"version-history":[{"count":1,"href":"http:\/\/blogdalucianaoliveira.com.br\/blog\/wp-json\/wp\/v2\/posts\/5368\/revisions"}],"predecessor-version":[{"id":5370,"href":"http:\/\/blogdalucianaoliveira.com.br\/blog\/wp-json\/wp\/v2\/posts\/5368\/revisions\/5370"}],"wp:attachment":[{"href":"http:\/\/blogdalucianaoliveira.com.br\/blog\/wp-json\/wp\/v2\/media?parent=5368"}],"wp:term":[{"taxonomy":"category","embeddable":true,"href":"http:\/\/blogdalucianaoliveira.com.br\/blog\/wp-json\/wp\/v2\/categories?post=5368"},{"taxonomy":"post_tag","embeddable":true,"href":"http:\/\/blogdalucianaoliveira.com.br\/blog\/wp-json\/wp\/v2\/tags?post=5368"}],"curies":[{"name":"wp","href":"https:\/\/api.w.org\/{rel}","templated":true}]}}