{"id":5378,"date":"2016-10-26T10:45:41","date_gmt":"2016-10-26T14:45:41","guid":{"rendered":"http:\/\/blogdalucianaoliveira.com.br\/blog\/?p=5378"},"modified":"2016-10-26T13:17:53","modified_gmt":"2016-10-26T17:17:53","slug":"a-ignorancia-e-o-preconceito-da-bexiga","status":"publish","type":"post","link":"http:\/\/blogdalucianaoliveira.com.br\/blog\/2016\/10\/26\/a-ignorancia-e-o-preconceito-da-bexiga\/","title":{"rendered":"A IGNOR\u00c2NCIA E O PRECONCEITO DA BEXIGA"},"content":{"rendered":"<p><img data-recalc-dims=\"1\" loading=\"lazy\" decoding=\"async\" data-attachment-id=\"5379\" data-permalink=\"http:\/\/blogdalucianaoliveira.com.br\/blog\/2016\/10\/26\/a-ignorancia-e-o-preconceito-da-bexiga\/alexia\/\" data-orig-file=\"https:\/\/i0.wp.com\/blogdalucianaoliveira.com.br\/blog\/wp-content\/uploads\/2016\/10\/alexia.jpg?fit=732%2C1036\" data-orig-size=\"732,1036\" data-comments-opened=\"0\" data-image-meta=\"{&quot;aperture&quot;:&quot;0&quot;,&quot;credit&quot;:&quot;&quot;,&quot;camera&quot;:&quot;&quot;,&quot;caption&quot;:&quot;&quot;,&quot;created_timestamp&quot;:&quot;0&quot;,&quot;copyright&quot;:&quot;&quot;,&quot;focal_length&quot;:&quot;0&quot;,&quot;iso&quot;:&quot;0&quot;,&quot;shutter_speed&quot;:&quot;0&quot;,&quot;title&quot;:&quot;&quot;,&quot;orientation&quot;:&quot;0&quot;}\" data-image-title=\"alexia\" data-image-description=\"\" data-image-caption=\"\" data-medium-file=\"https:\/\/i0.wp.com\/blogdalucianaoliveira.com.br\/blog\/wp-content\/uploads\/2016\/10\/alexia.jpg?fit=212%2C300\" data-large-file=\"https:\/\/i0.wp.com\/blogdalucianaoliveira.com.br\/blog\/wp-content\/uploads\/2016\/10\/alexia.jpg?fit=600%2C849\" src=\"https:\/\/i0.wp.com\/blogdalucianaoliveira.com.br\/blog\/wp-content\/uploads\/2016\/10\/alexia.jpg?resize=600%2C849\" alt=\"alexia\" width=\"600\" height=\"849\" class=\"alignnone size-full wp-image-5379\" srcset=\"https:\/\/i0.wp.com\/blogdalucianaoliveira.com.br\/blog\/wp-content\/uploads\/2016\/10\/alexia.jpg?w=732 732w, https:\/\/i0.wp.com\/blogdalucianaoliveira.com.br\/blog\/wp-content\/uploads\/2016\/10\/alexia.jpg?resize=212%2C300 212w\" sizes=\"auto, (max-width: 600px) 100vw, 600px\" \/><\/p>\n<p>\u00c9 mais quem debate sobre como come\u00e7ou a onda de dividir o Brasil, se com o povo da esquerda ou da direita.<!--more--><\/p>\n<p>Que me lembre quem come\u00e7ou a dana\u00e7\u00e3o, o chabu de preconceito com o Nordeste foi Diogo Mainardi, comentarista no programa &#8220;Manhattan Connection&#8221;, da Globo News, h\u00e1 dois anos.<\/p>\n<p>\u201cO Nordeste sempre foi retr\u00f3grado, sempre foi governista, sempre foi bovino, sempre foi subalterno durante a ditadura militar, depois com o reinado do PFL e agora com o PT. \u00c9 uma regi\u00e3o atrasada, pouco educada, pouco constru\u00edda, que tem uma grande dificuldade para se modernizar na linguagem.\u201d<\/p>\n<p>Do mesmo jeito que uma ruma de gente repudiou, outra de brocoi\u00f3s fez correr  a declara\u00e7\u00e3o da peste como que admitindo.<\/p>\n<p>Uma renca criou at\u00e9 um movimento, com plebiscito e tudo, pra dividir o pa\u00eds com estados do Sul.<br \/>\nNesta ter\u00e7a-feira (25), quem soltou o roj\u00e3o de preconceito aos nordestinos foi a atriz Alexia Dechamps, aquela que interpretou uma quenga na novela Mulheres de Areia que apoiou o vice-prefeito que tomou posse com um golpe.<\/p>\n<p>A sibite baleada fez uma declara\u00e7\u00e3o da mol\u00e9stia contra o povo do Nordeste numa audi\u00eancia p\u00fablica na C\u00e2mara dos Deputados em que se discutia a proibi\u00e7\u00e3o da pr\u00e1tica da vaquejada no Brasil, uma tradi\u00e7\u00e3o cultural. <\/p>\n<p>A mucissa foi l\u00e1 dar palpite a convite do deputado Ricardo Izar (PP-SP) em defesa dos animais.<\/p>\n<p>&#8220;Calem a boca que n\u00f3s j\u00e1 pagamos o Bolsa Fam\u00edlia de voc\u00eas&#8221;, disse.<\/p>\n<div style=\"width: 600px;\" class=\"wp-video\"><video class=\"wp-video-shortcode\" id=\"video-5378-1\" width=\"600\" height=\"338\" preload=\"metadata\" controls=\"controls\"><source type=\"video\/mp4\" src=\"http:\/\/blogdalucianaoliveira.com.br\/blog\/wp-content\/uploads\/2016\/10\/IMG_6989.mp4?_=1\" \/><a href=\"http:\/\/blogdalucianaoliveira.com.br\/blog\/wp-content\/uploads\/2016\/10\/IMG_6989.mp4\">http:\/\/blogdalucianaoliveira.com.br\/blog\/wp-content\/uploads\/2016\/10\/IMG_6989.mp4<\/a><\/video><\/div>\n<p>Eu mesma n\u00e3o vi, soube porque a colunista Fab\u00edola Reipert, do site &#8216;R7&#8217;, divulgou o car\u00e3o que a modelo Maria Paula Maia, que estava na audi\u00eancia, deu na colega abestada atrav\u00e9s do Instagram.<\/p>\n<p>\u201cEstou chocada que al\u00e9m de completamente alienados, esse pessoal \u00e9 extremamente preconceituoso e desrespeitoso\u201d, disse a atriz.<\/p>\n<p>O que essa cabruquenta disse n\u00e3o piora o que j\u00e1 foi dito contra o Nordeste, mas confirma que o preconceito e o \u00f3dio  que empestaram mentes s\u00e3o disseminados todos os dias pela direita com sangue velho da extrema-direita.<\/p>\n<p>Vem do povo que tem pavor de dividir espa\u00e7o com pobre, por isso quanto mais pobre melhor, porque fica mais distante.<\/p>\n<p>Vem do povo que podendo acabaria com o Bolsa Fam\u00edlia s\u00f3 pra pobre morrer mais r\u00e1pido do que j\u00e1 morre.<\/p>\n<p>Imagine o Brasil Ser Dividido e o Nordeste ficar independente!<\/p>\n<p>O poeta cabra da peste, Braulio Bessa, imaginou e com um verso que foi uma chapuletada na ignor\u00e2ncia dos que n\u00e3o precisam de Bolsa de Fam\u00edlia, mas fazem quest\u00e3o de Bolsa Privil\u00e9gio, respondeu com muito amor.<\/p>\n<p>\u201cSe isso a\u00ed se tornar realidade<br \/>\nE algu\u00e9m do Brasil nos visitar<br \/>\nNesse nosso pa\u00eds vai encontrar<br \/>\nConfian\u00e7a, respeito e amizade\u201d<\/p>\n<p>E, pra finalizar, a p\u00e9rola do poeta nordestino Jessier Quirino: &#8220;Triste do homem (ou mulher) que faz da boca um cu&#8221;.<\/p>\n","protected":false},"excerpt":{"rendered":"<p>\u00c9 mais quem debate sobre como come\u00e7ou a onda de dividir o Brasil, se com o povo da esquerda ou da direita.<\/p>\n","protected":false},"author":1,"featured_media":0,"comment_status":"closed","ping_status":"open","sticky":false,"template":"","format":"standard","meta":{"_exactmetrics_skip_tracking":false,"_exactmetrics_sitenote_active":false,"_exactmetrics_sitenote_note":"","_exactmetrics_sitenote_category":0,"jetpack_post_was_ever_published":false,"_jetpack_newsletter_access":"","_jetpack_dont_email_post_to_subs":false,"_jetpack_newsletter_tier_id":0,"_jetpack_memberships_contains_paywalled_content":false,"_jetpack_memberships_contains_paid_content":false,"footnotes":"","jetpack_publicize_message":"","jetpack_publicize_feature_enabled":true,"jetpack_social_post_already_shared":true,"jetpack_social_options":{"image_generator_settings":{"template":"highway","enabled":false},"version":2}},"categories":[1],"tags":[],"class_list":["post-5378","post","type-post","status-publish","format-standard","hentry","category-notas"],"jetpack_publicize_connections":[],"jetpack_sharing_enabled":true,"jetpack_featured_media_url":"","jetpack_shortlink":"https:\/\/wp.me\/p7wKYW-1oK","jetpack-related-posts":[],"_links":{"self":[{"href":"http:\/\/blogdalucianaoliveira.com.br\/blog\/wp-json\/wp\/v2\/posts\/5378","targetHints":{"allow":["GET"]}}],"collection":[{"href":"http:\/\/blogdalucianaoliveira.com.br\/blog\/wp-json\/wp\/v2\/posts"}],"about":[{"href":"http:\/\/blogdalucianaoliveira.com.br\/blog\/wp-json\/wp\/v2\/types\/post"}],"author":[{"embeddable":true,"href":"http:\/\/blogdalucianaoliveira.com.br\/blog\/wp-json\/wp\/v2\/users\/1"}],"replies":[{"embeddable":true,"href":"http:\/\/blogdalucianaoliveira.com.br\/blog\/wp-json\/wp\/v2\/comments?post=5378"}],"version-history":[{"count":7,"href":"http:\/\/blogdalucianaoliveira.com.br\/blog\/wp-json\/wp\/v2\/posts\/5378\/revisions"}],"predecessor-version":[{"id":5394,"href":"http:\/\/blogdalucianaoliveira.com.br\/blog\/wp-json\/wp\/v2\/posts\/5378\/revisions\/5394"}],"wp:attachment":[{"href":"http:\/\/blogdalucianaoliveira.com.br\/blog\/wp-json\/wp\/v2\/media?parent=5378"}],"wp:term":[{"taxonomy":"category","embeddable":true,"href":"http:\/\/blogdalucianaoliveira.com.br\/blog\/wp-json\/wp\/v2\/categories?post=5378"},{"taxonomy":"post_tag","embeddable":true,"href":"http:\/\/blogdalucianaoliveira.com.br\/blog\/wp-json\/wp\/v2\/tags?post=5378"}],"curies":[{"name":"wp","href":"https:\/\/api.w.org\/{rel}","templated":true}]}}