{"id":5385,"date":"2016-10-26T11:38:47","date_gmt":"2016-10-26T15:38:47","guid":{"rendered":"http:\/\/blogdalucianaoliveira.com.br\/blog\/?p=5385"},"modified":"2016-10-26T11:38:47","modified_gmt":"2016-10-26T15:38:47","slug":"nao-quero-lhe-falar-meu-grande-amor-das-coisas-que-aprendi-nos-discos-quero-lhe-contar-como-eu-vivi-e-tudo-que-aconteceu-comigo","status":"publish","type":"post","link":"http:\/\/blogdalucianaoliveira.com.br\/blog\/2016\/10\/26\/nao-quero-lhe-falar-meu-grande-amor-das-coisas-que-aprendi-nos-discos-quero-lhe-contar-como-eu-vivi-e-tudo-que-aconteceu-comigo\/","title":{"rendered":"N\u00e3o quero lhe falar, meu grande amor, das coisas que aprendi nos discos. Quero lhe contar como eu vivi e tudo que aconteceu comigo"},"content":{"rendered":"<p><img data-recalc-dims=\"1\" loading=\"lazy\" decoding=\"async\" data-attachment-id=\"5386\" data-permalink=\"http:\/\/blogdalucianaoliveira.com.br\/blog\/2016\/10\/26\/nao-quero-lhe-falar-meu-grande-amor-das-coisas-que-aprendi-nos-discos-quero-lhe-contar-como-eu-vivi-e-tudo-que-aconteceu-comigo\/belchior\/\" data-orig-file=\"https:\/\/i0.wp.com\/blogdalucianaoliveira.com.br\/blog\/wp-content\/uploads\/2016\/10\/belchior.jpeg?fit=800%2C508\" data-orig-size=\"800,508\" data-comments-opened=\"0\" data-image-meta=\"{&quot;aperture&quot;:&quot;0&quot;,&quot;credit&quot;:&quot;&quot;,&quot;camera&quot;:&quot;&quot;,&quot;caption&quot;:&quot;&quot;,&quot;created_timestamp&quot;:&quot;0&quot;,&quot;copyright&quot;:&quot;&quot;,&quot;focal_length&quot;:&quot;0&quot;,&quot;iso&quot;:&quot;0&quot;,&quot;shutter_speed&quot;:&quot;0&quot;,&quot;title&quot;:&quot;&quot;,&quot;orientation&quot;:&quot;0&quot;}\" data-image-title=\"belchior\" data-image-description=\"\" data-image-caption=\"\" data-medium-file=\"https:\/\/i0.wp.com\/blogdalucianaoliveira.com.br\/blog\/wp-content\/uploads\/2016\/10\/belchior.jpeg?fit=300%2C191\" data-large-file=\"https:\/\/i0.wp.com\/blogdalucianaoliveira.com.br\/blog\/wp-content\/uploads\/2016\/10\/belchior.jpeg?fit=600%2C381\" src=\"https:\/\/i0.wp.com\/blogdalucianaoliveira.com.br\/blog\/wp-content\/uploads\/2016\/10\/belchior.jpeg?resize=600%2C381\" alt=\"belchior\" width=\"600\" height=\"381\" class=\"alignnone size-full wp-image-5386\" srcset=\"https:\/\/i0.wp.com\/blogdalucianaoliveira.com.br\/blog\/wp-content\/uploads\/2016\/10\/belchior.jpeg?w=800 800w, https:\/\/i0.wp.com\/blogdalucianaoliveira.com.br\/blog\/wp-content\/uploads\/2016\/10\/belchior.jpeg?resize=300%2C191 300w, https:\/\/i0.wp.com\/blogdalucianaoliveira.com.br\/blog\/wp-content\/uploads\/2016\/10\/belchior.jpeg?resize=768%2C488 768w, https:\/\/i0.wp.com\/blogdalucianaoliveira.com.br\/blog\/wp-content\/uploads\/2016\/10\/belchior.jpeg?resize=472%2C300 472w\" sizes=\"auto, (max-width: 600px) 100vw, 600px\" \/><\/p>\n<p>O anivers\u00e1rio do rapaz latino-americanoEm comemora\u00e7\u00e3o ao anivers\u00e1rio de 70 anos do cantor e compositor Belchior, O POVO lan\u00e7a projeto transm\u00eddia com caderno especial, webdoc e hotsite.<!--more--><\/p>\n<p>Isabel Costa<br \/>\nO Povo<\/p>\n<p>Antonio Carlos Belchior canta os hinos das gera\u00e7\u00f5es desde a d\u00e9cada de 1970. Surgiu no cen\u00e1rio nacional com letras cortantes e uma voz nasalada que despertou a curiosidade de produtores, artistas e p\u00fablico. Amanh\u00e3, 26, \u00e9 celebrado o anivers\u00e1rio de 70 anos do cantor e compositor. Distante dos holofotes h\u00e1 pelo menos oito anos, ele permanece no imagin\u00e1rio coletivo. Nas pra\u00e7as, camisetas, r\u00e1dios, playlists. Para celebrar as sete d\u00e9cadas do artista, O POVO lan\u00e7a projeto transm\u00eddia com caderno especial, webdoc e hotsite.<\/p>\n<p>Evento celebrativo acontece no Espa\u00e7o O POVO de Cultura &#038; Arte, amanh\u00e3, a partir das 19 horas, e tem entrada gratuita. Na programa\u00e7\u00e3o, al\u00e9m do projeto Belchior 70 anos, ser\u00e1 lan\u00e7ado o livro Para Belchior Com Amor &#8211; colet\u00e2nea de textos de autores cearenses inspirados em can\u00e7\u00f5es do sobralense. Entre os participantes da publica\u00e7\u00e3o est\u00e3o Xico S\u00e1, Gero Camilo e Raymundo Netto. Parte das m\u00fasicas que serviram de mote para os textos vem de Alucina\u00e7\u00e3o, disco que completa 40 anos em 2016.<\/p>\n<p>O livro chegou ao mercado no dia 7 de outubro, em sess\u00e3o comemorativa no Theatro Jos\u00e9 de Alencar (TJA). Desde ent\u00e3o, o organizador da colet\u00e2nea, escritor Ricardo Kelmer, realizou uma s\u00e9rie de eventos pela Cidade como forma de celebrar as composi\u00e7\u00f5es de Belchior, o anivers\u00e1rio do artista, a atualidade do cancioneiro e a constru\u00e7\u00e3o coletiva que resultou no livro.<\/p>\n<p>\u201cFalar de Belchior \u00e9 falar do Cear\u00e1, da nossa m\u00fasica, do nosso povo. Mais que um artista, ele foi um fot\u00f3grafo que registrou uma \u00e9poca em imagens musicais. Curiosamente, essa \u00e9poca poderia ser o hoje, j\u00e1 que suas can\u00e7\u00f5es permanecem atuais\u201d, aponta Marcos Sampaio, editor adjunto do N\u00facleo de Cultura e Entretenimento do O POVO e um dos respons\u00e1veis pelo projeto Belchior 70 anos. No caderno especial, no webdoc e no hotsite est\u00e3o depoimentos de amigos, parceiros de trabalho, cr\u00edticos de m\u00fasica e especialistas na obra de Belchior. \u00c9 um recorte sobre o homem por tr\u00e1s do mito, o artista sens\u00edvel, o intelectual brilhante, o irm\u00e3o afetuoso.<\/p>\n<p>\u201cQueria fazer uma homenagem e ao mesmo tempo uma celebra\u00e7\u00e3o da obra dele e dos valores que ela representa. S\u00e3o can\u00e7\u00f5es que permanecem atuais e representativas hoje em dia. A obra dele \u00e9 mais atual agora do que na d\u00e9cada de 1970\u201d, refor\u00e7a Ricardo Kelmer ao falar sobre o livro Para Belchior Com Amor. Amanh\u00e3, durante evento no Espa\u00e7o O POVO de Cultura &#038; Arte, ele vai mediar debate que contar\u00e1 com dois dos autores do livro: a jornalista Ethel de Paula e o professor universit\u00e1rio Jos\u00e9 Am\u00e9rico Saraiva. Marcos Sampaio tamb\u00e9m participa da conversa. O debate ser\u00e1 intercalado por can\u00e7\u00f5es de Belchior &#8211; executadas por Moacir Bed\u00ea e Pedro Falc\u00e3o.<\/p>\n<p>SERVI\u00c7O<\/p>\n<p>Belchior 70 anos<\/p>\n<p>Quando: quarta-feira, 26, \u00e0s 19 horas<br \/>\nOnde: Espa\u00e7o O POVO de Cultura &#038; Arte (avenida Aguanambi, 282 \u2013 Joaquim T\u00e1vora).<\/p>\n<p>Entrada gratuita<br \/>\nOutras info: 3255 6037<\/p>\n","protected":false},"excerpt":{"rendered":"<p>O anivers\u00e1rio do rapaz latino-americanoEm comemora\u00e7\u00e3o ao anivers\u00e1rio de 70 anos do cantor e compositor Belchior, O POVO lan\u00e7a projeto transm\u00eddia com caderno especial, webdoc e hotsite.<\/p>\n","protected":false},"author":1,"featured_media":0,"comment_status":"closed","ping_status":"open","sticky":false,"template":"","format":"standard","meta":{"_exactmetrics_skip_tracking":false,"_exactmetrics_sitenote_active":false,"_exactmetrics_sitenote_note":"","_exactmetrics_sitenote_category":0,"jetpack_post_was_ever_published":false,"_jetpack_newsletter_access":"","_jetpack_dont_email_post_to_subs":false,"_jetpack_newsletter_tier_id":0,"_jetpack_memberships_contains_paywalled_content":false,"_jetpack_memberships_contains_paid_content":false,"footnotes":"","jetpack_publicize_message":"","jetpack_publicize_feature_enabled":true,"jetpack_social_post_already_shared":true,"jetpack_social_options":{"image_generator_settings":{"template":"highway","enabled":false},"version":2}},"categories":[1],"tags":[],"class_list":["post-5385","post","type-post","status-publish","format-standard","hentry","category-notas"],"jetpack_publicize_connections":[],"jetpack_sharing_enabled":true,"jetpack_featured_media_url":"","jetpack_shortlink":"https:\/\/wp.me\/p7wKYW-1oR","jetpack-related-posts":[],"_links":{"self":[{"href":"http:\/\/blogdalucianaoliveira.com.br\/blog\/wp-json\/wp\/v2\/posts\/5385","targetHints":{"allow":["GET"]}}],"collection":[{"href":"http:\/\/blogdalucianaoliveira.com.br\/blog\/wp-json\/wp\/v2\/posts"}],"about":[{"href":"http:\/\/blogdalucianaoliveira.com.br\/blog\/wp-json\/wp\/v2\/types\/post"}],"author":[{"embeddable":true,"href":"http:\/\/blogdalucianaoliveira.com.br\/blog\/wp-json\/wp\/v2\/users\/1"}],"replies":[{"embeddable":true,"href":"http:\/\/blogdalucianaoliveira.com.br\/blog\/wp-json\/wp\/v2\/comments?post=5385"}],"version-history":[{"count":2,"href":"http:\/\/blogdalucianaoliveira.com.br\/blog\/wp-json\/wp\/v2\/posts\/5385\/revisions"}],"predecessor-version":[{"id":5388,"href":"http:\/\/blogdalucianaoliveira.com.br\/blog\/wp-json\/wp\/v2\/posts\/5385\/revisions\/5388"}],"wp:attachment":[{"href":"http:\/\/blogdalucianaoliveira.com.br\/blog\/wp-json\/wp\/v2\/media?parent=5385"}],"wp:term":[{"taxonomy":"category","embeddable":true,"href":"http:\/\/blogdalucianaoliveira.com.br\/blog\/wp-json\/wp\/v2\/categories?post=5385"},{"taxonomy":"post_tag","embeddable":true,"href":"http:\/\/blogdalucianaoliveira.com.br\/blog\/wp-json\/wp\/v2\/tags?post=5385"}],"curies":[{"name":"wp","href":"https:\/\/api.w.org\/{rel}","templated":true}]}}