{"id":5389,"date":"2016-10-26T11:49:06","date_gmt":"2016-10-26T15:49:06","guid":{"rendered":"http:\/\/blogdalucianaoliveira.com.br\/blog\/?p=5389"},"modified":"2016-10-28T10:09:58","modified_gmt":"2016-10-28T14:09:58","slug":"quando-o-templo-e-dinheiro","status":"publish","type":"post","link":"http:\/\/blogdalucianaoliveira.com.br\/blog\/2016\/10\/26\/quando-o-templo-e-dinheiro\/","title":{"rendered":"Quando o templo \u00e9 dinheiro"},"content":{"rendered":"<p><img data-recalc-dims=\"1\" loading=\"lazy\" decoding=\"async\" data-attachment-id=\"5390\" data-permalink=\"http:\/\/blogdalucianaoliveira.com.br\/blog\/2016\/10\/26\/quando-o-templo-e-dinheiro\/edir\/\" data-orig-file=\"https:\/\/i0.wp.com\/blogdalucianaoliveira.com.br\/blog\/wp-content\/uploads\/2016\/10\/edir.jpg?fit=960%2C539\" data-orig-size=\"960,539\" data-comments-opened=\"0\" data-image-meta=\"{&quot;aperture&quot;:&quot;0&quot;,&quot;credit&quot;:&quot;&quot;,&quot;camera&quot;:&quot;&quot;,&quot;caption&quot;:&quot;&quot;,&quot;created_timestamp&quot;:&quot;0&quot;,&quot;copyright&quot;:&quot;&quot;,&quot;focal_length&quot;:&quot;0&quot;,&quot;iso&quot;:&quot;0&quot;,&quot;shutter_speed&quot;:&quot;0&quot;,&quot;title&quot;:&quot;&quot;,&quot;orientation&quot;:&quot;0&quot;}\" data-image-title=\"edir\" data-image-description=\"\" data-image-caption=\"\" data-medium-file=\"https:\/\/i0.wp.com\/blogdalucianaoliveira.com.br\/blog\/wp-content\/uploads\/2016\/10\/edir.jpg?fit=300%2C168\" data-large-file=\"https:\/\/i0.wp.com\/blogdalucianaoliveira.com.br\/blog\/wp-content\/uploads\/2016\/10\/edir.jpg?fit=600%2C337\" src=\"https:\/\/i0.wp.com\/blogdalucianaoliveira.com.br\/blog\/wp-content\/uploads\/2016\/10\/edir.jpg?resize=600%2C337\" alt=\"edir\" width=\"600\" height=\"337\" class=\"alignnone size-full wp-image-5390\" srcset=\"https:\/\/i0.wp.com\/blogdalucianaoliveira.com.br\/blog\/wp-content\/uploads\/2016\/10\/edir.jpg?w=960 960w, https:\/\/i0.wp.com\/blogdalucianaoliveira.com.br\/blog\/wp-content\/uploads\/2016\/10\/edir.jpg?resize=300%2C168 300w, https:\/\/i0.wp.com\/blogdalucianaoliveira.com.br\/blog\/wp-content\/uploads\/2016\/10\/edir.jpg?resize=534%2C300 534w\" sizes=\"auto, (max-width: 600px) 100vw, 600px\" \/><\/p>\n<p>Em Vilhena (RO) homem com Aids doa tudo \u00e0 Universal, fam\u00edlia passa fome e pol\u00edcia \u00e9 acionada <!--more--><\/p>\n<p>Do Jornal Folha do Sul<\/p>\n<p>Benef\u00edcio de crian\u00e7a com defici\u00eancia mental \u00e9 doado como oferta<\/p>\n<p>Caber\u00e1 \u00e0 pol\u00edcia de Vilhena investigar uma den\u00fancia contra a Igreja Universal do Reino de Deus apresentada nesta quarta-feira, 26, pela esposa de um fiel da denomina\u00e7\u00e3o na cidade. O caso, no entanto, tem contornos dram\u00e1ticos, e envolve muito mais que um suposto estelionato religioso.<\/p>\n<p>Atrav\u00e9s de pessoas que conhecem o caso, o FOLHA DO SUL ON LINE obteve detalhes da hist\u00f3ria do homem de 38 anos, que descobriu em 2009 ser portador do v\u00edrus HIV, mas que acredita estar curado da doen\u00e7a gra\u00e7as \u00e0 milit\u00e2ncia na igreja do bispo Edir Macedo.<\/p>\n<p>O paciente se tratou at\u00e9 o ano passado no Servi\u00e7o de Atendimento Especializado (SAE), em Vilhena, mas desistiu da terapia para seguir as orienta\u00e7\u00f5es do pastor da Universal, que prometia livr\u00e1-lo do \u201cv\u00edrus da Aids\u201d atrav\u00e9s de ora\u00e7\u00f5es.<\/p>\n<p>Mesmo suspendendo voluntariamente a medica\u00e7\u00e3o, o homem sempre retornava ao SAE quando tinha uma reca\u00edda. \u201cEle chegava com diarr\u00e9ia ou pneumonia, decorrentes da a\u00e7\u00e3o do HIV, mas n\u00e3o aceitava tomar os medicamentos contra o v\u00edrus. A gente, ent\u00e3o, tratava apenas os sintomas, pois o paciente dizia que estava curado \u2018em nome de Jesus\u2019\u201d, confirma uma servidora da entidade.<\/p>\n<p>Ontem, assistentes sociais descobriram que o fanatismo religioso do portador do HIV est\u00e1 comprometendo toda a fam\u00edlia: a esposa resolveu desabafar e contar que o marido j\u00e1 doou quase tudo \u00e0 Igreja Universal em troca da cura.<\/p>\n<p>E a mulher s\u00f3 resolveu fazer as revela\u00e7\u00f5es porque, al\u00e9m de j\u00e1 estar faltando comida em casa, o companheiro anunciou que, nos pr\u00f3ximos dias, \u201centregaria no altar\u201d o \u00fanico bem que lhe restou: a casa onde todos vivem<\/p>\n<p>Ao relatar o caso na pol\u00edcia, a esposa do fiel revelou que ele j\u00e1 doou uma moto e entrega \u00e0 igreja os dois benef\u00edcios que garantem a sobreviv\u00eancia da fam\u00edlia: as pens\u00f5es que o INSS paga para ele pr\u00f3prio (em decor\u00eancia da doen\u00e7a) e para a filha, menor de idade e portadora de defici\u00eancia mental. A crian\u00e7a tem 7 anos e freq\u00fcenta a APAE.<\/p>\n<p>Acompanhando o caso e tentando evitar que o homem morra em decorr\u00eancia da Aids e a fam\u00edlia dele de fome, o SAE vai orientar a esposa a entregar ao pastor da Universal uma c\u00f3pia da ocorr\u00eancia registrada na pol\u00edcia e o recorte de uma reportagem mostrando que a mesma denomina\u00e7\u00e3o j\u00e1 foi condenada por um epis\u00f3dio parecido. Leia aqui.<\/p>\n<p>O OUTRO LADO<br \/>\nO site se coloca \u00e0 disposi\u00e7\u00e3o da Igreja Universal para ouvir a vers\u00e3o do pastor ou de qualquer outro membro que deseje falar em nome da Universal. Ser\u00e1 reservado \u00e0 igreja o mesmo espa\u00e7o para rebater \u00e0 acusa\u00e7\u00e3o, t\u00e3o logo suas lideran\u00e7as entre em contato com a reda\u00e7\u00e3o, atrav\u00e9s do telefone (69) 3322-3322 ou 9-8492-7805.<\/p>\n","protected":false},"excerpt":{"rendered":"<p>Em Vilhena (RO) homem com Aids doa tudo \u00e0 Universal, fam\u00edlia passa fome e pol\u00edcia \u00e9 acionada<\/p>\n","protected":false},"author":1,"featured_media":0,"comment_status":"closed","ping_status":"open","sticky":false,"template":"","format":"standard","meta":{"_exactmetrics_skip_tracking":false,"_exactmetrics_sitenote_active":false,"_exactmetrics_sitenote_note":"","_exactmetrics_sitenote_category":0,"jetpack_post_was_ever_published":false,"_jetpack_newsletter_access":"","_jetpack_dont_email_post_to_subs":false,"_jetpack_newsletter_tier_id":0,"_jetpack_memberships_contains_paywalled_content":false,"_jetpack_memberships_contains_paid_content":false,"footnotes":"","jetpack_publicize_message":"","jetpack_publicize_feature_enabled":true,"jetpack_social_post_already_shared":true,"jetpack_social_options":{"image_generator_settings":{"template":"highway","enabled":false},"version":2}},"categories":[1],"tags":[],"class_list":["post-5389","post","type-post","status-publish","format-standard","hentry","category-notas"],"jetpack_publicize_connections":[],"jetpack_sharing_enabled":true,"jetpack_featured_media_url":"","jetpack_shortlink":"https:\/\/wp.me\/p7wKYW-1oV","jetpack-related-posts":[],"_links":{"self":[{"href":"http:\/\/blogdalucianaoliveira.com.br\/blog\/wp-json\/wp\/v2\/posts\/5389","targetHints":{"allow":["GET"]}}],"collection":[{"href":"http:\/\/blogdalucianaoliveira.com.br\/blog\/wp-json\/wp\/v2\/posts"}],"about":[{"href":"http:\/\/blogdalucianaoliveira.com.br\/blog\/wp-json\/wp\/v2\/types\/post"}],"author":[{"embeddable":true,"href":"http:\/\/blogdalucianaoliveira.com.br\/blog\/wp-json\/wp\/v2\/users\/1"}],"replies":[{"embeddable":true,"href":"http:\/\/blogdalucianaoliveira.com.br\/blog\/wp-json\/wp\/v2\/comments?post=5389"}],"version-history":[{"count":2,"href":"http:\/\/blogdalucianaoliveira.com.br\/blog\/wp-json\/wp\/v2\/posts\/5389\/revisions"}],"predecessor-version":[{"id":5449,"href":"http:\/\/blogdalucianaoliveira.com.br\/blog\/wp-json\/wp\/v2\/posts\/5389\/revisions\/5449"}],"wp:attachment":[{"href":"http:\/\/blogdalucianaoliveira.com.br\/blog\/wp-json\/wp\/v2\/media?parent=5389"}],"wp:term":[{"taxonomy":"category","embeddable":true,"href":"http:\/\/blogdalucianaoliveira.com.br\/blog\/wp-json\/wp\/v2\/categories?post=5389"},{"taxonomy":"post_tag","embeddable":true,"href":"http:\/\/blogdalucianaoliveira.com.br\/blog\/wp-json\/wp\/v2\/tags?post=5389"}],"curies":[{"name":"wp","href":"https:\/\/api.w.org\/{rel}","templated":true}]}}