{"id":5395,"date":"2016-10-26T15:18:21","date_gmt":"2016-10-26T19:18:21","guid":{"rendered":"http:\/\/blogdalucianaoliveira.com.br\/blog\/?p=5395"},"modified":"2016-10-26T15:18:21","modified_gmt":"2016-10-26T19:18:21","slug":"nao-e-baixaria-nem-ataque-pessoal-como-afirmou-tucano","status":"publish","type":"post","link":"http:\/\/blogdalucianaoliveira.com.br\/blog\/2016\/10\/26\/nao-e-baixaria-nem-ataque-pessoal-como-afirmou-tucano\/","title":{"rendered":"N\u00c3O \u00c9 BAIXARIA, NEM ATAQUE PESSOAL, COMO AFIRMOU TUCANO"},"content":{"rendered":"<p><img data-recalc-dims=\"1\" loading=\"lazy\" decoding=\"async\" data-attachment-id=\"5282\" data-permalink=\"http:\/\/blogdalucianaoliveira.com.br\/blog\/2016\/10\/22\/candidato-tucano-apela-ao-sensacionalismo-para-fugir-de-debates\/leo\/\" data-orig-file=\"https:\/\/i0.wp.com\/blogdalucianaoliveira.com.br\/blog\/wp-content\/uploads\/2016\/10\/leo.jpg?fit=546%2C232\" data-orig-size=\"546,232\" data-comments-opened=\"0\" data-image-meta=\"{&quot;aperture&quot;:&quot;0&quot;,&quot;credit&quot;:&quot;&quot;,&quot;camera&quot;:&quot;&quot;,&quot;caption&quot;:&quot;&quot;,&quot;created_timestamp&quot;:&quot;0&quot;,&quot;copyright&quot;:&quot;&quot;,&quot;focal_length&quot;:&quot;0&quot;,&quot;iso&quot;:&quot;0&quot;,&quot;shutter_speed&quot;:&quot;0&quot;,&quot;title&quot;:&quot;&quot;,&quot;orientation&quot;:&quot;0&quot;}\" data-image-title=\"leo\" data-image-description=\"\" data-image-caption=\"\" data-medium-file=\"https:\/\/i0.wp.com\/blogdalucianaoliveira.com.br\/blog\/wp-content\/uploads\/2016\/10\/leo.jpg?fit=300%2C127\" data-large-file=\"https:\/\/i0.wp.com\/blogdalucianaoliveira.com.br\/blog\/wp-content\/uploads\/2016\/10\/leo.jpg?fit=546%2C232\" src=\"https:\/\/i0.wp.com\/blogdalucianaoliveira.com.br\/blog\/wp-content\/uploads\/2016\/10\/leo.jpg?resize=546%2C232\" alt=\"leo\" width=\"546\" height=\"232\" class=\"alignnone size-full wp-image-5282\" srcset=\"https:\/\/i0.wp.com\/blogdalucianaoliveira.com.br\/blog\/wp-content\/uploads\/2016\/10\/leo.jpg?w=546 546w, https:\/\/i0.wp.com\/blogdalucianaoliveira.com.br\/blog\/wp-content\/uploads\/2016\/10\/leo.jpg?resize=300%2C127 300w\" sizes=\"auto, (max-width: 546px) 100vw, 546px\" \/><\/p>\n<p>Juiz afirmou que \u201ch\u00e1 tempo suficiente para debates de id\u00e9ias e esclarecimento de d\u00favidas\u201d<!--more--><\/p>\n<p>No Painel Pol\u00edtico<br \/>\nAlan Alex<\/p>\n<p>Bras\u00edlia \u2013 O candidato tucano \u00e0 prefeitura de Porto Velho Hildon Chaves teve um pedido de retirada de propaganda eleitoral indeferido pela justi\u00e7a. O candidato alegou que seu advers\u00e1rio \u201cestava na imin\u00eancia de veicular v\u00eddeo contendo propaganda eleitoral com conte\u00fado calunioso\u201d, e que o material j\u00e1 estava circulando em grupos de Whatsapp acusando o tucano de \u201ccrime de prevarica\u00e7\u00e3o, entre outros\u201d.<\/p>\n<p>De acordo com o juiz eleitoral Rinaldi Forti da Silva, a pe\u00e7a denominada \u201colhe o que o Hildon esconde de voc\u00ea\u201d, referindo-se a contrato firmado entre empresa da qual o tucano \u00e9 s\u00f3cio com a secretaria de Estado da Sa\u00fade na \u00e9poca em que ele era promotor p\u00fablico, n\u00e3o \u00e9 caluniosa, \u201c\u00e9 not\u00f3rio que o representante (Hildon Chaves) tem amplamente afirmado em sua propaganda eleitoral que \u00e9 empres\u00e1rio e gestor do ramo de educa\u00e7\u00e3o e transmite a id\u00e9ia de que o crescimento de sua empresa se deu por conta da boa gest\u00e3o que ele desenvolveu. Os documentos juntados pelo representante atestam que efetivamente sua empresa fechou contrato com o governo estadual\u201c, apontou o magistrado.<\/p>\n<p>O juiz declarou ainda na pe\u00e7a que \u201ch\u00e1 tempo suficiente para debates de id\u00e9ias e esclarecimento de d\u00favidas e rebate de cr\u00edticas no hor\u00e1rio eleitoral gratuito\u201d.<\/p>\n","protected":false},"excerpt":{"rendered":"<p>Juiz afirmou que \u201ch\u00e1 tempo suficiente para debates de id\u00e9ias e esclarecimento de d\u00favidas\u201d<\/p>\n","protected":false},"author":1,"featured_media":0,"comment_status":"closed","ping_status":"open","sticky":false,"template":"","format":"standard","meta":{"_exactmetrics_skip_tracking":false,"_exactmetrics_sitenote_active":false,"_exactmetrics_sitenote_note":"","_exactmetrics_sitenote_category":0,"jetpack_post_was_ever_published":false,"_jetpack_newsletter_access":"","_jetpack_dont_email_post_to_subs":false,"_jetpack_newsletter_tier_id":0,"_jetpack_memberships_contains_paywalled_content":false,"_jetpack_memberships_contains_paid_content":false,"footnotes":"","jetpack_publicize_message":"","jetpack_publicize_feature_enabled":true,"jetpack_social_post_already_shared":true,"jetpack_social_options":{"image_generator_settings":{"template":"highway","enabled":false},"version":2}},"categories":[1],"tags":[],"class_list":["post-5395","post","type-post","status-publish","format-standard","hentry","category-notas"],"jetpack_publicize_connections":[],"jetpack_sharing_enabled":true,"jetpack_featured_media_url":"","jetpack_shortlink":"https:\/\/wp.me\/p7wKYW-1p1","jetpack-related-posts":[],"_links":{"self":[{"href":"http:\/\/blogdalucianaoliveira.com.br\/blog\/wp-json\/wp\/v2\/posts\/5395","targetHints":{"allow":["GET"]}}],"collection":[{"href":"http:\/\/blogdalucianaoliveira.com.br\/blog\/wp-json\/wp\/v2\/posts"}],"about":[{"href":"http:\/\/blogdalucianaoliveira.com.br\/blog\/wp-json\/wp\/v2\/types\/post"}],"author":[{"embeddable":true,"href":"http:\/\/blogdalucianaoliveira.com.br\/blog\/wp-json\/wp\/v2\/users\/1"}],"replies":[{"embeddable":true,"href":"http:\/\/blogdalucianaoliveira.com.br\/blog\/wp-json\/wp\/v2\/comments?post=5395"}],"version-history":[{"count":1,"href":"http:\/\/blogdalucianaoliveira.com.br\/blog\/wp-json\/wp\/v2\/posts\/5395\/revisions"}],"predecessor-version":[{"id":5397,"href":"http:\/\/blogdalucianaoliveira.com.br\/blog\/wp-json\/wp\/v2\/posts\/5395\/revisions\/5397"}],"wp:attachment":[{"href":"http:\/\/blogdalucianaoliveira.com.br\/blog\/wp-json\/wp\/v2\/media?parent=5395"}],"wp:term":[{"taxonomy":"category","embeddable":true,"href":"http:\/\/blogdalucianaoliveira.com.br\/blog\/wp-json\/wp\/v2\/categories?post=5395"},{"taxonomy":"post_tag","embeddable":true,"href":"http:\/\/blogdalucianaoliveira.com.br\/blog\/wp-json\/wp\/v2\/tags?post=5395"}],"curies":[{"name":"wp","href":"https:\/\/api.w.org\/{rel}","templated":true}]}}