{"id":5398,"date":"2016-10-26T15:31:13","date_gmt":"2016-10-26T19:31:13","guid":{"rendered":"http:\/\/blogdalucianaoliveira.com.br\/blog\/?p=5398"},"modified":"2016-10-26T15:31:13","modified_gmt":"2016-10-26T19:31:13","slug":"o-brasil-que-envergonha","status":"publish","type":"post","link":"http:\/\/blogdalucianaoliveira.com.br\/blog\/2016\/10\/26\/o-brasil-que-envergonha\/","title":{"rendered":"O BRASIL QUE ENVERGONHA"},"content":{"rendered":"<p><img data-recalc-dims=\"1\" loading=\"lazy\" decoding=\"async\" data-attachment-id=\"5399\" data-permalink=\"http:\/\/blogdalucianaoliveira.com.br\/blog\/2016\/10\/26\/o-brasil-que-envergonha\/brasil-boicotado-onu-374x249\/\" data-orig-file=\"https:\/\/i0.wp.com\/blogdalucianaoliveira.com.br\/blog\/wp-content\/uploads\/2016\/10\/brasil-boicotado-onu-374x249.jpg?fit=374%2C249\" data-orig-size=\"374,249\" data-comments-opened=\"0\" data-image-meta=\"{&quot;aperture&quot;:&quot;0&quot;,&quot;credit&quot;:&quot;&quot;,&quot;camera&quot;:&quot;&quot;,&quot;caption&quot;:&quot;&quot;,&quot;created_timestamp&quot;:&quot;0&quot;,&quot;copyright&quot;:&quot;&quot;,&quot;focal_length&quot;:&quot;0&quot;,&quot;iso&quot;:&quot;0&quot;,&quot;shutter_speed&quot;:&quot;0&quot;,&quot;title&quot;:&quot;&quot;,&quot;orientation&quot;:&quot;0&quot;}\" data-image-title=\"brasil-boicotado-onu-374&amp;#215;249\" data-image-description=\"\" data-image-caption=\"\" data-medium-file=\"https:\/\/i0.wp.com\/blogdalucianaoliveira.com.br\/blog\/wp-content\/uploads\/2016\/10\/brasil-boicotado-onu-374x249.jpg?fit=300%2C200\" data-large-file=\"https:\/\/i0.wp.com\/blogdalucianaoliveira.com.br\/blog\/wp-content\/uploads\/2016\/10\/brasil-boicotado-onu-374x249.jpg?fit=374%2C249\" src=\"https:\/\/i0.wp.com\/blogdalucianaoliveira.com.br\/blog\/wp-content\/uploads\/2016\/10\/brasil-boicotado-onu-374x249.jpg?resize=374%2C249\" alt=\"brasil-boicotado-onu-374x249\" width=\"374\" height=\"249\" class=\"alignnone size-full wp-image-5399\" srcset=\"https:\/\/i0.wp.com\/blogdalucianaoliveira.com.br\/blog\/wp-content\/uploads\/2016\/10\/brasil-boicotado-onu-374x249.jpg?resize=374%2C249 374w, https:\/\/i0.wp.com\/blogdalucianaoliveira.com.br\/blog\/wp-content\/uploads\/2016\/10\/brasil-boicotado-onu-374x249.jpg?resize=300%2C200 300w\" sizes=\"auto, (max-width: 374px) 100vw, 374px\" \/><\/p>\n<p>Representa\u00e7\u00e3o brasileira passa vergonha no Conselho de Direitos Humanos da ONU<!--more--><\/p>\n<p>No Cafezinho<br \/>\npor Diana Aguiar, em seu Facebook<\/p>\n<p>Dezenas de pessoas se retiram da sala do Conselho de Direitos Humanos da ONU em Genebra quando a representa\u00e7\u00e3o brasileira come\u00e7a a falar, em ato de protesto ao golpe e contra o governo ileg\u00edtimo!<\/p>\n<p>Era segunda-feira, 24 de outubro de 2016 e in\u00edcio da sess\u00e3o de negocia\u00e7\u00e3o de Tratado para julgar empresas transnacionais por crimes e viola\u00e7\u00f5es, muitas das quais tamb\u00e9m implicam em rupturas na democracia.<\/p>\n<p>Os golpistas querem aparentar normalidade, mas n\u00e3o passar\u00e3o! A solidariedade internacional de pessoas de todo o mundo foi impressionante! #ForaTemer!<\/p>\n<p><iframe loading=\"lazy\" src=\"https:\/\/www.facebook.com\/plugins\/video.php?href=https%3A%2F%2Fwww.facebook.com%2Fdi.aguiar%2Fvideos%2F10153949192426931%2F&#038;show_text=0&#038;width=560\" width=\"560\" height=\"315\" style=\"border:none;overflow:hidden\" scrolling=\"no\" frameborder=\"0\" allowTransparency=\"true\" allowFullScreen=\"true\"><\/iframe><\/p>\n","protected":false},"excerpt":{"rendered":"<p>Representa\u00e7\u00e3o brasileira passa vergonha no Conselho de Direitos Humanos da ONU<\/p>\n","protected":false},"author":1,"featured_media":0,"comment_status":"closed","ping_status":"open","sticky":false,"template":"","format":"standard","meta":{"_exactmetrics_skip_tracking":false,"_exactmetrics_sitenote_active":false,"_exactmetrics_sitenote_note":"","_exactmetrics_sitenote_category":0,"jetpack_post_was_ever_published":false,"_jetpack_newsletter_access":"","_jetpack_dont_email_post_to_subs":false,"_jetpack_newsletter_tier_id":0,"_jetpack_memberships_contains_paywalled_content":false,"_jetpack_memberships_contains_paid_content":false,"footnotes":"","jetpack_publicize_message":"","jetpack_publicize_feature_enabled":true,"jetpack_social_post_already_shared":true,"jetpack_social_options":{"image_generator_settings":{"template":"highway","enabled":false},"version":2}},"categories":[1],"tags":[],"class_list":["post-5398","post","type-post","status-publish","format-standard","hentry","category-notas"],"jetpack_publicize_connections":[],"jetpack_sharing_enabled":true,"jetpack_featured_media_url":"","jetpack_shortlink":"https:\/\/wp.me\/p7wKYW-1p4","jetpack-related-posts":[],"_links":{"self":[{"href":"http:\/\/blogdalucianaoliveira.com.br\/blog\/wp-json\/wp\/v2\/posts\/5398","targetHints":{"allow":["GET"]}}],"collection":[{"href":"http:\/\/blogdalucianaoliveira.com.br\/blog\/wp-json\/wp\/v2\/posts"}],"about":[{"href":"http:\/\/blogdalucianaoliveira.com.br\/blog\/wp-json\/wp\/v2\/types\/post"}],"author":[{"embeddable":true,"href":"http:\/\/blogdalucianaoliveira.com.br\/blog\/wp-json\/wp\/v2\/users\/1"}],"replies":[{"embeddable":true,"href":"http:\/\/blogdalucianaoliveira.com.br\/blog\/wp-json\/wp\/v2\/comments?post=5398"}],"version-history":[{"count":1,"href":"http:\/\/blogdalucianaoliveira.com.br\/blog\/wp-json\/wp\/v2\/posts\/5398\/revisions"}],"predecessor-version":[{"id":5400,"href":"http:\/\/blogdalucianaoliveira.com.br\/blog\/wp-json\/wp\/v2\/posts\/5398\/revisions\/5400"}],"wp:attachment":[{"href":"http:\/\/blogdalucianaoliveira.com.br\/blog\/wp-json\/wp\/v2\/media?parent=5398"}],"wp:term":[{"taxonomy":"category","embeddable":true,"href":"http:\/\/blogdalucianaoliveira.com.br\/blog\/wp-json\/wp\/v2\/categories?post=5398"},{"taxonomy":"post_tag","embeddable":true,"href":"http:\/\/blogdalucianaoliveira.com.br\/blog\/wp-json\/wp\/v2\/tags?post=5398"}],"curies":[{"name":"wp","href":"https:\/\/api.w.org\/{rel}","templated":true}]}}