{"id":5404,"date":"2016-10-26T16:57:18","date_gmt":"2016-10-26T20:57:18","guid":{"rendered":"http:\/\/blogdalucianaoliveira.com.br\/blog\/?p=5404"},"modified":"2016-10-26T16:57:18","modified_gmt":"2016-10-26T20:57:18","slug":"justica-global-organizacoes-e-movimentos-solicitam-que-onu-atue-urgentemente-contra-assassinatos-em-rondonia","status":"publish","type":"post","link":"http:\/\/blogdalucianaoliveira.com.br\/blog\/2016\/10\/26\/justica-global-organizacoes-e-movimentos-solicitam-que-onu-atue-urgentemente-contra-assassinatos-em-rondonia\/","title":{"rendered":"Justi\u00e7a Global | Organiza\u00e7\u00f5es e movimentos solicitam que ONU atue urgentemente contra assassinatos em Rond\u00f4nia"},"content":{"rendered":"<p><img data-recalc-dims=\"1\" loading=\"lazy\" decoding=\"async\" data-attachment-id=\"5405\" data-permalink=\"http:\/\/blogdalucianaoliveira.com.br\/blog\/2016\/10\/26\/justica-global-organizacoes-e-movimentos-solicitam-que-onu-atue-urgentemente-contra-assassinatos-em-rondonia\/nice\/\" data-orig-file=\"https:\/\/i0.wp.com\/blogdalucianaoliveira.com.br\/blog\/wp-content\/uploads\/2016\/10\/nice.jpg?fit=611%2C393\" data-orig-size=\"611,393\" data-comments-opened=\"0\" data-image-meta=\"{&quot;aperture&quot;:&quot;0&quot;,&quot;credit&quot;:&quot;&quot;,&quot;camera&quot;:&quot;&quot;,&quot;caption&quot;:&quot;&quot;,&quot;created_timestamp&quot;:&quot;0&quot;,&quot;copyright&quot;:&quot;&quot;,&quot;focal_length&quot;:&quot;0&quot;,&quot;iso&quot;:&quot;0&quot;,&quot;shutter_speed&quot;:&quot;0&quot;,&quot;title&quot;:&quot;&quot;,&quot;orientation&quot;:&quot;1&quot;}\" data-image-title=\"nice\" data-image-description=\"\" data-image-caption=\"\" data-medium-file=\"https:\/\/i0.wp.com\/blogdalucianaoliveira.com.br\/blog\/wp-content\/uploads\/2016\/10\/nice.jpg?fit=300%2C193\" data-large-file=\"https:\/\/i0.wp.com\/blogdalucianaoliveira.com.br\/blog\/wp-content\/uploads\/2016\/10\/nice.jpg?fit=600%2C386\" src=\"https:\/\/i0.wp.com\/blogdalucianaoliveira.com.br\/blog\/wp-content\/uploads\/2016\/10\/nice.jpg?resize=600%2C386\" alt=\"nice\" width=\"600\" height=\"386\" class=\"alignnone size-full wp-image-5405\" \/><\/p>\n<p>Justi\u00e7a Global<\/p>\n<p>O Comit\u00ea Brasileiro de Defensoras e Defensores de Direitos Humanos (CBDDDH) explica o apelo feito \u00e0 Organiza\u00e7\u00e3o das Na\u00e7\u00f5es Unidas (ONU) sobre os assassinatos de defensoras e defensores de direitos humanos em Rond\u00f4nia.<!--more--><\/p>\n<p>De janeiro a outubro deste ano, o n\u00famero de defensoras e defensores mortos no estado j\u00e1 chega a, pelo menos, 17, o que representa 30% do total de assassinatos de defensores de direitos humanos no pa\u00eds. Mesmo com os n\u00fameros alarmantes, os governos federal e estadual n\u00e3o tomam medidas para refrear a onda de viola\u00e7\u00f5es.<\/p>\n<p>Na A\u00e7\u00e3o Urgente enviada \u00e0 ONU, para que a Organiza\u00e7\u00e3o intervenha junto ao Estado brasileiro, o Comit\u00ea afirma que a rela\u00e7\u00e3o prom\u00edscua entre as for\u00e7as de seguran\u00e7a p\u00fablica, mil\u00edcias e propriet\u00e1rios de terra no local, al\u00e9m do largo hist\u00f3rico brasileiro de arquivamento ou inconclusividade de casos aumenta ainda mais a preocupa\u00e7\u00e3o com aqueles que seguem na luta pela terra.<\/p>\n<p>A expectativa do Comit\u00ea \u00e9 de que os seis relatores que receber\u00e3o o documento cobrem do governo federal um plano de prote\u00e7\u00e3o para as defensoras e defensores vulner\u00e1veis e adote medidas para impedir novos ataques aos acampamentos e assentamentos dos movimentos sociais, garantam que as mil\u00edcias privadas e grupos de exterm\u00ednio estejam nas prioridades de combate das autoridades brasileiras, com atua\u00e7\u00e3o da Pol\u00edcia Federal, entre outras medidas que enfrentem a causa estrutural da viol\u00eancia, que \u00e9 a quest\u00e3o da terra.<\/p>\n<p> Estado j\u00e1 responde por 30% das mortes de defensores de direitos humanos no Brasil em 2016<br \/>\n&#8211; A\u00e7\u00e3o urgente foi feita porque os governos federal e estadual n\u00e3o v\u00eam respondendo \u00e0s den\u00fancias<br \/>\nFonte: Justi\u00e7a Global<br \/>\nO grave cen\u00e1rio de assassinatos, viol\u00eancia e criminaliza\u00e7\u00e3o em Rond\u00f4nia leva os membros do Comit\u00ea Brasileiro de Defensoras e Defensores de Direitos Humanos a encaminhar, nesta segunda-feira, uma A\u00e7\u00e3o Urgente \u00e0 ONU para que intervenha junto ao Estado brasileiro, exigindo que medidas sejam tomadas para modificar a situa\u00e7\u00e3o. De janeiro a outubro deste ano, o n\u00famero de defensoras e defensores mortos no estado j\u00e1 chega a, pelo menos, 17, o que representa 30% do total de assassinatos de defensores de direitos humanos no pa\u00eds. Mesmo com os n\u00fameros alarmantes, os governos federal e estadual n\u00e3o tomam medidas para refrear a onda de viola\u00e7\u00f5es.<\/p>\n<p>Segundo dados da Comiss\u00e3o Pastoral da Terra, Rond\u00f4nia teve, em 2015, o maior n\u00famero de mortes em conflitos agr\u00e1rios, com 20 assassinatos, dentre ind\u00edgenas, quilombolas, posseiros, sem-terra, ambientalistas, trabalhadores rurais e lideran\u00e7as, muitos deles com evidentes caracter\u00edsticas de execu\u00e7\u00e3o. A situa\u00e7\u00e3o em 2016 mostra um agravamento, o que leva a decis\u00e3o do Comit\u00ea de solicitar interven\u00e7\u00e3o da ONU.<\/p>\n<p>\u201cUtilizamos esse instrumento de A\u00e7\u00e3o Urgente porque assim os tr\u00e2mites s\u00e3o mais simplificados, e os relatores da ONU entram em contato com o governo federal mais rapidamente. A situa\u00e7\u00e3o l\u00e1 \u00e9 extremamente grave, muita gente j\u00e1 foi morta e o tensionamento \u00e9 alt\u00edssimo. Esperamos que, com a press\u00e3o internacional, o Estado atue para estancar essa viol\u00eancia desenfreada, j\u00e1 que os esfor\u00e7os dentro do pa\u00eds at\u00e9 agora n\u00e3o surtiram efeito\u201d, explicou Alice De Marchi, pesquisadora da Justi\u00e7a Global.<\/p>\n<p>As \u00faltimas v\u00edtimas foram Sebasti\u00e3o Pereira dos Santos, 39 anos, Isaque Dias Ferreira, 34, e Edilene Mateus Porto, 32, mortos no m\u00eas de setembro deste ano. Isaque e Edilene eram membros da Liga dos Camponeses Pobres (LCP) e denunciavam aos \u00f3rg\u00e3os p\u00fablicos as arbitrariedades cometidas por parte de um grileiro que tem posse irregular da fazenda Formosa, em Vale do Para\u00edso, e que, para impedir a luta das fam\u00edlias pela terra, utiliza-se dos servi\u00e7os ilegais de policiais militares, que intimidam e atacam as fam\u00edlias. No dia 13 de setembro, por volta das 8h, o casal foi assassinado pr\u00f3ximo ao seu lote de terra. J\u00e1 s\u00e3o quatro pessoas mortas apenas neste ano no acampamento Jhone dos Santos, do qual faziam parte as v\u00edtimas.<\/p>\n<p>O Comit\u00ea, em seu apelo \u00e0 ONU, afirma que a rela\u00e7\u00e3o prom\u00edscua entre as for\u00e7as de seguran\u00e7a p\u00fablica, mil\u00edcias e propriet\u00e1rios de terra no local, al\u00e9m do largo hist\u00f3rico brasileiro de arquivamento ou inconclusividade de casos aumenta ainda mais a preocupa\u00e7\u00e3o com aqueles que seguem na luta pela terra. O governo estadual, por sua vez, \u00e9 altamente negligente frente \u00e0s situa\u00e7\u00f5es, quando n\u00e3o \u00e9, ele pr\u00f3prio, ou c\u00famplice ou respons\u00e1vel pelas viola\u00e7\u00f5es, na medida em que envolvem agentes da Pol\u00edcia Militar, da Pol\u00edcia Civil e autoridades locais. H\u00e1 amea\u00e7as reais contra vida defensoras, como a advogada popular Lenir Correia e lideran\u00e7as da luta pela reforma agr\u00e1ria, como Zon\u00e1lia Neres dos Santos Ferreira, Lurdilande Gomes da Silva, conhecida como Ludma, e Iza Cristina Bello, conhecida como \u00cdndia. Alice ressalta o fato de serem todas mulheres e integrantes de movimentos sociais. \u201cAs mulheres, muitas delas ocupando posi\u00e7\u00f5es de lideran\u00e7a, v\u00eam sendo especialmente atacadas e amea\u00e7adas na sua condi\u00e7\u00e3o de g\u00eanero\u201d, afirma a pesquisadora.<\/p>\n<p>A expectativa do Comit\u00ea \u00e9 de que os seis relatores da ONU que receber\u00e3o o documento cobrem do governo federal um plano de prote\u00e7\u00e3o para as defensoras e defensores vulner\u00e1veis e adote medidas para impedir novos ataques aos acampamentos e assentamentos dos movimentos sociais, garantam que as mil\u00edcias privadas e grupos de exterm\u00ednio estejam nas prioridades de combate das autoridades brasileiras, com atua\u00e7\u00e3o da Pol\u00edcia Federal, entre outras medidas que enfrentem a causa estrutural da viol\u00eancia, que \u00e9 a quest\u00e3o da terra.<\/p>\n","protected":false},"excerpt":{"rendered":"<p>Justi\u00e7a Global O Comit\u00ea Brasileiro de Defensoras e Defensores de Direitos Humanos (CBDDDH) explica o apelo feito \u00e0 Organiza\u00e7\u00e3o das Na\u00e7\u00f5es Unidas (ONU) sobre os assassinatos de defensoras e defensores de direitos humanos em Rond\u00f4nia.<\/p>\n","protected":false},"author":1,"featured_media":0,"comment_status":"closed","ping_status":"open","sticky":false,"template":"","format":"standard","meta":{"_exactmetrics_skip_tracking":false,"_exactmetrics_sitenote_active":false,"_exactmetrics_sitenote_note":"","_exactmetrics_sitenote_category":0,"jetpack_post_was_ever_published":false,"_jetpack_newsletter_access":"","_jetpack_dont_email_post_to_subs":false,"_jetpack_newsletter_tier_id":0,"_jetpack_memberships_contains_paywalled_content":false,"_jetpack_memberships_contains_paid_content":false,"footnotes":"","jetpack_publicize_message":"","jetpack_publicize_feature_enabled":true,"jetpack_social_post_already_shared":true,"jetpack_social_options":{"image_generator_settings":{"template":"highway","enabled":false},"version":2}},"categories":[1],"tags":[],"class_list":["post-5404","post","type-post","status-publish","format-standard","hentry","category-notas"],"jetpack_publicize_connections":[],"jetpack_sharing_enabled":true,"jetpack_featured_media_url":"","jetpack_shortlink":"https:\/\/wp.me\/p7wKYW-1pa","jetpack-related-posts":[],"_links":{"self":[{"href":"http:\/\/blogdalucianaoliveira.com.br\/blog\/wp-json\/wp\/v2\/posts\/5404","targetHints":{"allow":["GET"]}}],"collection":[{"href":"http:\/\/blogdalucianaoliveira.com.br\/blog\/wp-json\/wp\/v2\/posts"}],"about":[{"href":"http:\/\/blogdalucianaoliveira.com.br\/blog\/wp-json\/wp\/v2\/types\/post"}],"author":[{"embeddable":true,"href":"http:\/\/blogdalucianaoliveira.com.br\/blog\/wp-json\/wp\/v2\/users\/1"}],"replies":[{"embeddable":true,"href":"http:\/\/blogdalucianaoliveira.com.br\/blog\/wp-json\/wp\/v2\/comments?post=5404"}],"version-history":[{"count":1,"href":"http:\/\/blogdalucianaoliveira.com.br\/blog\/wp-json\/wp\/v2\/posts\/5404\/revisions"}],"predecessor-version":[{"id":5406,"href":"http:\/\/blogdalucianaoliveira.com.br\/blog\/wp-json\/wp\/v2\/posts\/5404\/revisions\/5406"}],"wp:attachment":[{"href":"http:\/\/blogdalucianaoliveira.com.br\/blog\/wp-json\/wp\/v2\/media?parent=5404"}],"wp:term":[{"taxonomy":"category","embeddable":true,"href":"http:\/\/blogdalucianaoliveira.com.br\/blog\/wp-json\/wp\/v2\/categories?post=5404"},{"taxonomy":"post_tag","embeddable":true,"href":"http:\/\/blogdalucianaoliveira.com.br\/blog\/wp-json\/wp\/v2\/tags?post=5404"}],"curies":[{"name":"wp","href":"https:\/\/api.w.org\/{rel}","templated":true}]}}