{"id":5418,"date":"2016-10-27T11:55:09","date_gmt":"2016-10-27T15:55:09","guid":{"rendered":"http:\/\/blogdalucianaoliveira.com.br\/blog\/?p=5418"},"modified":"2016-10-27T11:57:14","modified_gmt":"2016-10-27T15:57:14","slug":"uma-cidade-empresarial-quero-nao","status":"publish","type":"post","link":"http:\/\/blogdalucianaoliveira.com.br\/blog\/2016\/10\/27\/uma-cidade-empresarial-quero-nao\/","title":{"rendered":"Uma cidade empresarial, quero n\u00e3o!"},"content":{"rendered":"<p><img data-recalc-dims=\"1\" loading=\"lazy\" decoding=\"async\" data-attachment-id=\"5421\" data-permalink=\"http:\/\/blogdalucianaoliveira.com.br\/blog\/2016\/10\/27\/uma-cidade-empresarial-quero-nao\/img_7018\/\" data-orig-file=\"https:\/\/i0.wp.com\/blogdalucianaoliveira.com.br\/blog\/wp-content\/uploads\/2016\/10\/IMG_7018.jpg?fit=1080%2C1080\" data-orig-size=\"1080,1080\" data-comments-opened=\"0\" data-image-meta=\"{&quot;aperture&quot;:&quot;0&quot;,&quot;credit&quot;:&quot;&quot;,&quot;camera&quot;:&quot;&quot;,&quot;caption&quot;:&quot;&quot;,&quot;created_timestamp&quot;:&quot;0&quot;,&quot;copyright&quot;:&quot;&quot;,&quot;focal_length&quot;:&quot;0&quot;,&quot;iso&quot;:&quot;0&quot;,&quot;shutter_speed&quot;:&quot;0&quot;,&quot;title&quot;:&quot;&quot;,&quot;orientation&quot;:&quot;1&quot;}\" data-image-title=\"img_7018\" data-image-description=\"\" data-image-caption=\"\" data-medium-file=\"https:\/\/i0.wp.com\/blogdalucianaoliveira.com.br\/blog\/wp-content\/uploads\/2016\/10\/IMG_7018.jpg?fit=300%2C300\" data-large-file=\"https:\/\/i0.wp.com\/blogdalucianaoliveira.com.br\/blog\/wp-content\/uploads\/2016\/10\/IMG_7018.jpg?fit=600%2C600\" src=\"https:\/\/i0.wp.com\/blogdalucianaoliveira.com.br\/blog\/wp-content\/uploads\/2016\/10\/IMG_7018.jpg?resize=600%2C600\" alt=\"img_7018\" width=\"600\" height=\"600\" class=\"alignnone size-full wp-image-5421\" srcset=\"https:\/\/i0.wp.com\/blogdalucianaoliveira.com.br\/blog\/wp-content\/uploads\/2016\/10\/IMG_7018.jpg?w=1080 1080w, https:\/\/i0.wp.com\/blogdalucianaoliveira.com.br\/blog\/wp-content\/uploads\/2016\/10\/IMG_7018.jpg?resize=150%2C150 150w, https:\/\/i0.wp.com\/blogdalucianaoliveira.com.br\/blog\/wp-content\/uploads\/2016\/10\/IMG_7018.jpg?resize=300%2C300 300w\" sizes=\"auto, (max-width: 600px) 100vw, 600px\" \/><\/p>\n<p>Sigo o m\u00fasico&#8230;<br \/>\n\u201cQuem te v\u00ea assim, Porto das Esperan\u00e7as.<br \/>\nO barranco onde os cabrais enfincam \u00e2ncoras em busca de uma hist\u00f3ria de alamedas e v\u00e3os. Parque das mangueiras e dos ara\u00e7\u00e1s aprendi na can\u00e7\u00e3o e colhi teus sinais sobre a dan\u00e7a das correntezas.\u201d<br \/>\nQuem s\u00f3 v\u00ea tuas marcas de espolia\u00e7\u00e3o, certamente participou, por a\u00e7\u00e3o ou omiss\u00e3o. N\u00e3o te d\u00e1 a m\u00ednima, apena te usa.<!--more--><\/p>\n<p>Uma cidade empresarial, quero n\u00e3o!<\/p>\n<p>Sigo o fil\u00f3sofo, que provoca: &#8220;Por que restringir imensamente o meu tempo de conviv\u00eancia com as pessoas de quem eu gosto, reduzir o meu \u00f3cio criativo para ficar num lugar onde v\u00e3o me oferecer apenas e t\u00e3o-somente dinheiro?&#8221;<\/p>\n<p>Sigo o poeta&#8230;<br \/>\n&#8220;A cidade segue anestesiada, colonizada, estuprada, mas sonha, sonha, sonha, sonha com seus filhos que aqui est\u00e3o e os que aqui vir\u00e3o.<\/p>\n<p>N\u00e3o aqueles que buscam dela a riqueza, mas aqueles que por ela lutar\u00e3o.&#8221;<\/p>\n","protected":false},"excerpt":{"rendered":"<p>Sigo o m\u00fasico&#8230; \u201cQuem te v\u00ea assim, Porto das Esperan\u00e7as. O barranco onde os cabrais enfincam \u00e2ncoras em busca de uma hist\u00f3ria de alamedas e v\u00e3os. Parque das mangueiras e dos ara\u00e7\u00e1s aprendi na can\u00e7\u00e3o e colhi teus sinais sobre a dan\u00e7a das correntezas.\u201d Quem s\u00f3 v\u00ea tuas marcas de espolia\u00e7\u00e3o, certamente participou, por a\u00e7\u00e3o&#8230;<a class=\"more-link\" href=\"http:\/\/blogdalucianaoliveira.com.br\/blog\/2016\/10\/27\/uma-cidade-empresarial-quero-nao\/\">Continue a leitura <span class=\"meta-nav\">&raquo;<\/span><\/a><\/p>\n","protected":false},"author":1,"featured_media":0,"comment_status":"closed","ping_status":"open","sticky":false,"template":"","format":"standard","meta":{"_exactmetrics_skip_tracking":false,"_exactmetrics_sitenote_active":false,"_exactmetrics_sitenote_note":"","_exactmetrics_sitenote_category":0,"jetpack_post_was_ever_published":false,"_jetpack_newsletter_access":"","_jetpack_dont_email_post_to_subs":false,"_jetpack_newsletter_tier_id":0,"_jetpack_memberships_contains_paywalled_content":false,"_jetpack_memberships_contains_paid_content":false,"footnotes":"","jetpack_publicize_message":"","jetpack_publicize_feature_enabled":true,"jetpack_social_post_already_shared":true,"jetpack_social_options":{"image_generator_settings":{"template":"highway","enabled":false},"version":2}},"categories":[1],"tags":[],"class_list":["post-5418","post","type-post","status-publish","format-standard","hentry","category-notas"],"jetpack_publicize_connections":[],"jetpack_sharing_enabled":true,"jetpack_featured_media_url":"","jetpack_shortlink":"https:\/\/wp.me\/p7wKYW-1po","jetpack-related-posts":[],"_links":{"self":[{"href":"http:\/\/blogdalucianaoliveira.com.br\/blog\/wp-json\/wp\/v2\/posts\/5418","targetHints":{"allow":["GET"]}}],"collection":[{"href":"http:\/\/blogdalucianaoliveira.com.br\/blog\/wp-json\/wp\/v2\/posts"}],"about":[{"href":"http:\/\/blogdalucianaoliveira.com.br\/blog\/wp-json\/wp\/v2\/types\/post"}],"author":[{"embeddable":true,"href":"http:\/\/blogdalucianaoliveira.com.br\/blog\/wp-json\/wp\/v2\/users\/1"}],"replies":[{"embeddable":true,"href":"http:\/\/blogdalucianaoliveira.com.br\/blog\/wp-json\/wp\/v2\/comments?post=5418"}],"version-history":[{"count":3,"href":"http:\/\/blogdalucianaoliveira.com.br\/blog\/wp-json\/wp\/v2\/posts\/5418\/revisions"}],"predecessor-version":[{"id":5422,"href":"http:\/\/blogdalucianaoliveira.com.br\/blog\/wp-json\/wp\/v2\/posts\/5418\/revisions\/5422"}],"wp:attachment":[{"href":"http:\/\/blogdalucianaoliveira.com.br\/blog\/wp-json\/wp\/v2\/media?parent=5418"}],"wp:term":[{"taxonomy":"category","embeddable":true,"href":"http:\/\/blogdalucianaoliveira.com.br\/blog\/wp-json\/wp\/v2\/categories?post=5418"},{"taxonomy":"post_tag","embeddable":true,"href":"http:\/\/blogdalucianaoliveira.com.br\/blog\/wp-json\/wp\/v2\/tags?post=5418"}],"curies":[{"name":"wp","href":"https:\/\/api.w.org\/{rel}","templated":true}]}}