{"id":5439,"date":"2016-10-28T09:30:42","date_gmt":"2016-10-28T13:30:42","guid":{"rendered":"http:\/\/blogdalucianaoliveira.com.br\/blog\/?p=5439"},"modified":"2016-10-28T09:30:42","modified_gmt":"2016-10-28T13:30:42","slug":"nassif-diz-que-lava-jato-agora-enfrenta-o-poder-real-o-psdb-e-pode-perder-a-batalha","status":"publish","type":"post","link":"http:\/\/blogdalucianaoliveira.com.br\/blog\/2016\/10\/28\/nassif-diz-que-lava-jato-agora-enfrenta-o-poder-real-o-psdb-e-pode-perder-a-batalha\/","title":{"rendered":"NASSIF DIZ QUE LAVA JATO AGORA ENFRENTA O PODER REAL, O PSDB, E PODE PERDER A BATALHA"},"content":{"rendered":"<p><img data-recalc-dims=\"1\" loading=\"lazy\" decoding=\"async\" data-attachment-id=\"5440\" data-permalink=\"http:\/\/blogdalucianaoliveira.com.br\/blog\/2016\/10\/28\/nassif-diz-que-lava-jato-agora-enfrenta-o-poder-real-o-psdb-e-pode-perder-a-batalha\/dela\/\" data-orig-file=\"https:\/\/i0.wp.com\/blogdalucianaoliveira.com.br\/blog\/wp-content\/uploads\/2016\/10\/dela.jpg?fit=1000%2C357\" data-orig-size=\"1000,357\" data-comments-opened=\"0\" data-image-meta=\"{&quot;aperture&quot;:&quot;0&quot;,&quot;credit&quot;:&quot;&quot;,&quot;camera&quot;:&quot;&quot;,&quot;caption&quot;:&quot;&quot;,&quot;created_timestamp&quot;:&quot;0&quot;,&quot;copyright&quot;:&quot;&quot;,&quot;focal_length&quot;:&quot;0&quot;,&quot;iso&quot;:&quot;0&quot;,&quot;shutter_speed&quot;:&quot;0&quot;,&quot;title&quot;:&quot;&quot;,&quot;orientation&quot;:&quot;0&quot;}\" data-image-title=\"dela\" data-image-description=\"\" data-image-caption=\"\" data-medium-file=\"https:\/\/i0.wp.com\/blogdalucianaoliveira.com.br\/blog\/wp-content\/uploads\/2016\/10\/dela.jpg?fit=300%2C107\" data-large-file=\"https:\/\/i0.wp.com\/blogdalucianaoliveira.com.br\/blog\/wp-content\/uploads\/2016\/10\/dela.jpg?fit=600%2C214\" src=\"https:\/\/i0.wp.com\/blogdalucianaoliveira.com.br\/blog\/wp-content\/uploads\/2016\/10\/dela.jpg?resize=600%2C214\" alt=\"dela\" width=\"600\" height=\"214\" class=\"alignnone size-full wp-image-5440\" srcset=\"https:\/\/i0.wp.com\/blogdalucianaoliveira.com.br\/blog\/wp-content\/uploads\/2016\/10\/dela.jpg?w=1000 1000w, https:\/\/i0.wp.com\/blogdalucianaoliveira.com.br\/blog\/wp-content\/uploads\/2016\/10\/dela.jpg?resize=300%2C107 300w, https:\/\/i0.wp.com\/blogdalucianaoliveira.com.br\/blog\/wp-content\/uploads\/2016\/10\/dela.jpg?resize=768%2C274 768w, https:\/\/i0.wp.com\/blogdalucianaoliveira.com.br\/blog\/wp-content\/uploads\/2016\/10\/dela.jpg?resize=800%2C286 800w\" sizes=\"auto, (max-width: 600px) 100vw, 600px\" \/><\/p>\n<p>247 &#8211; O jornalista Lu\u00eds Nassif afirmou nesta sexta-feira, 28, que o avan\u00e7o das investiga\u00e7\u00f5es da opera\u00e7\u00e3o Lava Jato esbarraram no &#8220;poder real&#8221; da elite brasileira. <!--more--><\/p>\n<p>&#8220;Daqui para frente ir\u00e3o se confrontar com as verdadeiras estruturas de poder, o pacto t\u00e1cito entre m\u00eddia, lideran\u00e7as tucanas, a PGR e os Ministros mais combativos do STF. E perceber\u00e3o a diferen\u00e7a entre bater em um governo inerte e investir contra o poder real. Ser\u00e1 um embate curioso&#8221;, afirma. <\/p>\n<p>Segundo Nassif, embora haja uma clara tomada de posi\u00e7\u00e3o de toda a Lava Jato contra Lula\/PT e a favor do PSDB, a mina Lula est\u00e1 prestes a se esgotar. Para sobreviver, a Lava Jato ter\u00e1 que virar o disco. E virar o disco significar\u00e1 romper com o pacto de impunidade do PSDB.<\/p>\n<p>&#8220;N\u00e3o \u00e9 por outro motivo que Gilmar Mendes e seus blogueiros come\u00e7aram a bater forte na opera\u00e7\u00e3o e em S\u00e9rgio Moro&#8221;, afirma. &#8220;Procuradores e delegados t\u00eam o poder de controlar os fluxos seguintes de vazamentos, para uma m\u00eddia pouco propensa a dar espa\u00e7o contra os seus. Depois, no \u00e2mbito do STF \u2013 para onde ir\u00e3o os acusados com foro privilegiado \u2013 a PGR poder\u00e1 se valer do fator tempo de acordo com seus crit\u00e9rios. Bastar\u00e1 colocar mais g\u00e1s em alguns processos que nos outros, para controlar os efeitos pol\u00edticos&#8221;, argumenta Nassif. <\/p>\n<p>&#8220;Mesmo assim, a mega-dela\u00e7\u00e3o da Odebrecht significa artilharia pesada contra todos os frequentadores do saloon, em um momento em que a blindagem do PSDB passou a incomodar at\u00e9 a opini\u00e3o a p\u00fablica n\u00e3o alinhada e se tornar motivo de chacota nacional.&#8221;<\/p>\n","protected":false},"excerpt":{"rendered":"<p>247 &#8211; O jornalista Lu\u00eds Nassif afirmou nesta sexta-feira, 28, que o avan\u00e7o das investiga\u00e7\u00f5es da opera\u00e7\u00e3o Lava Jato esbarraram no &#8220;poder real&#8221; da elite brasileira.<\/p>\n","protected":false},"author":1,"featured_media":0,"comment_status":"closed","ping_status":"open","sticky":false,"template":"","format":"standard","meta":{"_exactmetrics_skip_tracking":false,"_exactmetrics_sitenote_active":false,"_exactmetrics_sitenote_note":"","_exactmetrics_sitenote_category":0,"jetpack_post_was_ever_published":false,"_jetpack_newsletter_access":"","_jetpack_dont_email_post_to_subs":false,"_jetpack_newsletter_tier_id":0,"_jetpack_memberships_contains_paywalled_content":false,"_jetpack_memberships_contains_paid_content":false,"footnotes":"","jetpack_publicize_message":"","jetpack_publicize_feature_enabled":true,"jetpack_social_post_already_shared":true,"jetpack_social_options":{"image_generator_settings":{"template":"highway","enabled":false},"version":2}},"categories":[1],"tags":[],"class_list":["post-5439","post","type-post","status-publish","format-standard","hentry","category-notas"],"jetpack_publicize_connections":[],"jetpack_sharing_enabled":true,"jetpack_featured_media_url":"","jetpack_shortlink":"https:\/\/wp.me\/p7wKYW-1pJ","jetpack-related-posts":[],"_links":{"self":[{"href":"http:\/\/blogdalucianaoliveira.com.br\/blog\/wp-json\/wp\/v2\/posts\/5439","targetHints":{"allow":["GET"]}}],"collection":[{"href":"http:\/\/blogdalucianaoliveira.com.br\/blog\/wp-json\/wp\/v2\/posts"}],"about":[{"href":"http:\/\/blogdalucianaoliveira.com.br\/blog\/wp-json\/wp\/v2\/types\/post"}],"author":[{"embeddable":true,"href":"http:\/\/blogdalucianaoliveira.com.br\/blog\/wp-json\/wp\/v2\/users\/1"}],"replies":[{"embeddable":true,"href":"http:\/\/blogdalucianaoliveira.com.br\/blog\/wp-json\/wp\/v2\/comments?post=5439"}],"version-history":[{"count":1,"href":"http:\/\/blogdalucianaoliveira.com.br\/blog\/wp-json\/wp\/v2\/posts\/5439\/revisions"}],"predecessor-version":[{"id":5441,"href":"http:\/\/blogdalucianaoliveira.com.br\/blog\/wp-json\/wp\/v2\/posts\/5439\/revisions\/5441"}],"wp:attachment":[{"href":"http:\/\/blogdalucianaoliveira.com.br\/blog\/wp-json\/wp\/v2\/media?parent=5439"}],"wp:term":[{"taxonomy":"category","embeddable":true,"href":"http:\/\/blogdalucianaoliveira.com.br\/blog\/wp-json\/wp\/v2\/categories?post=5439"},{"taxonomy":"post_tag","embeddable":true,"href":"http:\/\/blogdalucianaoliveira.com.br\/blog\/wp-json\/wp\/v2\/tags?post=5439"}],"curies":[{"name":"wp","href":"https:\/\/api.w.org\/{rel}","templated":true}]}}