{"id":5465,"date":"2016-10-29T17:05:09","date_gmt":"2016-10-29T21:05:09","guid":{"rendered":"http:\/\/blogdalucianaoliveira.com.br\/blog\/?p=5465"},"modified":"2016-10-29T17:05:09","modified_gmt":"2016-10-29T21:05:09","slug":"depois-de-serra-alckmin-o-santo-cai-na-delacao-da-odebrecht","status":"publish","type":"post","link":"http:\/\/blogdalucianaoliveira.com.br\/blog\/2016\/10\/29\/depois-de-serra-alckmin-o-santo-cai-na-delacao-da-odebrecht\/","title":{"rendered":"DEPOIS DE SERRA, ALCKMIN, O \u201cSANTO\u201d, CAI NA DELA\u00c7\u00c3O DA ODEBRECHT"},"content":{"rendered":"<p><img data-recalc-dims=\"1\" loading=\"lazy\" decoding=\"async\" data-attachment-id=\"5466\" data-permalink=\"http:\/\/blogdalucianaoliveira.com.br\/blog\/2016\/10\/29\/depois-de-serra-alckmin-o-santo-cai-na-delacao-da-odebrecht\/alqui\/\" data-orig-file=\"https:\/\/i0.wp.com\/blogdalucianaoliveira.com.br\/blog\/wp-content\/uploads\/2016\/10\/alqui.jpeg?fit=1001%2C357\" data-orig-size=\"1001,357\" data-comments-opened=\"0\" data-image-meta=\"{&quot;aperture&quot;:&quot;0&quot;,&quot;credit&quot;:&quot;&quot;,&quot;camera&quot;:&quot;&quot;,&quot;caption&quot;:&quot;&quot;,&quot;created_timestamp&quot;:&quot;0&quot;,&quot;copyright&quot;:&quot;&quot;,&quot;focal_length&quot;:&quot;0&quot;,&quot;iso&quot;:&quot;0&quot;,&quot;shutter_speed&quot;:&quot;0&quot;,&quot;title&quot;:&quot;&quot;,&quot;orientation&quot;:&quot;0&quot;}\" data-image-title=\"alqui\" data-image-description=\"\" data-image-caption=\"\" data-medium-file=\"https:\/\/i0.wp.com\/blogdalucianaoliveira.com.br\/blog\/wp-content\/uploads\/2016\/10\/alqui.jpeg?fit=300%2C107\" data-large-file=\"https:\/\/i0.wp.com\/blogdalucianaoliveira.com.br\/blog\/wp-content\/uploads\/2016\/10\/alqui.jpeg?fit=600%2C214\" src=\"https:\/\/i0.wp.com\/blogdalucianaoliveira.com.br\/blog\/wp-content\/uploads\/2016\/10\/alqui.jpeg?resize=600%2C214\" alt=\"alqui\" width=\"600\" height=\"214\" class=\"alignnone size-full wp-image-5466\" srcset=\"https:\/\/i0.wp.com\/blogdalucianaoliveira.com.br\/blog\/wp-content\/uploads\/2016\/10\/alqui.jpeg?w=1001 1001w, https:\/\/i0.wp.com\/blogdalucianaoliveira.com.br\/blog\/wp-content\/uploads\/2016\/10\/alqui.jpeg?resize=300%2C107 300w, https:\/\/i0.wp.com\/blogdalucianaoliveira.com.br\/blog\/wp-content\/uploads\/2016\/10\/alqui.jpeg?resize=768%2C274 768w, https:\/\/i0.wp.com\/blogdalucianaoliveira.com.br\/blog\/wp-content\/uploads\/2016\/10\/alqui.jpeg?resize=800%2C285 800w\" sizes=\"auto, (max-width: 600px) 100vw, 600px\" \/><\/p>\n<p>247 &#8211; N\u00e3o est\u00e1 f\u00e1cil a vida dos tucanos. Um dia depois de vir \u00e0 tona a den\u00fancia de que Jos\u00e9 Serra recebeu da Odebrecht R$ 23 milh\u00f5es em propina por meio de uma conta na Su\u00ed\u00e7a, o fogo \u00e9 disparado contra outro cacique do PSDB que visa a presid\u00eancia da Rep\u00fablica.<!--more--><\/p>\n<p>Reportagem da revista Veja neste fim de semana aponta que o governador de S\u00e3o Paulo, Geraldo Alckmin (PSDB), tamb\u00e9m \u00e9 citado na dela\u00e7\u00e3o da maior empreiteira do Pa\u00eds e confirma que Alckmin \u00e9 o &#8220;Santo&#8221; das planilhas da construtora.<\/p>\n<p>A ele, foram pagos R$ 500 mil em duas parcelas, a pedido de um diretor de contrato da Odebrecht que era respons\u00e1vel pelas obras na Linha 4 do Metr\u00f4, de acordo com planilha obtida pela Pol\u00edcia Federal na 35\u00aa fase da Opera\u00e7\u00e3o Lava Jato.<\/p>\n<p>O documento aponta repasse de propina da Odebrecht a governos de v\u00e1rios partidos e todas as esferas em diversas obras no Brasil, entre elas o aeroporto Santo Dumont, no Rio de Janeiro, que \u00e9 governado pelo PMDB, e o Rodoanel e o Metr\u00f4 em S\u00e3o Paulo.<\/p>\n<p>No in\u00edcio de outubro, a revista Carta Capital j\u00e1 havia sugerido que &#8220;Santo&#8221; fosse o governador. Na ocasi\u00e3o, a revista cobrou a Lava Jato pelo fato de que, desde mar\u00e7o, quando o codinome apareceu pela primeira vez, como benefici\u00e1rio na obra da duplica\u00e7\u00e3o da Rodovia Mogi-Dutra, &#8220;j\u00e1 foram deflagradas dez fases da Lava Jato e a Pol\u00edcia Federal ainda n\u00e3o conseguiu identificar qualquer um dos codinomes mencionados&#8221;.<\/p>\n","protected":false},"excerpt":{"rendered":"<p>247 &#8211; N\u00e3o est\u00e1 f\u00e1cil a vida dos tucanos. Um dia depois de vir \u00e0 tona a den\u00fancia de que Jos\u00e9 Serra recebeu da Odebrecht R$ 23 milh\u00f5es em propina por meio de uma conta na Su\u00ed\u00e7a, o fogo \u00e9 disparado contra outro cacique do PSDB que visa a presid\u00eancia da Rep\u00fablica.<\/p>\n","protected":false},"author":1,"featured_media":0,"comment_status":"closed","ping_status":"open","sticky":false,"template":"","format":"standard","meta":{"_exactmetrics_skip_tracking":false,"_exactmetrics_sitenote_active":false,"_exactmetrics_sitenote_note":"","_exactmetrics_sitenote_category":0,"jetpack_post_was_ever_published":false,"_jetpack_newsletter_access":"","_jetpack_dont_email_post_to_subs":false,"_jetpack_newsletter_tier_id":0,"_jetpack_memberships_contains_paywalled_content":false,"_jetpack_memberships_contains_paid_content":false,"footnotes":"","jetpack_publicize_message":"","jetpack_publicize_feature_enabled":true,"jetpack_social_post_already_shared":true,"jetpack_social_options":{"image_generator_settings":{"template":"highway","enabled":false},"version":2}},"categories":[1],"tags":[],"class_list":["post-5465","post","type-post","status-publish","format-standard","hentry","category-notas"],"jetpack_publicize_connections":[],"jetpack_sharing_enabled":true,"jetpack_featured_media_url":"","jetpack_shortlink":"https:\/\/wp.me\/p7wKYW-1q9","jetpack-related-posts":[],"_links":{"self":[{"href":"http:\/\/blogdalucianaoliveira.com.br\/blog\/wp-json\/wp\/v2\/posts\/5465","targetHints":{"allow":["GET"]}}],"collection":[{"href":"http:\/\/blogdalucianaoliveira.com.br\/blog\/wp-json\/wp\/v2\/posts"}],"about":[{"href":"http:\/\/blogdalucianaoliveira.com.br\/blog\/wp-json\/wp\/v2\/types\/post"}],"author":[{"embeddable":true,"href":"http:\/\/blogdalucianaoliveira.com.br\/blog\/wp-json\/wp\/v2\/users\/1"}],"replies":[{"embeddable":true,"href":"http:\/\/blogdalucianaoliveira.com.br\/blog\/wp-json\/wp\/v2\/comments?post=5465"}],"version-history":[{"count":1,"href":"http:\/\/blogdalucianaoliveira.com.br\/blog\/wp-json\/wp\/v2\/posts\/5465\/revisions"}],"predecessor-version":[{"id":5467,"href":"http:\/\/blogdalucianaoliveira.com.br\/blog\/wp-json\/wp\/v2\/posts\/5465\/revisions\/5467"}],"wp:attachment":[{"href":"http:\/\/blogdalucianaoliveira.com.br\/blog\/wp-json\/wp\/v2\/media?parent=5465"}],"wp:term":[{"taxonomy":"category","embeddable":true,"href":"http:\/\/blogdalucianaoliveira.com.br\/blog\/wp-json\/wp\/v2\/categories?post=5465"},{"taxonomy":"post_tag","embeddable":true,"href":"http:\/\/blogdalucianaoliveira.com.br\/blog\/wp-json\/wp\/v2\/tags?post=5465"}],"curies":[{"name":"wp","href":"https:\/\/api.w.org\/{rel}","templated":true}]}}